{"id":15527,"date":"2019-06-26T14:01:24","date_gmt":"2019-06-26T12:01:24","guid":{"rendered":"https:\/\/caracolvan.com\/2025\/01\/24\/essentials-fuer-deine-reise-im-camper\/"},"modified":"2025-06-03T10:36:18","modified_gmt":"2025-06-03T08:36:18","slug":"essentials-fuer-deine-reise-im-camper","status":"publish","type":"post","link":"https:\/\/caracolvan.com\/de\/essentials-fuer-deine-reise-im-camper\/","title":{"rendered":"Essentials f\u00fcr deine Reise im Camper"},"content":{"rendered":"<p>Eine Reise zu unternehmen ist immer aufregend, eine Mischung aus Aufregung und Nervosit\u00e4t, die ihren H\u00f6hepunkt erreicht, wenn es Zeit ist, den Koffer zu packen. Was soll ich mitnehmen? Wie wird das Wetter? Soll ich Flip-Flops und Regenjacke mitnehmen? Erst wenn wir die T\u00fcr unseres Hauses abgeschlossen haben und uns ein paar Meter von unserem Zuhause entfernt haben, sagen wir: \u201eIch habe meinen <strong>Reisepass <\/strong>und meine Brieftasche, das ist alles! Der Rest kann behoben werden.\u201c Wenn unsere <strong>Reise <\/strong>dann auch noch mit dem <strong>Wohnmobil <\/strong>stattfindet, egal ob es das erste Mal ist oder nicht, steigt die Spannung. Haben Sie Handt\u00fccher, eine Taschenlampe usw. dabei? Nun, wir werden versuchen, alle Ihre Zweifel bez\u00fcglich der wesentlichen Dinge auszur\u00e4umen, die <strong>Sie f\u00fcr Ihre Reise mit dem Wohnmobil ben\u00f6tigen<\/strong>, und was Sie am besten in Ihrem Koffer mitnehmen sollten, um Ihren <strong>Urlaub <\/strong>auf einem unvergesslichen <strong>\u201eRoadtrip\u201c<\/strong> zu genie\u00dfen.<\/p>\n<h2>UNVERZICHTBARE CAMPER-AUSR\u00dcSTUNG<\/h2>\n<div id=\"attachment_7795\" style=\"width: 1034px\" class=\"wp-caption alignnone\"><img decoding=\"async\" aria-describedby=\"caption-attachment-7795\" class=\"wp-image-7792 size-large\" title=\"Ausstattung der Caracolvan-Wohnmobile\" src=\"https:\/\/caracolvan.com\/wp-content\/uploads\/2019\/05\/1-Vw-T6-California-equipamiento-cenit-1080x1080-1024x1024.jpg\" alt=\"Ausstattung unserer Caracolvan Mietcamper \" width=\"1024\" height=\"1024\" srcset=\"https:\/\/caracolvan.com\/wp-content\/uploads\/2019\/05\/1-Vw-T6-California-equipamiento-cenit-1080x1080-150x150.jpg 150w, https:\/\/caracolvan.com\/wp-content\/uploads\/2019\/05\/1-Vw-T6-California-equipamiento-cenit-1080x1080-300x300.jpg 300w, https:\/\/caracolvan.com\/wp-content\/uploads\/2019\/05\/1-Vw-T6-California-equipamiento-cenit-1080x1080-768x768.jpg 768w, https:\/\/caracolvan.com\/wp-content\/uploads\/2019\/05\/1-Vw-T6-California-equipamiento-cenit-1080x1080-1024x1024.jpg 1024w, https:\/\/caracolvan.com\/wp-content\/uploads\/2019\/05\/1-Vw-T6-California-equipamiento-cenit-1080x1080.jpg 1080w\" sizes=\"(max-width: 1024px) 100vw, 1024px\" \/><p id=\"caption-attachment-7795\" class=\"wp-caption-text\"><em><span style=\"font-size: 16px;\">Ausstattung der Miet-Wohnmobile von Caracolvan<\/span><\/em><\/p><\/div>\n<p>Fast alle <strong>Wohnmobile <\/strong>oder <strong>Wohnwagen<\/strong>, <strong>ob <\/strong><strong>gemietet <\/strong>oder nicht, sind mit einer Reihe von Grundelementen ausgestattet, die uns ein komfortables <strong>Nomadenleben erm\u00f6glichen<\/strong>. Die <strong>Wohnmobile von Caracolvan zur Miete<\/strong> umfassen au\u00dferdem eine komplette Palette an Zusatzausstattungen, <a href=\"https:\/\/caracolvan.com\/de\/extras\/\"><strong>die im Preis inbegriffen sind<\/strong><\/a>, sodass wir nichts extra mitbringen oder bezahlen m\u00fcssen, um unser kleines Haus auf R\u00e4dern urlaubsbereit zu haben.<\/p>\n<h3>BETTW\u00c4SCHE oder TASCHE?<\/h3>\n<p>Wir beginnen mit dem Einfachsten: einem Bett, in dem Sie bequem und fest schlafen k\u00f6nnen. Die meisten Leute nehmen zum <strong>Campen <\/strong>ihren Schlafsack mit, im <strong>Wohnmobil <\/strong>nehmen wir jedoch lieber unsere Bettdecke und Laken mit. Weil? Denn das Bett bleibt gemacht und mit <strong>Bettw\u00e4sche schl\u00e4ft es sich besser<\/strong>. Deshalb legen wir Ihnen die <strong>entsprechende Bettw\u00e4sche, Laken (Spannbettlaken und Bettbezug) f\u00fcr die Bettdecke und ein paar Kissen gleich bei<\/strong>. Dies ist eine Grundausstattung und in allen <strong>unseren Miettransportern enthalten<\/strong>. Nur wenn Sie zu dritt oder zu viert sind, k\u00f6nnen Sie auf Anfrage ein zus\u00e4tzliches \u201ePaket\u201c f\u00fcr alle Insassen buchen, was einen geringen Aufpreis mit sich bringt. Stehen Sie eher auf Sackleinen? Packen Sie es in Ihren Rucksack und Sie k\u00f6nnen damit immer <strong>einen Tag unter den Sternen schlafen.<\/strong><\/p>\n<p><img decoding=\"async\" class=\"alignnone wp-image-7808 size-large\" title=\"Koffer gepackt f\u00fcr eine Reise mit dem Wohnmobil\" src=\"https:\/\/caracolvan.com\/wp-content\/uploads\/2019\/05\/5-maleta-llena-ropa-1-1024x576.jpg\" alt=\"Wir tragen nie alle Kleidungsst\u00fccke, die wir in unseren Koffer packen.\" width=\"1024\" height=\"576\" srcset=\"https:\/\/caracolvan.com\/wp-content\/uploads\/2019\/05\/5-maleta-llena-ropa-1-300x169.jpg 300w, https:\/\/caracolvan.com\/wp-content\/uploads\/2019\/05\/5-maleta-llena-ropa-1-768x432.jpg 768w, https:\/\/caracolvan.com\/wp-content\/uploads\/2019\/05\/5-maleta-llena-ropa-1-1024x576.jpg 1024w, https:\/\/caracolvan.com\/wp-content\/uploads\/2019\/05\/5-maleta-llena-ropa-1.jpg 1080w\" sizes=\"(max-width: 1024px) 100vw, 1024px\" \/><\/p>\n<p><em>Ich kann einige Ratschl\u00e4ge geben, habe aber selbst keinen: Packen Sie nur die H\u00e4lfte der Kleidung ein, die Sie in den Urlaub mitnehmen m\u00f6chten. Sie werden nie alles verwenden! <\/em><\/p>\n<h3>BAD, HANDT\u00dcCHER UND SHAMPOO<\/h3>\n<p>Strand oder Berge? Es spielt keine Rolle, Sie <strong>haben eine Dusche in Ihrem Van inklusive (<\/strong>mit hei\u00dfem Wasser und drinnen, wenn Sie den <a href=\"https:\/\/caracolvan.com\/de\/maxi-camper-weinsberg-clever\/\"><strong>Maxi Camper<\/strong><\/a> gew\u00e4hlt haben oder drau\u00dfen und mit Wasser bei Raumtemperatur, wenn Sie mit einem <a href=\"https:\/\/caracolvan.com\/de\/volkswagen-t6-california\/\">VW <strong>California <\/strong><\/a>oder <strong>Eco Camper<\/strong> fahren). Deshalb stellen wir Ihnen pro Person ein paar Badet\u00fccher zur Verf\u00fcgung, eines f\u00fcr die Dusche und eines f\u00fcr die H\u00e4nde, und nat\u00fcrlich ein Strandtuch f\u00fcr den Fall, dass Sie ein Bad im Meer oder im Fluss nehmen. Bez\u00fcglich Hygieneartikeln empfehlen wir einen gef\u00fcllten <strong>Kulturbeutel<\/strong>, Duschgel, Shampoo etc. mitzunehmen, auch Flip-Flops sind immer hilfreich und nehmen keinen Platz im Koffer weg. Die <strong>Toilettenchemikalien sind im Mietpreis enthalten<\/strong>, egal ob Sie einen Weisnberg Carabus (Maxi Camper) nehmen oder die <strong>mobile Toilette<\/strong> in einem der anderen Vans anmieten.<\/p>\n<p><img decoding=\"async\" class=\"alignnone wp-image-7796 size-large\" title=\"Alles inklusive in Caracolvan Wohnmobilen\" src=\"https:\/\/caracolvan.com\/wp-content\/uploads\/2019\/05\/2-Vw-T5-California-armario-1-1024x683.jpg\" alt=\"Bettw\u00e4sche und Handt\u00fccher im Mietcamper inklusive\" width=\"1024\" height=\"683\" srcset=\"https:\/\/caracolvan.com\/wp-content\/uploads\/2019\/05\/2-Vw-T5-California-armario-1-300x200.jpg 300w, https:\/\/caracolvan.com\/wp-content\/uploads\/2019\/05\/2-Vw-T5-California-armario-1-768x512.jpg 768w, https:\/\/caracolvan.com\/wp-content\/uploads\/2019\/05\/2-Vw-T5-California-armario-1-1024x683.jpg 1024w, https:\/\/caracolvan.com\/wp-content\/uploads\/2019\/05\/2-Vw-T5-California-armario-1.jpg 1080w\" sizes=\"(max-width: 1024px) 100vw, 1024px\" \/><\/p>\n<p><em>Handt\u00fccher f\u00fcr zwei Personen sind in Ihrem Caracolvan-Mietwagen inbegriffen. Auch ein Strand, damit Sie <a href=\"http:\/\/www.cadizturismo.com\/\">C\u00e1diz <\/a>in vollen Z\u00fcgen genie\u00dfen k\u00f6nnen. Ebenso die Bettw\u00e4sche. <\/em><\/p>\n<h3>ESSEN UND KRATZEN<\/h3>\n<p>Wissen Sie, es geht nur darum, anzufangen. Unsere <strong>Mietwohnmobile sind mit einer <\/strong>voll <strong>funktionsf\u00e4higen K\u00fcche <\/strong>ausgestattet. Komm, wenn du Lust und Zeit hast, kannst du einen Linseneintopf machen. Ein oder zwei Gasbrenner (die erste F\u00fcllung ist inklusive), eine <strong>Sp\u00fcle <\/strong>und ein <strong>Kompressork\u00fchlschrank <\/strong>(ein richtiger), der k\u00fchlt und das Bier sch\u00f6n kalt h\u00e4lt. Au\u00dferdem ist alles dabei, <strong>was man zum Essen<\/strong> (Teller, Gl\u00e4ser, Besteck\u2026) <strong>und zum Kochen<\/strong> (Bratpfannen, Auflaufformen, Schneidebrett\u2026) braucht. Ahhh, der Schnellkochtopf f\u00fcr die Linsen ist optional ;-). Wichtig: <strong>italienische Kaffeemaschine<\/strong> f\u00fcr Kaffeeliebhaber. Ob man dann t\u00e4glich im Van essen oder sich an den Spezialit\u00e4ten der Region erfreuen m\u00f6chte, bleibt jedem selbst \u00fcberlassen. Damit Ihr Budget nicht zu sehr sprengt, empfehlen wir Ihnen, die Mahlzeiten abwechslungsreich zu gestalten, indem Sie das <strong>Essen im Van mit Mittag-\/Abendessen au\u00dfer Haus abwechseln<\/strong>. Machen Sie Ihre Eink\u00e4ufe jedoch lieber in den <strong>Gesch\u00e4ften vor Ort<\/strong>, denn auch die <strong>Gastronomie der einzelnen St\u00e4dte<\/strong> h\u00e4lt immer wieder \u00dcberraschendes bereit.<\/p>\n<h4>HOSE oder ROCK<\/h4>\n<p>Kleidung ist f\u00fcr jeden Menschen eine Welt, aber eines ist universell. <strong>Wir tragen immer mehr Dinge in unserem Koffer mit uns herum, als wir brauche<\/strong>n. Unter Ber\u00fccksichtigung der Jahreszeit und des Reiseziels werden wir die g\u00e4ngigsten Dinge einbeziehen. Das ist logisch. Aber dann ist es das \u201enur f\u00fcr den Fall\u201c, das uns bei <a href=\"https:\/\/www.ryanair.com\" target=\"_blank\" rel=\"noopener noreferrer\">Ryanair <\/a>den Garaus macht. Am besten tragen Sie auf Reisen mit dem <strong>Wohnmobil bequeme<\/strong> und <strong>vielseitige Kleidung<\/strong>, etwas <strong>Warmes <\/strong>und nat\u00fcrlich einen <strong>Badeanzug<\/strong>. Und das alles in einem <strong>weichen Koffer<\/strong> verpackt, da der <strong>Camper \u00fcber<\/strong> eigene <strong>Schr\u00e4nke <\/strong>verf\u00fcgt, in denen wir alles ordnen und den Koffer anschlie\u00dfend zusammenfalten und in den Kofferraum legen k\u00f6nnen. Hartschalenkoffer sind im leeren Zustand eine Qual, da sie den ganzen Tag damit verbracht werden, von hinten nach vorne zu wandern. Vergessen wir nicht, dass es auf den meisten Campingpl\u00e4tzen und in den St\u00e4dten W\u00e4schereien gibt, wo wir bei einem langen Urlaub unsere <a href=\"https:\/\/caracolvan.com\/2017\/12\/27\/como-lavar-la-ropa-cuando-se-va-en-furgoneta\/\"><strong>W\u00e4sche <\/strong><\/a>waschen k\u00f6nnen und nicht f\u00fcr jeden Reisetag saubere Wechselkleidung mitbringen m\u00fcssen.<\/p>\n<p><img decoding=\"async\" class=\"alignnone wp-image-7800 size-large\" title=\"Ihr Gep\u00e4ck in einem weichen Koffer f\u00fcr Reisen im Van\" src=\"https:\/\/caracolvan.com\/wp-content\/uploads\/2019\/05\/3-maleta-blanda-vs-maleta-dura-1-1024x683.jpg\" alt=\"Im Van ist ein weicher Koffer sinnvoller.\" width=\"1024\" height=\"683\" srcset=\"https:\/\/caracolvan.com\/wp-content\/uploads\/2019\/05\/3-maleta-blanda-vs-maleta-dura-1-300x200.jpg 300w, https:\/\/caracolvan.com\/wp-content\/uploads\/2019\/05\/3-maleta-blanda-vs-maleta-dura-1-768x512.jpg 768w, https:\/\/caracolvan.com\/wp-content\/uploads\/2019\/05\/3-maleta-blanda-vs-maleta-dura-1-1024x683.jpg 1024w, https:\/\/caracolvan.com\/wp-content\/uploads\/2019\/05\/3-maleta-blanda-vs-maleta-dura-1.jpg 1080w\" sizes=\"(max-width: 1024px) 100vw, 1024px\" \/><\/p>\n<p><em>F\u00fcr Reisen mit dem Wohnmobil bietet sich ein Weichkoffer an, da die Kleidung so im Kleiderschrank verstaut werden kann und nicht im Weg ist.<\/em><\/p>\n<h4>ABENTEUER UND FREIZEIT<\/h4>\n<p>Das Beste am <strong>Reisen im Wohnmobil <\/strong>ist, dass wir unseren Hobbys so nahe wie m\u00f6glich kommen k\u00f6nnen, egal was uns am besten gef\u00e4llt, sei es <strong>Kitesurfen<\/strong>, <strong>H\u00f6hlenerkundung <\/strong>oder Essen in <strong>3-Sterne-Michelin-Restaurants<\/strong>, nichts spricht dagegen, in ein <strong>Wohnmobil<\/strong>. Wer gern taucht, nimmt die entsprechende Ausr\u00fcstung mit. Wenn Casinos Ihr Ding sind, dann nehmen Sie den Smoking und die 500-Euro-Scheine mit. <strong>Unsere Wohnmobilreise<\/strong> kann im direkten Kontakt mit der <strong>Natur <\/strong>oder zu 100 % <strong>kulturell <\/strong>sein, wir k\u00f6nnen verloren auf dem Land oder mitten in der Stadt \u00fcbernachten. Aufwachen an einem Strand oder am Fu\u00dfe eines Marktes oder Fischmarkts \u2026 was auch immer uns am besten gef\u00e4llt. Abh\u00e4ngig davon muss jeder das Notwendige mit sich f\u00fchren, um seiner Leidenschaft nachgehen zu k\u00f6nnen. Wir stellen einen Tisch und ein paar Gartenst\u00fchle zur Verf\u00fcgung, <strong>damit Sie die Umgebung genie\u00dfen k\u00f6nnen<\/strong>, sei es ein Wald oder eine D\u00fcne. #vanleben<\/p>\n<p><img decoding=\"async\" class=\"alignnone wp-image-7804 size-large\" title=\"Tisch und Stuhl f\u00fcr den Au\u00dfenbereich im Caracolvan enthalten\" src=\"https:\/\/caracolvan.com\/wp-content\/uploads\/2019\/05\/4-Camper-sillas-mesa-exterior-1-1024x768.jpg\" alt=\"Tisch und St\u00fchle f\u00fcr den Au\u00dfenbereich sind in den Mietwohnmobilen von Caracolvan enthalten \" width=\"1024\" height=\"768\" srcset=\"https:\/\/caracolvan.com\/wp-content\/uploads\/2019\/05\/4-Camper-sillas-mesa-exterior-1-300x225.jpg 300w, https:\/\/caracolvan.com\/wp-content\/uploads\/2019\/05\/4-Camper-sillas-mesa-exterior-1-768x576.jpg 768w, https:\/\/caracolvan.com\/wp-content\/uploads\/2019\/05\/4-Camper-sillas-mesa-exterior-1-1024x768.jpg 1024w, https:\/\/caracolvan.com\/wp-content\/uploads\/2019\/05\/4-Camper-sillas-mesa-exterior-1.jpg 1080w\" sizes=\"(max-width: 1024px) 100vw, 1024px\" \/><\/p>\n<p><em>Mit einem Wohnmobil oder Camper sind Sie in vollem Kontakt mit der Natur. Wir stellen den Van, den Tisch und die Gartenst\u00fchle zur Verf\u00fcgung, Sie w\u00e4hlen den Standort.<\/em><\/p>\n<p>Nat\u00fcrlich k\u00f6nnen ein Paar Wanderstiefel, ein gutes Buch oder etwas Musik f\u00fcr den Ausflug auch nie schaden. Um unterwegs Musik genie\u00dfen zu k\u00f6nnen, verf\u00fcgen unsere Vans und <strong>Wohnmobile <\/strong>\u00fcber einen Kabelanschluss (USB oder Mini-Klinke) oder Bluetooth (je nach Modell). Wir haben auch eine Taschenlampe mitgeliefert, aber wenn Sie zu denen geh\u00f6ren, die lange aufbleiben, kann es nie schaden, eine Stirnlampe dabei zu haben, damit Sie die H\u00e4nde frei haben, wenn die Sonne untergeht \u2026<\/p>\n<h3>GEPLANTE REISE ODER OHNE REGELN<\/h3>\n<p>Das h\u00e4ngt von der Pers\u00f6nlichkeit jedes Einzelnen ab. Sie k\u00f6nnen eine vollst\u00e4ndig geplante Reise haben, bei der die Route, die Schlafpl\u00e4tze (<strong>Wohnmobilstellpl\u00e4tze oder Campingpl\u00e4tze<\/strong>) und die Eintrittskarten f\u00fcr kulturelle Besuche bereits gekauft sind, oder Sie kommen mit einem Rucksack an und machen sich auf den Weg. Wohin auch immer der Wind Sie tr\u00e4gt Du. Es ist f\u00fcr jeden etwas dabei und es muss f\u00fcr beide Zwecke n\u00fctzlich sein, entweder um Ihnen Zeit zu geben, die Reise zu planen und sich vorzustellen oder um nicht nerv\u00f6s zu werden, wenn Sie bis zur letzten Stunde nicht wissen, wo Sie landen werden der Nacht.<\/p>\n<p><img decoding=\"async\" class=\"alignnone wp-image-7812 size-large\" title=\"Eine Karte und ein Reisef\u00fchrer f\u00fcr Ihren Roadtrip\" src=\"https:\/\/caracolvan.com\/wp-content\/uploads\/2019\/05\/6-Planificar-viaje-camper-1-1024x683.jpg\" alt=\"Reiseplanung vor der Reise\" width=\"1024\" height=\"683\" srcset=\"https:\/\/caracolvan.com\/wp-content\/uploads\/2019\/05\/6-Planificar-viaje-camper-1-300x200.jpg 300w, https:\/\/caracolvan.com\/wp-content\/uploads\/2019\/05\/6-Planificar-viaje-camper-1-768x512.jpg 768w, https:\/\/caracolvan.com\/wp-content\/uploads\/2019\/05\/6-Planificar-viaje-camper-1-1024x683.jpg 1024w, https:\/\/caracolvan.com\/wp-content\/uploads\/2019\/05\/6-Planificar-viaje-camper-1.jpg 1080w\" sizes=\"(max-width: 1024px) 100vw, 1024px\" \/><\/p>\n<p><em>Ein wenig Reiseplanung im Voraus ist keine schlechte Idee, aber bedenken Sie, Sie reisen in einem Van und k\u00f6nnen Ihr Ziel jeden Tag frei w\u00e4hlen. Schr\u00e4nken Sie Ihre Planung nicht zu sehr ein. Sie wissen nie, was oder wen Sie unterwegs treffen werden. <\/em><\/p>\n<p>Unsere Empfehlung ist, sich <strong>eine <\/strong>ungef\u00e4hre <strong>Vorstellung von der Gegend zu machen<\/strong>, in die man reist, die besten Optionen f\u00fcr einen Besuch zu kennen und dann mit der <strong>Planung kurzfristigerer<\/strong> Dinge zu beginnen, denn man wei\u00df nie, welchen wunderbaren Ort man finden k\u00f6nnte\u2026 <strong>Das Gute an Das Reisen mit einem Camper oder Wohnmobil hat den Vorteil, dass Sie improvisieren k\u00f6nnen<\/strong>, da Sie alles dabei haben, was Sie brauchen. <strong>#homeiswhereyouparkit<\/strong> Dar\u00fcber hinaus k\u00f6nnen wir heutzutage mit mobilen <strong>Anwendungen <\/strong>f\u00fcr Karten und \u00dcbernachtungsm\u00f6glichkeiten (<strong><a href=\"https:\/\/park4night.com\/\" target=\"_blank\" rel=\"noopener noreferrer\">Park4night<\/a><\/strong>, <a href=\"https:\/\/www.campercontact.com\/\" target=\"_blank\" rel=\"noopener noreferrer\"><strong>Campercontact<\/strong><\/a>...) unsere Reise direkt vor Ort planen.<\/p>\n<p><img decoding=\"async\" class=\"alignnone wp-image-7788 size-large\" title=\"Laden Sie die Park4Night- und CamperContact-Apps herunter\" src=\"https:\/\/caracolvan.com\/wp-content\/uploads\/2019\/05\/7-APP-Camper-Park4night-1-1024x1024.jpg\" alt=\"beste App Park4Night oder CamperContact\" width=\"1024\" height=\"1024\" srcset=\"https:\/\/caracolvan.com\/wp-content\/uploads\/2019\/05\/7-APP-Camper-Park4night-1-150x150.jpg 150w, https:\/\/caracolvan.com\/wp-content\/uploads\/2019\/05\/7-APP-Camper-Park4night-1-300x300.jpg 300w, https:\/\/caracolvan.com\/wp-content\/uploads\/2019\/05\/7-APP-Camper-Park4night-1-768x768.jpg 768w, https:\/\/caracolvan.com\/wp-content\/uploads\/2019\/05\/7-APP-Camper-Park4night-1-1024x1024.jpg 1024w, https:\/\/caracolvan.com\/wp-content\/uploads\/2019\/05\/7-APP-Camper-Park4night-1.jpg 1920w\" sizes=\"(max-width: 1024px) 100vw, 1024px\" \/><\/p>\n<p><em>Bei der Entscheidung, welche Route man nehmen oder wo man heute Nacht schlafen m\u00f6chte, sind Anwendungen f\u00fcr Mobiltelefone und Tablets sehr hilfreich. Wir empfehlen Park4Night oder CamperContact. <\/em><\/p>\n<p>Sie erhalten von uns eine <strong>gedruckte Karte<\/strong> und einige <strong>Empfehlungen <\/strong>f\u00fcr die Gegend. Und nat\u00fcrlich sagen wir Ihnen auf Anfrage auch,<strong> wo Sie die sch\u00f6nsten Orte mit unserem\/Ihrem Wohnmobil genie\u00dfen k\u00f6nnen<\/strong>. Zusammenfassend m\u00fcssen wir vor Reiseantritt einige wichtige Dinge f\u00fcr Ihre <strong>Reise im Wohnmobil vorbereiten<\/strong>: - Gep\u00e4ck in einem weichen Koffer. - Die H\u00e4lfte der Kleidung, die Sie mitnehmen wollten. -Badeanzug. -Flip-Flops. -Bequeme Turnschuhe oder Stiefel. -Sonnencreme. -Kulturbeutel mit Gel und Shampoo. - Warme Kleidung. -Musik auf Mobilger\u00e4t oder USB. -Stirnlampe oder Taschenlampe. -Mobile Anwendungen (Park4Night, CamperContact)<\/p>\n","protected":false},"excerpt":{"rendered":"<p>Eine Reise zu unternehmen ist immer aufregend, eine Mischung aus  [...]<\/p>\n","protected":false},"author":6,"featured_media":7795,"comment_status":"closed","ping_status":"open","sticky":false,"template":"","format":"standard","meta":{"_joinchat":[],"footnotes":""},"categories":[58,57],"tags":[],"class_list":["post-15527","post","type-post","status-publish","format-standard","has-post-thumbnail","hentry","category-camper-tipps","category-camper-van-routen"],"yoast_head":"<!-- This site is optimized with the Yoast SEO Premium plugin v27.5 (Yoast SEO v27.5) - https:\/\/yoast.com\/product\/yoast-seo-premium-wordpress\/ -->\n<title>Essentials f\u00fcr deine Reise im Camper - Alquiler Camper Rental - Caracolvan<\/title>\n<meta name=\"robots\" content=\"index, follow, max-snippet:-1, max-image-preview:large, max-video-preview:-1\" \/>\n<link rel=\"canonical\" href=\"https:\/\/caracolvan.com\/de\/essentials-fuer-deine-reise-im-camper\/\" \/>\n<meta property=\"og:locale\" content=\"de_DE\" \/>\n<meta property=\"og:type\" content=\"article\" \/>\n<meta property=\"og:title\" content=\"Essentials f\u00fcr deine Reise im Camper\" \/>\n<meta property=\"og:description\" content=\"Eine Reise zu unternehmen ist immer aufregend, eine Mischung aus [...]\" \/>\n<meta property=\"og:url\" content=\"https:\/\/caracolvan.com\/de\/essentials-fuer-deine-reise-im-camper\/\" \/>\n<meta property=\"og:site_name\" content=\"Alquiler Camper Rental - Caracolvan\" \/>\n<meta property=\"article:publisher\" content=\"https:\/\/www.facebook.com\/Caracolvan\/\" \/>\n<meta property=\"article:published_time\" content=\"2019-06-26T12:01:24+00:00\" \/>\n<meta property=\"article:modified_time\" content=\"2025-06-03T08:36:18+00:00\" \/>\n<meta property=\"og:image\" content=\"https:\/\/caracolvan.com\/wp-content\/uploads\/2019\/05\/1-Vw-T6-California-equipamiento-cenit-1080x1080.jpg\" \/>\n\t<meta property=\"og:image:width\" content=\"1080\" \/>\n\t<meta property=\"og:image:height\" content=\"1080\" \/>\n\t<meta property=\"og:image:type\" content=\"image\/jpeg\" \/>\n<meta name=\"author\" content=\"Jorge\" \/>\n<meta name=\"twitter:card\" content=\"summary_large_image\" \/>\n<meta name=\"twitter:creator\" content=\"@Caracolvan\" \/>\n<meta name=\"twitter:site\" content=\"@Caracolvan\" \/>\n<meta name=\"twitter:label1\" content=\"Verfasst von\" \/>\n\t<meta name=\"twitter:data1\" content=\"Jorge\" \/>\n\t<meta name=\"twitter:label2\" content=\"Gesch\u00e4tzte Lesezeit\" \/>\n\t<meta name=\"twitter:data2\" content=\"9\u00a0Minuten\" \/>\n<script type=\"application\/ld+json\" class=\"yoast-schema-graph\">{\"@context\":\"https:\\\/\\\/schema.org\",\"@graph\":[{\"@type\":\"Article\",\"@id\":\"https:\\\/\\\/caracolvan.com\\\/de\\\/essentials-fuer-deine-reise-im-camper\\\/#article\",\"isPartOf\":{\"@id\":\"https:\\\/\\\/caracolvan.com\\\/de\\\/essentials-fuer-deine-reise-im-camper\\\/\"},\"author\":{\"name\":\"Jorge\",\"@id\":\"https:\\\/\\\/caracolvan.com\\\/de\\\/#\\\/schema\\\/person\\\/b4ee1d9d66b0f57fab2365931cb6fa0c\"},\"headline\":\"Essentials f\u00fcr deine Reise im Camper\",\"datePublished\":\"2019-06-26T12:01:24+00:00\",\"dateModified\":\"2025-06-03T08:36:18+00:00\",\"mainEntityOfPage\":{\"@id\":\"https:\\\/\\\/caracolvan.com\\\/de\\\/essentials-fuer-deine-reise-im-camper\\\/\"},\"wordCount\":1631,\"publisher\":{\"@id\":\"https:\\\/\\\/caracolvan.com\\\/de\\\/#organization\"},\"image\":{\"@id\":\"https:\\\/\\\/caracolvan.com\\\/de\\\/essentials-fuer-deine-reise-im-camper\\\/#primaryimage\"},\"thumbnailUrl\":\"https:\\\/\\\/caracolvan.com\\\/wp-content\\\/uploads\\\/2019\\\/05\\\/1-Vw-T6-California-equipamiento-cenit-1080x1080.jpg\",\"articleSection\":[\"Camper Tipps\",\"Camper Van Routen\"],\"inLanguage\":\"de\"},{\"@type\":\"WebPage\",\"@id\":\"https:\\\/\\\/caracolvan.com\\\/de\\\/essentials-fuer-deine-reise-im-camper\\\/\",\"url\":\"https:\\\/\\\/caracolvan.com\\\/de\\\/essentials-fuer-deine-reise-im-camper\\\/\",\"name\":\"Essentials f\u00fcr deine Reise im Camper - Alquiler Camper Rental - Caracolvan\",\"isPartOf\":{\"@id\":\"https:\\\/\\\/caracolvan.com\\\/de\\\/#website\"},\"primaryImageOfPage\":{\"@id\":\"https:\\\/\\\/caracolvan.com\\\/de\\\/essentials-fuer-deine-reise-im-camper\\\/#primaryimage\"},\"image\":{\"@id\":\"https:\\\/\\\/caracolvan.com\\\/de\\\/essentials-fuer-deine-reise-im-camper\\\/#primaryimage\"},\"thumbnailUrl\":\"https:\\\/\\\/caracolvan.com\\\/wp-content\\\/uploads\\\/2019\\\/05\\\/1-Vw-T6-California-equipamiento-cenit-1080x1080.jpg\",\"datePublished\":\"2019-06-26T12:01:24+00:00\",\"dateModified\":\"2025-06-03T08:36:18+00:00\",\"breadcrumb\":{\"@id\":\"https:\\\/\\\/caracolvan.com\\\/de\\\/essentials-fuer-deine-reise-im-camper\\\/#breadcrumb\"},\"inLanguage\":\"de\",\"potentialAction\":[{\"@type\":\"ReadAction\",\"target\":[\"https:\\\/\\\/caracolvan.com\\\/de\\\/essentials-fuer-deine-reise-im-camper\\\/\"]}]},{\"@type\":\"ImageObject\",\"inLanguage\":\"de\",\"@id\":\"https:\\\/\\\/caracolvan.com\\\/de\\\/essentials-fuer-deine-reise-im-camper\\\/#primaryimage\",\"url\":\"https:\\\/\\\/caracolvan.com\\\/wp-content\\\/uploads\\\/2019\\\/05\\\/1-Vw-T6-California-equipamiento-cenit-1080x1080.jpg\",\"contentUrl\":\"https:\\\/\\\/caracolvan.com\\\/wp-content\\\/uploads\\\/2019\\\/05\\\/1-Vw-T6-California-equipamiento-cenit-1080x1080.jpg\",\"width\":1080,\"height\":1080,\"caption\":\"DCIM101MEDIADJI_0018.JPG\"},{\"@type\":\"BreadcrumbList\",\"@id\":\"https:\\\/\\\/caracolvan.com\\\/de\\\/essentials-fuer-deine-reise-im-camper\\\/#breadcrumb\",\"itemListElement\":[{\"@type\":\"ListItem\",\"position\":1,\"name\":\"Portada\",\"item\":\"https:\\\/\\\/caracolvan.com\\\/de\\\/\"},{\"@type\":\"ListItem\",\"position\":2,\"name\":\"Essentials f\u00fcr deine Reise im Camper\"}]},{\"@type\":\"WebSite\",\"@id\":\"https:\\\/\\\/caracolvan.com\\\/de\\\/#website\",\"url\":\"https:\\\/\\\/caracolvan.com\\\/de\\\/\",\"name\":\"Alquiler Camper Rental - Caracolvan\",\"description\":\"Alquiler de furgonetas camper y autocaravanas\",\"publisher\":{\"@id\":\"https:\\\/\\\/caracolvan.com\\\/de\\\/#organization\"},\"potentialAction\":[{\"@type\":\"SearchAction\",\"target\":{\"@type\":\"EntryPoint\",\"urlTemplate\":\"https:\\\/\\\/caracolvan.com\\\/de\\\/?s={search_term_string}\"},\"query-input\":{\"@type\":\"PropertyValueSpecification\",\"valueRequired\":true,\"valueName\":\"search_term_string\"}}],\"inLanguage\":\"de\"},{\"@type\":\"Organization\",\"@id\":\"https:\\\/\\\/caracolvan.com\\\/de\\\/#organization\",\"name\":\"Caracolvan\",\"url\":\"https:\\\/\\\/caracolvan.com\\\/de\\\/\",\"logo\":{\"@type\":\"ImageObject\",\"inLanguage\":\"de\",\"@id\":\"https:\\\/\\\/caracolvan.com\\\/de\\\/#\\\/schema\\\/logo\\\/image\\\/\",\"url\":\"https:\\\/\\\/caracolvan.com\\\/wp-content\\\/uploads\\\/2023\\\/08\\\/caracolvan-logotipo.jpg\",\"contentUrl\":\"https:\\\/\\\/caracolvan.com\\\/wp-content\\\/uploads\\\/2023\\\/08\\\/caracolvan-logotipo.jpg\",\"width\":696,\"height\":696,\"caption\":\"Caracolvan\"},\"image\":{\"@id\":\"https:\\\/\\\/caracolvan.com\\\/de\\\/#\\\/schema\\\/logo\\\/image\\\/\"},\"sameAs\":[\"https:\\\/\\\/www.facebook.com\\\/Caracolvan\\\/\",\"https:\\\/\\\/x.com\\\/Caracolvan\"]},{\"@type\":\"Person\",\"@id\":\"https:\\\/\\\/caracolvan.com\\\/de\\\/#\\\/schema\\\/person\\\/b4ee1d9d66b0f57fab2365931cb6fa0c\",\"name\":\"Jorge\",\"image\":{\"@type\":\"ImageObject\",\"inLanguage\":\"de\",\"@id\":\"https:\\\/\\\/secure.gravatar.com\\\/avatar\\\/32b15fa67b35ee4565f15bb93c02391de591c520b3184e84d6a09d30fa592da2?s=96&d=mm&r=g\",\"url\":\"https:\\\/\\\/secure.gravatar.com\\\/avatar\\\/32b15fa67b35ee4565f15bb93c02391de591c520b3184e84d6a09d30fa592da2?s=96&d=mm&r=g\",\"contentUrl\":\"https:\\\/\\\/secure.gravatar.com\\\/avatar\\\/32b15fa67b35ee4565f15bb93c02391de591c520b3184e84d6a09d30fa592da2?s=96&d=mm&r=g\",\"caption\":\"Jorge\"},\"url\":\"https:\\\/\\\/caracolvan.com\\\/de\\\/author\\\/jorge-jit\\\/\"}]}<\/script>\n<!-- \/ Yoast SEO Premium plugin. -->","yoast_head_json":{"title":"Essentials f\u00fcr deine Reise im Camper - Alquiler Camper Rental - Caracolvan","robots":{"index":"index","follow":"follow","max-snippet":"max-snippet:-1","max-image-preview":"max-image-preview:large","max-video-preview":"max-video-preview:-1"},"canonical":"https:\/\/caracolvan.com\/de\/essentials-fuer-deine-reise-im-camper\/","og_locale":"de_DE","og_type":"article","og_title":"Essentials f\u00fcr deine Reise im Camper","og_description":"Eine Reise zu unternehmen ist immer aufregend, eine Mischung aus [...]","og_url":"https:\/\/caracolvan.com\/de\/essentials-fuer-deine-reise-im-camper\/","og_site_name":"Alquiler Camper Rental - Caracolvan","article_publisher":"https:\/\/www.facebook.com\/Caracolvan\/","article_published_time":"2019-06-26T12:01:24+00:00","article_modified_time":"2025-06-03T08:36:18+00:00","og_image":[{"width":1080,"height":1080,"url":"https:\/\/caracolvan.com\/wp-content\/uploads\/2019\/05\/1-Vw-T6-California-equipamiento-cenit-1080x1080.jpg","type":"image\/jpeg"}],"author":"Jorge","twitter_card":"summary_large_image","twitter_creator":"@Caracolvan","twitter_site":"@Caracolvan","twitter_misc":{"Verfasst von":"Jorge","Gesch\u00e4tzte Lesezeit":"9\u00a0Minuten"},"schema":{"@context":"https:\/\/schema.org","@graph":[{"@type":"Article","@id":"https:\/\/caracolvan.com\/de\/essentials-fuer-deine-reise-im-camper\/#article","isPartOf":{"@id":"https:\/\/caracolvan.com\/de\/essentials-fuer-deine-reise-im-camper\/"},"author":{"name":"Jorge","@id":"https:\/\/caracolvan.com\/de\/#\/schema\/person\/b4ee1d9d66b0f57fab2365931cb6fa0c"},"headline":"Essentials f\u00fcr deine Reise im Camper","datePublished":"2019-06-26T12:01:24+00:00","dateModified":"2025-06-03T08:36:18+00:00","mainEntityOfPage":{"@id":"https:\/\/caracolvan.com\/de\/essentials-fuer-deine-reise-im-camper\/"},"wordCount":1631,"publisher":{"@id":"https:\/\/caracolvan.com\/de\/#organization"},"image":{"@id":"https:\/\/caracolvan.com\/de\/essentials-fuer-deine-reise-im-camper\/#primaryimage"},"thumbnailUrl":"https:\/\/caracolvan.com\/wp-content\/uploads\/2019\/05\/1-Vw-T6-California-equipamiento-cenit-1080x1080.jpg","articleSection":["Camper Tipps","Camper Van Routen"],"inLanguage":"de"},{"@type":"WebPage","@id":"https:\/\/caracolvan.com\/de\/essentials-fuer-deine-reise-im-camper\/","url":"https:\/\/caracolvan.com\/de\/essentials-fuer-deine-reise-im-camper\/","name":"Essentials f\u00fcr deine Reise im Camper - Alquiler Camper Rental - Caracolvan","isPartOf":{"@id":"https:\/\/caracolvan.com\/de\/#website"},"primaryImageOfPage":{"@id":"https:\/\/caracolvan.com\/de\/essentials-fuer-deine-reise-im-camper\/#primaryimage"},"image":{"@id":"https:\/\/caracolvan.com\/de\/essentials-fuer-deine-reise-im-camper\/#primaryimage"},"thumbnailUrl":"https:\/\/caracolvan.com\/wp-content\/uploads\/2019\/05\/1-Vw-T6-California-equipamiento-cenit-1080x1080.jpg","datePublished":"2019-06-26T12:01:24+00:00","dateModified":"2025-06-03T08:36:18+00:00","breadcrumb":{"@id":"https:\/\/caracolvan.com\/de\/essentials-fuer-deine-reise-im-camper\/#breadcrumb"},"inLanguage":"de","potentialAction":[{"@type":"ReadAction","target":["https:\/\/caracolvan.com\/de\/essentials-fuer-deine-reise-im-camper\/"]}]},{"@type":"ImageObject","inLanguage":"de","@id":"https:\/\/caracolvan.com\/de\/essentials-fuer-deine-reise-im-camper\/#primaryimage","url":"https:\/\/caracolvan.com\/wp-content\/uploads\/2019\/05\/1-Vw-T6-California-equipamiento-cenit-1080x1080.jpg","contentUrl":"https:\/\/caracolvan.com\/wp-content\/uploads\/2019\/05\/1-Vw-T6-California-equipamiento-cenit-1080x1080.jpg","width":1080,"height":1080,"caption":"DCIM101MEDIADJI_0018.JPG"},{"@type":"BreadcrumbList","@id":"https:\/\/caracolvan.com\/de\/essentials-fuer-deine-reise-im-camper\/#breadcrumb","itemListElement":[{"@type":"ListItem","position":1,"name":"Portada","item":"https:\/\/caracolvan.com\/de\/"},{"@type":"ListItem","position":2,"name":"Essentials f\u00fcr deine Reise im Camper"}]},{"@type":"WebSite","@id":"https:\/\/caracolvan.com\/de\/#website","url":"https:\/\/caracolvan.com\/de\/","name":"Alquiler Camper Rental - Caracolvan","description":"Alquiler de furgonetas camper y autocaravanas","publisher":{"@id":"https:\/\/caracolvan.com\/de\/#organization"},"potentialAction":[{"@type":"SearchAction","target":{"@type":"EntryPoint","urlTemplate":"https:\/\/caracolvan.com\/de\/?s={search_term_string}"},"query-input":{"@type":"PropertyValueSpecification","valueRequired":true,"valueName":"search_term_string"}}],"inLanguage":"de"},{"@type":"Organization","@id":"https:\/\/caracolvan.com\/de\/#organization","name":"Caracolvan","url":"https:\/\/caracolvan.com\/de\/","logo":{"@type":"ImageObject","inLanguage":"de","@id":"https:\/\/caracolvan.com\/de\/#\/schema\/logo\/image\/","url":"https:\/\/caracolvan.com\/wp-content\/uploads\/2023\/08\/caracolvan-logotipo.jpg","contentUrl":"https:\/\/caracolvan.com\/wp-content\/uploads\/2023\/08\/caracolvan-logotipo.jpg","width":696,"height":696,"caption":"Caracolvan"},"image":{"@id":"https:\/\/caracolvan.com\/de\/#\/schema\/logo\/image\/"},"sameAs":["https:\/\/www.facebook.com\/Caracolvan\/","https:\/\/x.com\/Caracolvan"]},{"@type":"Person","@id":"https:\/\/caracolvan.com\/de\/#\/schema\/person\/b4ee1d9d66b0f57fab2365931cb6fa0c","name":"Jorge","image":{"@type":"ImageObject","inLanguage":"de","@id":"https:\/\/secure.gravatar.com\/avatar\/32b15fa67b35ee4565f15bb93c02391de591c520b3184e84d6a09d30fa592da2?s=96&d=mm&r=g","url":"https:\/\/secure.gravatar.com\/avatar\/32b15fa67b35ee4565f15bb93c02391de591c520b3184e84d6a09d30fa592da2?s=96&d=mm&r=g","contentUrl":"https:\/\/secure.gravatar.com\/avatar\/32b15fa67b35ee4565f15bb93c02391de591c520b3184e84d6a09d30fa592da2?s=96&d=mm&r=g","caption":"Jorge"},"url":"https:\/\/caracolvan.com\/de\/author\/jorge-jit\/"}]}},"_links":{"self":[{"href":"https:\/\/caracolvan.com\/de\/wp-json\/wp\/v2\/posts\/15527","targetHints":{"allow":["GET"]}}],"collection":[{"href":"https:\/\/caracolvan.com\/de\/wp-json\/wp\/v2\/posts"}],"about":[{"href":"https:\/\/caracolvan.com\/de\/wp-json\/wp\/v2\/types\/post"}],"author":[{"embeddable":true,"href":"https:\/\/caracolvan.com\/de\/wp-json\/wp\/v2\/users\/6"}],"replies":[{"embeddable":true,"href":"https:\/\/caracolvan.com\/de\/wp-json\/wp\/v2\/comments?post=15527"}],"version-history":[{"count":2,"href":"https:\/\/caracolvan.com\/de\/wp-json\/wp\/v2\/posts\/15527\/revisions"}],"predecessor-version":[{"id":15811,"href":"https:\/\/caracolvan.com\/de\/wp-json\/wp\/v2\/posts\/15527\/revisions\/15811"}],"wp:featuredmedia":[{"embeddable":true,"href":"https:\/\/caracolvan.com\/de\/wp-json\/wp\/v2\/media\/7795"}],"wp:attachment":[{"href":"https:\/\/caracolvan.com\/de\/wp-json\/wp\/v2\/media?parent=15527"}],"wp:term":[{"taxonomy":"category","embeddable":true,"href":"https:\/\/caracolvan.com\/de\/wp-json\/wp\/v2\/categories?post=15527"},{"taxonomy":"post_tag","embeddable":true,"href":"https:\/\/caracolvan.com\/de\/wp-json\/wp\/v2\/tags?post=15527"}],"curies":[{"name":"wp","href":"https:\/\/api.w.org\/{rel}","templated":true}]}}