{"id":15595,"date":"2017-12-27T13:02:30","date_gmt":"2017-12-27T11:02:30","guid":{"rendered":"https:\/\/caracolvan.com\/2025\/03\/11\/der-vw-t2-camper-und-caracolvan-in-20-minuten\/"},"modified":"2025-05-30T12:56:36","modified_gmt":"2025-05-30T10:56:36","slug":"der-vw-t2-camper-und-caracolvan-in-20-minuten","status":"publish","type":"post","link":"https:\/\/caracolvan.com\/de\/der-vw-t2-camper-und-caracolvan-in-20-minuten\/","title":{"rendered":"Der Vw T2 Camper und Caracolvan in \u201e20 Minuten\u201c"},"content":{"rendered":"<p style=\"margin-bottom: 0cm; font-weight: normal; text-align: justify;\">In regelm\u00e4\u00dfigen Abst\u00e4nden \u00fcber aktuelle Benachrichtigungen hinaus, mehr oder weniger gl\u00fccklicherweise, wurde der <em><strong>Vw T2 Camper Kombi <\/strong><\/em>von ihnen nicht als Protagonisten angesehen. In j\u00fcngster Zeit (Dezember 2013 in Brasilien) wurde die mitrei\u00dfende <em><strong>VW-Mischung<\/strong><\/em> mehr als einmal auf die B\u00fchne gebracht.<\/p>\n<p>&nbsp;<\/p>\n<p style=\"margin-bottom: 0cm; font-weight: normal; text-align: justify;\">Dies geschah in der kostenlosen Monatserg\u00e4nzung \u201e20 Minuten\u201c von Luc\u00eda Burbano, die einen interessanten Bericht \u00fcber unsere Frage \u201e<em>Volkswagen T2, Kombi, Bulli<\/em>\u201c oder \u201eQueramos llamarla\u201c erstellt hat.<\/p>\n<p>&nbsp;<\/p>\n<p style=\"margin-bottom: 0cm; font-weight: normal; text-align: justify;\"><em><strong>Vw Camper Geist<\/strong><\/em><\/p>\n<p>&nbsp;<\/p>\n<p style=\"margin-bottom: 0cm; font-weight: normal; text-align: justify;\">Als sich herausstellte, dass <em><strong>Vw gerade<\/strong><\/em> dabei war, ein Fahrzeug direkt in ein anderes Fahrzeug umzuwandeln, ist es f\u00fcr uns umso wichtiger, dass ich ihm die Aura der Freiheit und den guten Ruf, den ich vermisse, mit meiner \u00fcber 50 Dollar teuren Mechanik beschert habe Jahre.<\/p>\n<p>&nbsp;<\/p>\n<p style=\"margin-bottom: 0cm; font-weight: normal; text-align: justify;\">Um dies zu belegen, finden wir im Bericht verschiedene Meinungen und Erfahrungen, die Liebhaber dieser <em><strong>VW-Transporter<\/strong><\/em> gemacht haben. Die Jungs vom <em><strong>FurgoVw-Forum<\/strong><\/em> und die Produzenten der Serie \u201e<em><strong>Furgoaddictes<\/strong><\/em>\u201c kommen ebenso zu Wort wie Ant\u00f3n Calder\u00f3n und Mar\u00eda Royo, die am Steuer eines <em><strong>Vw T2 Camper<\/strong><\/em> mehr als 20.000 km durch Lateinamerika gereist sind, oder einige alte Bekannte, wie Fran von \u201e<em><strong>Karvans<\/strong><\/em>\u201c in Sevilla, die f\u00fcr die Wartung einiger unserer <em><strong>klassischen Vw-Vans zur Miete zust\u00e4ndig ist.<\/strong><\/em><\/p>\n<p>&nbsp;<\/p>\n<p style=\"margin-bottom: 0cm; font-weight: normal; text-align: justify;\"><em><strong>Die Caracolvan Wohnmobilvermietung<\/strong><\/em> hat auch ihren Platz in diesem Bericht, da unsere Verbindung mit der deutschen Marke und dem <em><strong>Camper-Geist<\/strong><\/em> sehr stark ist, da wir <em><strong>Vw T2 Camper, Vw T3 California und Vw T5 California Vans zur Vermietung haben.<\/strong><\/em><\/p>\n<p>&nbsp;<\/p>\n<p class=\"img_redondeada_y_sombreada\"><span lang=\"es\"><span style=\"font-weight: normal;\"><span lang=\"es\"><span style=\"font-weight: normal;\"><span lang=\"es\"><span style=\"font-weight: normal;\"><span lang=\"es\"><span style=\"font-weight: normal;\"><img decoding=\"async\" id=\"Alquila una furgoneta Camper\" style=\"width: 533px; height: 374px;\" title=\"Furgos Wohnmobilvermietung\" src=\"https:\/\/caracolvan.com\/wp-content\/uploads\/2017\/12\/aper-reportaje-20min-jun-2014-low.jpg\" alt=\"Caracolvan Wohnmobilvermietung Andalusien\" \/><\/span><\/span><\/span><\/span><\/span><\/span><\/span><\/span><\/p>\n<p>&nbsp;<\/p>\n<p style=\"margin-bottom: 0cm; text-align: justify;\">Sie k\u00f6nnen ihn <a id=\"20 Minutos Vw T2 Kombi\" href=\"http:\/\/www.20minutos.es\/noticia\/2151577\/0\/kombi\/mito\/fabricacion\/\" target=\"_blank\" rel=\"noopener\"><em><strong>hier <\/strong><\/em><\/a>als Webversion lesen oder als <strong><a href=\"http:\/\/cdn.20minutos.es\/edicionimpresa\/mensual\/14\/05\/MENS_67.pdf?1401272705\" target=\"_blank\" rel=\"noopener\">PDF<\/a><\/strong>-Datei herunterladen.<\/p>\n<p>&nbsp;<\/p>\n","protected":false},"excerpt":{"rendered":"<p>In regelm\u00e4\u00dfigen Abst\u00e4nden \u00fcber aktuelle Benachrichtigungen hinaus, mehr oder weniger  [...]<\/p>\n","protected":false},"author":4,"featured_media":2291,"comment_status":"closed","ping_status":"open","sticky":false,"template":"","format":"standard","meta":{"_joinchat":[],"footnotes":""},"categories":[53,56],"tags":[],"class_list":["post-15595","post","type-post","status-publish","format-standard","has-post-thumbnail","hentry","category-camper-geschichten","category-caracolvan-neuigkeiten"],"yoast_head":"<!-- This site is optimized with the Yoast SEO Premium plugin v27.2 (Yoast SEO v27.2) - https:\/\/yoast.com\/product\/yoast-seo-premium-wordpress\/ -->\n<title>Der Vw T2 Camper und Caracolvan in 20 Minuten - Blog Caracolvan<\/title>\n<meta name=\"description\" content=\"Der Vw T2 Camper Kombi, wie aus seiner j\u00fcngsten Produktion hervorgeht, und Caracolvan gaben innerhalb von 20 Minuten eine Mitteilung ab.\" \/>\n<meta name=\"robots\" content=\"index, follow, max-snippet:-1, max-image-preview:large, max-video-preview:-1\" \/>\n<link rel=\"canonical\" href=\"https:\/\/caracolvan.com\/de\/der-vw-t2-camper-und-caracolvan-in-20-minuten\/\" \/>\n<meta property=\"og:locale\" content=\"de_DE\" \/>\n<meta property=\"og:type\" content=\"article\" \/>\n<meta property=\"og:title\" content=\"Der Vw T2 Camper und Caracolvan in \u201e20 Minuten\u201c\" \/>\n<meta property=\"og:description\" content=\"Der Vw T2 Camper Kombi, wie aus seiner j\u00fcngsten Produktion hervorgeht, und Caracolvan gaben innerhalb von 20 Minuten eine Mitteilung ab.\" \/>\n<meta property=\"og:url\" content=\"https:\/\/caracolvan.com\/de\/der-vw-t2-camper-und-caracolvan-in-20-minuten\/\" \/>\n<meta property=\"og:site_name\" content=\"Alquiler Camper Rental - Caracolvan\" \/>\n<meta property=\"article:publisher\" content=\"https:\/\/www.facebook.com\/Caracolvan\/\" \/>\n<meta property=\"article:published_time\" content=\"2017-12-27T11:02:30+00:00\" \/>\n<meta property=\"article:modified_time\" content=\"2025-05-30T10:56:36+00:00\" \/>\n<meta property=\"og:image\" content=\"https:\/\/caracolvan.com\/wp-content\/uploads\/2017\/12\/aper-reportaje-20min-jun-2014-low.jpg\" \/>\n\t<meta property=\"og:image:width\" content=\"533\" \/>\n\t<meta property=\"og:image:height\" content=\"374\" \/>\n\t<meta property=\"og:image:type\" content=\"image\/jpeg\" \/>\n<meta name=\"author\" content=\"Nacho Fern\u00e1ndez del Blanco\" \/>\n<meta name=\"twitter:card\" content=\"summary_large_image\" \/>\n<meta name=\"twitter:creator\" content=\"@Caracolvan\" \/>\n<meta name=\"twitter:site\" content=\"@Caracolvan\" \/>\n<meta name=\"twitter:label1\" content=\"Verfasst von\" \/>\n\t<meta name=\"twitter:data1\" content=\"Nacho Fern\u00e1ndez del Blanco\" \/>\n\t<meta name=\"twitter:label2\" content=\"Gesch\u00e4tzte Lesezeit\" \/>\n\t<meta name=\"twitter:data2\" content=\"2\u00a0Minuten\" \/>\n<script type=\"application\/ld+json\" class=\"yoast-schema-graph\">{\"@context\":\"https:\/\/schema.org\",\"@graph\":[{\"@type\":\"Article\",\"@id\":\"https:\/\/caracolvan.com\/de\/der-vw-t2-camper-und-caracolvan-in-20-minuten\/#article\",\"isPartOf\":{\"@id\":\"https:\/\/caracolvan.com\/de\/der-vw-t2-camper-und-caracolvan-in-20-minuten\/\"},\"author\":{\"name\":\"Nacho Fern\u00e1ndez del Blanco\",\"@id\":\"https:\/\/caracolvan.com\/de\/#\/schema\/person\/4082cf95fd1be29a0f617f570d486970\"},\"headline\":\"Der Vw T2 Camper und Caracolvan in \u201e20 Minuten\u201c\",\"datePublished\":\"2017-12-27T11:02:30+00:00\",\"dateModified\":\"2025-05-30T10:56:36+00:00\",\"mainEntityOfPage\":{\"@id\":\"https:\/\/caracolvan.com\/de\/der-vw-t2-camper-und-caracolvan-in-20-minuten\/\"},\"wordCount\":270,\"publisher\":{\"@id\":\"https:\/\/caracolvan.com\/de\/#organization\"},\"image\":{\"@id\":\"https:\/\/caracolvan.com\/de\/der-vw-t2-camper-und-caracolvan-in-20-minuten\/#primaryimage\"},\"thumbnailUrl\":\"https:\/\/caracolvan.com\/wp-content\/uploads\/2017\/12\/aper-reportaje-20min-jun-2014-low.jpg\",\"articleSection\":[\"Camper Geschichten\",\"Caracolvan Neuigkeiten\"],\"inLanguage\":\"de\"},{\"@type\":\"WebPage\",\"@id\":\"https:\/\/caracolvan.com\/de\/der-vw-t2-camper-und-caracolvan-in-20-minuten\/\",\"url\":\"https:\/\/caracolvan.com\/de\/der-vw-t2-camper-und-caracolvan-in-20-minuten\/\",\"name\":\"Der Vw T2 Camper und Caracolvan in 20 Minuten - Blog Caracolvan\",\"isPartOf\":{\"@id\":\"https:\/\/caracolvan.com\/de\/#website\"},\"primaryImageOfPage\":{\"@id\":\"https:\/\/caracolvan.com\/de\/der-vw-t2-camper-und-caracolvan-in-20-minuten\/#primaryimage\"},\"image\":{\"@id\":\"https:\/\/caracolvan.com\/de\/der-vw-t2-camper-und-caracolvan-in-20-minuten\/#primaryimage\"},\"thumbnailUrl\":\"https:\/\/caracolvan.com\/wp-content\/uploads\/2017\/12\/aper-reportaje-20min-jun-2014-low.jpg\",\"datePublished\":\"2017-12-27T11:02:30+00:00\",\"dateModified\":\"2025-05-30T10:56:36+00:00\",\"description\":\"Der Vw T2 Camper Kombi, wie aus seiner j\u00fcngsten Produktion hervorgeht, und Caracolvan gaben innerhalb von 20 Minuten eine Mitteilung ab.\",\"breadcrumb\":{\"@id\":\"https:\/\/caracolvan.com\/de\/der-vw-t2-camper-und-caracolvan-in-20-minuten\/#breadcrumb\"},\"inLanguage\":\"de\",\"potentialAction\":[{\"@type\":\"ReadAction\",\"target\":[\"https:\/\/caracolvan.com\/de\/der-vw-t2-camper-und-caracolvan-in-20-minuten\/\"]}]},{\"@type\":\"ImageObject\",\"inLanguage\":\"de\",\"@id\":\"https:\/\/caracolvan.com\/de\/der-vw-t2-camper-und-caracolvan-in-20-minuten\/#primaryimage\",\"url\":\"https:\/\/caracolvan.com\/wp-content\/uploads\/2017\/12\/aper-reportaje-20min-jun-2014-low.jpg\",\"contentUrl\":\"https:\/\/caracolvan.com\/wp-content\/uploads\/2017\/12\/aper-reportaje-20min-jun-2014-low.jpg\",\"width\":533,\"height\":374,\"caption\":\"Der Vw T2 Camper und Caracolvan in \\\"20 Minuten\\\"\"},{\"@type\":\"BreadcrumbList\",\"@id\":\"https:\/\/caracolvan.com\/de\/der-vw-t2-camper-und-caracolvan-in-20-minuten\/#breadcrumb\",\"itemListElement\":[{\"@type\":\"ListItem\",\"position\":1,\"name\":\"Portada\",\"item\":\"https:\/\/caracolvan.com\/de\/\"},{\"@type\":\"ListItem\",\"position\":2,\"name\":\"Der Vw T2 Camper und Caracolvan in \u201e20 Minuten\u201c\"}]},{\"@type\":\"WebSite\",\"@id\":\"https:\/\/caracolvan.com\/de\/#website\",\"url\":\"https:\/\/caracolvan.com\/de\/\",\"name\":\"Alquiler Camper Rental - Caracolvan\",\"description\":\"Alquiler de furgonetas camper y autocaravanas\",\"publisher\":{\"@id\":\"https:\/\/caracolvan.com\/de\/#organization\"},\"potentialAction\":[{\"@type\":\"SearchAction\",\"target\":{\"@type\":\"EntryPoint\",\"urlTemplate\":\"https:\/\/caracolvan.com\/de\/?s={search_term_string}\"},\"query-input\":{\"@type\":\"PropertyValueSpecification\",\"valueRequired\":true,\"valueName\":\"search_term_string\"}}],\"inLanguage\":\"de\"},{\"@type\":\"Organization\",\"@id\":\"https:\/\/caracolvan.com\/de\/#organization\",\"name\":\"Caracolvan\",\"url\":\"https:\/\/caracolvan.com\/de\/\",\"logo\":{\"@type\":\"ImageObject\",\"inLanguage\":\"de\",\"@id\":\"https:\/\/caracolvan.com\/de\/#\/schema\/logo\/image\/\",\"url\":\"https:\/\/caracolvan.com\/wp-content\/uploads\/2023\/08\/caracolvan-logotipo.jpg\",\"contentUrl\":\"https:\/\/caracolvan.com\/wp-content\/uploads\/2023\/08\/caracolvan-logotipo.jpg\",\"width\":696,\"height\":696,\"caption\":\"Caracolvan\"},\"image\":{\"@id\":\"https:\/\/caracolvan.com\/de\/#\/schema\/logo\/image\/\"},\"sameAs\":[\"https:\/\/www.facebook.com\/Caracolvan\/\",\"https:\/\/x.com\/Caracolvan\"]},{\"@type\":\"Person\",\"@id\":\"https:\/\/caracolvan.com\/de\/#\/schema\/person\/4082cf95fd1be29a0f617f570d486970\",\"name\":\"Nacho Fern\u00e1ndez del Blanco\",\"image\":{\"@type\":\"ImageObject\",\"inLanguage\":\"de\",\"@id\":\"https:\/\/secure.gravatar.com\/avatar\/5f8fedd8535cdaa35a42bf0efb2be3e81fcaa7f2be2f6f0c41a988485f85d39d?s=96&d=mm&r=g\",\"url\":\"https:\/\/secure.gravatar.com\/avatar\/5f8fedd8535cdaa35a42bf0efb2be3e81fcaa7f2be2f6f0c41a988485f85d39d?s=96&d=mm&r=g\",\"contentUrl\":\"https:\/\/secure.gravatar.com\/avatar\/5f8fedd8535cdaa35a42bf0efb2be3e81fcaa7f2be2f6f0c41a988485f85d39d?s=96&d=mm&r=g\",\"caption\":\"Nacho Fern\u00e1ndez del Blanco\"},\"url\":\"https:\/\/caracolvan.com\/de\/author\/nacho\/\"}]}<\/script>\n<!-- \/ Yoast SEO Premium plugin. -->","yoast_head_json":{"title":"Der Vw T2 Camper und Caracolvan in 20 Minuten - Blog Caracolvan","description":"Der Vw T2 Camper Kombi, wie aus seiner j\u00fcngsten Produktion hervorgeht, und Caracolvan gaben innerhalb von 20 Minuten eine Mitteilung ab.","robots":{"index":"index","follow":"follow","max-snippet":"max-snippet:-1","max-image-preview":"max-image-preview:large","max-video-preview":"max-video-preview:-1"},"canonical":"https:\/\/caracolvan.com\/de\/der-vw-t2-camper-und-caracolvan-in-20-minuten\/","og_locale":"de_DE","og_type":"article","og_title":"Der Vw T2 Camper und Caracolvan in \u201e20 Minuten\u201c","og_description":"Der Vw T2 Camper Kombi, wie aus seiner j\u00fcngsten Produktion hervorgeht, und Caracolvan gaben innerhalb von 20 Minuten eine Mitteilung ab.","og_url":"https:\/\/caracolvan.com\/de\/der-vw-t2-camper-und-caracolvan-in-20-minuten\/","og_site_name":"Alquiler Camper Rental - Caracolvan","article_publisher":"https:\/\/www.facebook.com\/Caracolvan\/","article_published_time":"2017-12-27T11:02:30+00:00","article_modified_time":"2025-05-30T10:56:36+00:00","og_image":[{"width":533,"height":374,"url":"https:\/\/caracolvan.com\/wp-content\/uploads\/2017\/12\/aper-reportaje-20min-jun-2014-low.jpg","type":"image\/jpeg"}],"author":"Nacho Fern\u00e1ndez del Blanco","twitter_card":"summary_large_image","twitter_creator":"@Caracolvan","twitter_site":"@Caracolvan","twitter_misc":{"Verfasst von":"Nacho Fern\u00e1ndez del Blanco","Gesch\u00e4tzte Lesezeit":"2\u00a0Minuten"},"schema":{"@context":"https:\/\/schema.org","@graph":[{"@type":"Article","@id":"https:\/\/caracolvan.com\/de\/der-vw-t2-camper-und-caracolvan-in-20-minuten\/#article","isPartOf":{"@id":"https:\/\/caracolvan.com\/de\/der-vw-t2-camper-und-caracolvan-in-20-minuten\/"},"author":{"name":"Nacho Fern\u00e1ndez del Blanco","@id":"https:\/\/caracolvan.com\/de\/#\/schema\/person\/4082cf95fd1be29a0f617f570d486970"},"headline":"Der Vw T2 Camper und Caracolvan in \u201e20 Minuten\u201c","datePublished":"2017-12-27T11:02:30+00:00","dateModified":"2025-05-30T10:56:36+00:00","mainEntityOfPage":{"@id":"https:\/\/caracolvan.com\/de\/der-vw-t2-camper-und-caracolvan-in-20-minuten\/"},"wordCount":270,"publisher":{"@id":"https:\/\/caracolvan.com\/de\/#organization"},"image":{"@id":"https:\/\/caracolvan.com\/de\/der-vw-t2-camper-und-caracolvan-in-20-minuten\/#primaryimage"},"thumbnailUrl":"https:\/\/caracolvan.com\/wp-content\/uploads\/2017\/12\/aper-reportaje-20min-jun-2014-low.jpg","articleSection":["Camper Geschichten","Caracolvan Neuigkeiten"],"inLanguage":"de"},{"@type":"WebPage","@id":"https:\/\/caracolvan.com\/de\/der-vw-t2-camper-und-caracolvan-in-20-minuten\/","url":"https:\/\/caracolvan.com\/de\/der-vw-t2-camper-und-caracolvan-in-20-minuten\/","name":"Der Vw T2 Camper und Caracolvan in 20 Minuten - Blog Caracolvan","isPartOf":{"@id":"https:\/\/caracolvan.com\/de\/#website"},"primaryImageOfPage":{"@id":"https:\/\/caracolvan.com\/de\/der-vw-t2-camper-und-caracolvan-in-20-minuten\/#primaryimage"},"image":{"@id":"https:\/\/caracolvan.com\/de\/der-vw-t2-camper-und-caracolvan-in-20-minuten\/#primaryimage"},"thumbnailUrl":"https:\/\/caracolvan.com\/wp-content\/uploads\/2017\/12\/aper-reportaje-20min-jun-2014-low.jpg","datePublished":"2017-12-27T11:02:30+00:00","dateModified":"2025-05-30T10:56:36+00:00","description":"Der Vw T2 Camper Kombi, wie aus seiner j\u00fcngsten Produktion hervorgeht, und Caracolvan gaben innerhalb von 20 Minuten eine Mitteilung ab.","breadcrumb":{"@id":"https:\/\/caracolvan.com\/de\/der-vw-t2-camper-und-caracolvan-in-20-minuten\/#breadcrumb"},"inLanguage":"de","potentialAction":[{"@type":"ReadAction","target":["https:\/\/caracolvan.com\/de\/der-vw-t2-camper-und-caracolvan-in-20-minuten\/"]}]},{"@type":"ImageObject","inLanguage":"de","@id":"https:\/\/caracolvan.com\/de\/der-vw-t2-camper-und-caracolvan-in-20-minuten\/#primaryimage","url":"https:\/\/caracolvan.com\/wp-content\/uploads\/2017\/12\/aper-reportaje-20min-jun-2014-low.jpg","contentUrl":"https:\/\/caracolvan.com\/wp-content\/uploads\/2017\/12\/aper-reportaje-20min-jun-2014-low.jpg","width":533,"height":374,"caption":"Der Vw T2 Camper und Caracolvan in \"20 Minuten\""},{"@type":"BreadcrumbList","@id":"https:\/\/caracolvan.com\/de\/der-vw-t2-camper-und-caracolvan-in-20-minuten\/#breadcrumb","itemListElement":[{"@type":"ListItem","position":1,"name":"Portada","item":"https:\/\/caracolvan.com\/de\/"},{"@type":"ListItem","position":2,"name":"Der Vw T2 Camper und Caracolvan in \u201e20 Minuten\u201c"}]},{"@type":"WebSite","@id":"https:\/\/caracolvan.com\/de\/#website","url":"https:\/\/caracolvan.com\/de\/","name":"Alquiler Camper Rental - Caracolvan","description":"Alquiler de furgonetas camper y autocaravanas","publisher":{"@id":"https:\/\/caracolvan.com\/de\/#organization"},"potentialAction":[{"@type":"SearchAction","target":{"@type":"EntryPoint","urlTemplate":"https:\/\/caracolvan.com\/de\/?s={search_term_string}"},"query-input":{"@type":"PropertyValueSpecification","valueRequired":true,"valueName":"search_term_string"}}],"inLanguage":"de"},{"@type":"Organization","@id":"https:\/\/caracolvan.com\/de\/#organization","name":"Caracolvan","url":"https:\/\/caracolvan.com\/de\/","logo":{"@type":"ImageObject","inLanguage":"de","@id":"https:\/\/caracolvan.com\/de\/#\/schema\/logo\/image\/","url":"https:\/\/caracolvan.com\/wp-content\/uploads\/2023\/08\/caracolvan-logotipo.jpg","contentUrl":"https:\/\/caracolvan.com\/wp-content\/uploads\/2023\/08\/caracolvan-logotipo.jpg","width":696,"height":696,"caption":"Caracolvan"},"image":{"@id":"https:\/\/caracolvan.com\/de\/#\/schema\/logo\/image\/"},"sameAs":["https:\/\/www.facebook.com\/Caracolvan\/","https:\/\/x.com\/Caracolvan"]},{"@type":"Person","@id":"https:\/\/caracolvan.com\/de\/#\/schema\/person\/4082cf95fd1be29a0f617f570d486970","name":"Nacho Fern\u00e1ndez del Blanco","image":{"@type":"ImageObject","inLanguage":"de","@id":"https:\/\/secure.gravatar.com\/avatar\/5f8fedd8535cdaa35a42bf0efb2be3e81fcaa7f2be2f6f0c41a988485f85d39d?s=96&d=mm&r=g","url":"https:\/\/secure.gravatar.com\/avatar\/5f8fedd8535cdaa35a42bf0efb2be3e81fcaa7f2be2f6f0c41a988485f85d39d?s=96&d=mm&r=g","contentUrl":"https:\/\/secure.gravatar.com\/avatar\/5f8fedd8535cdaa35a42bf0efb2be3e81fcaa7f2be2f6f0c41a988485f85d39d?s=96&d=mm&r=g","caption":"Nacho Fern\u00e1ndez del Blanco"},"url":"https:\/\/caracolvan.com\/de\/author\/nacho\/"}]}},"_links":{"self":[{"href":"https:\/\/caracolvan.com\/de\/wp-json\/wp\/v2\/posts\/15595","targetHints":{"allow":["GET"]}}],"collection":[{"href":"https:\/\/caracolvan.com\/de\/wp-json\/wp\/v2\/posts"}],"about":[{"href":"https:\/\/caracolvan.com\/de\/wp-json\/wp\/v2\/types\/post"}],"author":[{"embeddable":true,"href":"https:\/\/caracolvan.com\/de\/wp-json\/wp\/v2\/users\/4"}],"replies":[{"embeddable":true,"href":"https:\/\/caracolvan.com\/de\/wp-json\/wp\/v2\/comments?post=15595"}],"version-history":[{"count":1,"href":"https:\/\/caracolvan.com\/de\/wp-json\/wp\/v2\/posts\/15595\/revisions"}],"predecessor-version":[{"id":15800,"href":"https:\/\/caracolvan.com\/de\/wp-json\/wp\/v2\/posts\/15595\/revisions\/15800"}],"wp:featuredmedia":[{"embeddable":true,"href":"https:\/\/caracolvan.com\/de\/wp-json\/wp\/v2\/media\/2291"}],"wp:attachment":[{"href":"https:\/\/caracolvan.com\/de\/wp-json\/wp\/v2\/media?parent=15595"}],"wp:term":[{"taxonomy":"category","embeddable":true,"href":"https:\/\/caracolvan.com\/de\/wp-json\/wp\/v2\/categories?post=15595"},{"taxonomy":"post_tag","embeddable":true,"href":"https:\/\/caracolvan.com\/de\/wp-json\/wp\/v2\/tags?post=15595"}],"curies":[{"name":"wp","href":"https:\/\/api.w.org\/{rel}","templated":true}]}}