{"id":15648,"date":"2017-12-27T12:37:12","date_gmt":"2017-12-27T10:37:12","guid":{"rendered":"https:\/\/caracolvan.com\/2025\/03\/19\/komm-zur-affenwoche\/"},"modified":"2025-05-30T12:40:25","modified_gmt":"2025-05-30T10:40:25","slug":"komm-zur-affenwoche","status":"publish","type":"post","link":"https:\/\/caracolvan.com\/de\/komm-zur-affenwoche\/","title":{"rendered":"Komm zur Affenwoche!"},"content":{"rendered":"<p>&nbsp;<\/p>\n<div>\n<p style=\"margin-bottom: 0cm; font-weight: normal; text-align: justify;\">Eine Neuauflage von Spaniens bedeutendstem <strong>Independent-Musikfestival<\/strong>, <strong>\u201eMonkey Week\u201c<\/strong>, findet am Wochenende des <strong>10., 11. und 12. Oktober<\/strong> in <strong>El Puerto de Santa Mar\u00eda, C\u00e1diz, Spanien,<\/strong> statt. Das \u201eMonkey\u201c ist nicht einfach nur ein weiteres Sommer-Musikfestival; es ist mehr als das. Es ist ein <strong>Treffpunkt<\/strong>, an dem sich nach dem Sommer alles trifft, was mit <b>Independent-Musik<\/b> zu tun hat.<\/p>\n<p>&nbsp;<\/p>\n<h2 style=\"margin-bottom: 0cm; font-weight: normal; text-align: justify;\"><strong>Neue Ausgabe der Monkey Week<\/strong><\/h2>\n<p>&nbsp;<\/p>\n<p style=\"font-weight: normal; text-align: justify;\"><strong>Hunderte von K\u00fcnstlern und Fachleuten sowie Presse, Produzenten und die \u00d6ffentlichkeit treffen<\/strong> sich ein Wochenende lang in den Stra\u00dfen und Bars von <strong>El Puerto de Santa Mar\u00eda im spanischen C\u00e1diz<\/strong> und schaffen so ein einzigartiges <b>Diskussionsforum <\/b>in einer sehr angenehmen und entspannten Atmosph\u00e4re.<\/p>\n<p>&nbsp;<\/p>\n<p class=\"img_redondeada_y_sombreada\"><span lang=\"es\"><span style=\"font-weight: normal;\"><span lang=\"es\"><span style=\"font-weight: normal;\"><span lang=\"es\"><span style=\"font-weight: normal;\"><span lang=\"es\"><span style=\"font-weight: normal;\"><img decoding=\"async\" id=\"Campervan RV rental Seville Andalusia, Spain\" style=\"width: 533px; height: 756px;\" title=\"Monkey Week Line-Up Cadiz Spanien\" src=\"https:\/\/caracolvan.com\/wp-content\/uploads\/2017\/12\/monkey-week-14.jpg\" alt=\"Affenwoche El Puerto de Santa Maria Cadiz Spanien\" \/><\/span><\/span><\/span><\/span><\/span><\/span><\/span><\/span><\/p>\n<p>&nbsp;<\/p>\n<p style=\"text-align: justify;\"><span style=\"font-weight: normal;\"> Das <strong>Lineup <\/strong>ist wie jedes Jahr eine endlose Liste unabh\u00e4ngiger Bands f\u00fcr jeden Geschmack. Von hier wird zweifellos die Zukunft der Musik in <strong>Spanien<\/strong> und dar\u00fcber hinaus kommen. Aber das Beste ist, dass all diese Leute nicht nur zum Spielen oder Tanzen kommen. Sie kommen auch, um an den <strong>vielen Aktivit\u00e4ten teilzunehmen<\/strong>. Jedes Jahr startet die Organisation in verschiedenen Szenarien: <\/span><b>Konferenzen<\/b><span style=\"font-weight: normal;\">, <\/span><b>Round Tables<\/b><span style=\"font-weight: normal;\">, <\/span><b>Interviews<\/b><span style=\"font-weight: normal;\">, <\/span><b>Workshops<\/b><span style=\"font-weight: normal;\">...<\/span><\/p>\n<p>&nbsp;<\/p>\n<p style=\"margin-bottom: 0cm; font-weight: normal; text-align: justify;\"><strong>Wirst du es vermissen?<\/strong><\/p>\n<p>&nbsp;<\/p>\n<p style=\"margin-bottom: 0cm; text-align: justify;\"><span style=\"font-weight: normal;\">Weitere Informationen unter:<\/span> <b>http:\/\/monkeyweek.org\/<\/b><\/p>\n<\/div>\n<p>&nbsp;<\/p>\n","protected":false},"excerpt":{"rendered":"<p>&nbsp; Eine Neuauflage von Spaniens bedeutendstem Independent-Musikfestival, \u201eMonkey Week\u201c, findet  [...]<\/p>\n","protected":false},"author":4,"featured_media":2321,"comment_status":"closed","ping_status":"open","sticky":false,"template":"","format":"standard","meta":{"_joinchat":[],"footnotes":""},"categories":[54],"tags":[],"class_list":["post-15648","post","type-post","status-publish","format-standard","has-post-thumbnail","hentry","category-camper-van-daten"],"yoast_head":"<!-- This site is optimized with the Yoast SEO Premium plugin v27.2 (Yoast SEO v27.2) - https:\/\/yoast.com\/product\/yoast-seo-premium-wordpress\/ -->\n<title>Komm zur Affenwoche! - Caracolvan Blog - Transportervermietung<\/title>\n<meta name=\"description\" content=\"Die neueste Ausgabe des wichtigsten unabh\u00e4ngigen Musikfestivals unseres Landes, Monkey Week, findet in El Puerto de Santa Mar\u00eda, C\u00e1diz, Spanien statt.\" \/>\n<meta name=\"robots\" content=\"index, follow, max-snippet:-1, max-image-preview:large, max-video-preview:-1\" \/>\n<link rel=\"canonical\" href=\"https:\/\/caracolvan.com\/de\/komm-zur-affenwoche\/\" \/>\n<meta property=\"og:locale\" content=\"de_DE\" \/>\n<meta property=\"og:type\" content=\"article\" \/>\n<meta property=\"og:title\" content=\"Komm zur Affenwoche!\" \/>\n<meta property=\"og:description\" content=\"Die neueste Ausgabe des wichtigsten unabh\u00e4ngigen Musikfestivals unseres Landes, Monkey Week, findet in El Puerto de Santa Mar\u00eda, C\u00e1diz, Spanien statt.\" \/>\n<meta property=\"og:url\" content=\"https:\/\/caracolvan.com\/de\/komm-zur-affenwoche\/\" \/>\n<meta property=\"og:site_name\" content=\"Alquiler Camper Rental - Caracolvan\" \/>\n<meta property=\"article:publisher\" content=\"https:\/\/www.facebook.com\/Caracolvan\/\" \/>\n<meta property=\"article:published_time\" content=\"2017-12-27T10:37:12+00:00\" \/>\n<meta property=\"article:modified_time\" content=\"2025-05-30T10:40:25+00:00\" \/>\n<meta property=\"og:image\" content=\"https:\/\/caracolvan.com\/wp-content\/uploads\/2017\/12\/monkey-week-14.jpg\" \/>\n\t<meta property=\"og:image:width\" content=\"677\" \/>\n\t<meta property=\"og:image:height\" content=\"960\" \/>\n\t<meta property=\"og:image:type\" content=\"image\/jpeg\" \/>\n<meta name=\"author\" content=\"Nacho Fern\u00e1ndez del Blanco\" \/>\n<meta name=\"twitter:card\" content=\"summary_large_image\" \/>\n<meta name=\"twitter:creator\" content=\"@Caracolvan\" \/>\n<meta name=\"twitter:site\" content=\"@Caracolvan\" \/>\n<meta name=\"twitter:label1\" content=\"Verfasst von\" \/>\n\t<meta name=\"twitter:data1\" content=\"Nacho Fern\u00e1ndez del Blanco\" \/>\n\t<meta name=\"twitter:label2\" content=\"Gesch\u00e4tzte Lesezeit\" \/>\n\t<meta name=\"twitter:data2\" content=\"2\u00a0Minuten\" \/>\n<script type=\"application\/ld+json\" class=\"yoast-schema-graph\">{\"@context\":\"https:\/\/schema.org\",\"@graph\":[{\"@type\":\"Article\",\"@id\":\"https:\/\/caracolvan.com\/de\/komm-zur-affenwoche\/#article\",\"isPartOf\":{\"@id\":\"https:\/\/caracolvan.com\/de\/komm-zur-affenwoche\/\"},\"author\":{\"name\":\"Nacho Fern\u00e1ndez del Blanco\",\"@id\":\"https:\/\/caracolvan.com\/de\/#\/schema\/person\/4082cf95fd1be29a0f617f570d486970\"},\"headline\":\"Komm zur Affenwoche!\",\"datePublished\":\"2017-12-27T10:37:12+00:00\",\"dateModified\":\"2025-05-30T10:40:25+00:00\",\"mainEntityOfPage\":{\"@id\":\"https:\/\/caracolvan.com\/de\/komm-zur-affenwoche\/\"},\"wordCount\":200,\"publisher\":{\"@id\":\"https:\/\/caracolvan.com\/de\/#organization\"},\"image\":{\"@id\":\"https:\/\/caracolvan.com\/de\/komm-zur-affenwoche\/#primaryimage\"},\"thumbnailUrl\":\"https:\/\/caracolvan.com\/wp-content\/uploads\/2017\/12\/monkey-week-14.jpg\",\"articleSection\":[\"Camper Van Daten\"],\"inLanguage\":\"de\"},{\"@type\":\"WebPage\",\"@id\":\"https:\/\/caracolvan.com\/de\/komm-zur-affenwoche\/\",\"url\":\"https:\/\/caracolvan.com\/de\/komm-zur-affenwoche\/\",\"name\":\"Komm zur Affenwoche! - Caracolvan Blog - Transportervermietung\",\"isPartOf\":{\"@id\":\"https:\/\/caracolvan.com\/de\/#website\"},\"primaryImageOfPage\":{\"@id\":\"https:\/\/caracolvan.com\/de\/komm-zur-affenwoche\/#primaryimage\"},\"image\":{\"@id\":\"https:\/\/caracolvan.com\/de\/komm-zur-affenwoche\/#primaryimage\"},\"thumbnailUrl\":\"https:\/\/caracolvan.com\/wp-content\/uploads\/2017\/12\/monkey-week-14.jpg\",\"datePublished\":\"2017-12-27T10:37:12+00:00\",\"dateModified\":\"2025-05-30T10:40:25+00:00\",\"description\":\"Die neueste Ausgabe des wichtigsten unabh\u00e4ngigen Musikfestivals unseres Landes, Monkey Week, findet in El Puerto de Santa Mar\u00eda, C\u00e1diz, Spanien statt.\",\"breadcrumb\":{\"@id\":\"https:\/\/caracolvan.com\/de\/komm-zur-affenwoche\/#breadcrumb\"},\"inLanguage\":\"de\",\"potentialAction\":[{\"@type\":\"ReadAction\",\"target\":[\"https:\/\/caracolvan.com\/de\/komm-zur-affenwoche\/\"]}]},{\"@type\":\"ImageObject\",\"inLanguage\":\"de\",\"@id\":\"https:\/\/caracolvan.com\/de\/komm-zur-affenwoche\/#primaryimage\",\"url\":\"https:\/\/caracolvan.com\/wp-content\/uploads\/2017\/12\/monkey-week-14.jpg\",\"contentUrl\":\"https:\/\/caracolvan.com\/wp-content\/uploads\/2017\/12\/monkey-week-14.jpg\",\"width\":677,\"height\":960,\"caption\":\"Komm zur Affenwoche!\"},{\"@type\":\"BreadcrumbList\",\"@id\":\"https:\/\/caracolvan.com\/de\/komm-zur-affenwoche\/#breadcrumb\",\"itemListElement\":[{\"@type\":\"ListItem\",\"position\":1,\"name\":\"Portada\",\"item\":\"https:\/\/caracolvan.com\/de\/\"},{\"@type\":\"ListItem\",\"position\":2,\"name\":\"Komm zur Affenwoche!\"}]},{\"@type\":\"WebSite\",\"@id\":\"https:\/\/caracolvan.com\/de\/#website\",\"url\":\"https:\/\/caracolvan.com\/de\/\",\"name\":\"Alquiler Camper Rental - Caracolvan\",\"description\":\"Alquiler de furgonetas camper y autocaravanas\",\"publisher\":{\"@id\":\"https:\/\/caracolvan.com\/de\/#organization\"},\"potentialAction\":[{\"@type\":\"SearchAction\",\"target\":{\"@type\":\"EntryPoint\",\"urlTemplate\":\"https:\/\/caracolvan.com\/de\/?s={search_term_string}\"},\"query-input\":{\"@type\":\"PropertyValueSpecification\",\"valueRequired\":true,\"valueName\":\"search_term_string\"}}],\"inLanguage\":\"de\"},{\"@type\":\"Organization\",\"@id\":\"https:\/\/caracolvan.com\/de\/#organization\",\"name\":\"Caracolvan\",\"url\":\"https:\/\/caracolvan.com\/de\/\",\"logo\":{\"@type\":\"ImageObject\",\"inLanguage\":\"de\",\"@id\":\"https:\/\/caracolvan.com\/de\/#\/schema\/logo\/image\/\",\"url\":\"https:\/\/caracolvan.com\/wp-content\/uploads\/2023\/08\/caracolvan-logotipo.jpg\",\"contentUrl\":\"https:\/\/caracolvan.com\/wp-content\/uploads\/2023\/08\/caracolvan-logotipo.jpg\",\"width\":696,\"height\":696,\"caption\":\"Caracolvan\"},\"image\":{\"@id\":\"https:\/\/caracolvan.com\/de\/#\/schema\/logo\/image\/\"},\"sameAs\":[\"https:\/\/www.facebook.com\/Caracolvan\/\",\"https:\/\/x.com\/Caracolvan\"]},{\"@type\":\"Person\",\"@id\":\"https:\/\/caracolvan.com\/de\/#\/schema\/person\/4082cf95fd1be29a0f617f570d486970\",\"name\":\"Nacho Fern\u00e1ndez del Blanco\",\"image\":{\"@type\":\"ImageObject\",\"inLanguage\":\"de\",\"@id\":\"https:\/\/secure.gravatar.com\/avatar\/5f8fedd8535cdaa35a42bf0efb2be3e81fcaa7f2be2f6f0c41a988485f85d39d?s=96&d=mm&r=g\",\"url\":\"https:\/\/secure.gravatar.com\/avatar\/5f8fedd8535cdaa35a42bf0efb2be3e81fcaa7f2be2f6f0c41a988485f85d39d?s=96&d=mm&r=g\",\"contentUrl\":\"https:\/\/secure.gravatar.com\/avatar\/5f8fedd8535cdaa35a42bf0efb2be3e81fcaa7f2be2f6f0c41a988485f85d39d?s=96&d=mm&r=g\",\"caption\":\"Nacho Fern\u00e1ndez del Blanco\"},\"url\":\"https:\/\/caracolvan.com\/de\/author\/nacho\/\"}]}<\/script>\n<!-- \/ Yoast SEO Premium plugin. -->","yoast_head_json":{"title":"Komm zur Affenwoche! - Caracolvan Blog - Transportervermietung","description":"Die neueste Ausgabe des wichtigsten unabh\u00e4ngigen Musikfestivals unseres Landes, Monkey Week, findet in El Puerto de Santa Mar\u00eda, C\u00e1diz, Spanien statt.","robots":{"index":"index","follow":"follow","max-snippet":"max-snippet:-1","max-image-preview":"max-image-preview:large","max-video-preview":"max-video-preview:-1"},"canonical":"https:\/\/caracolvan.com\/de\/komm-zur-affenwoche\/","og_locale":"de_DE","og_type":"article","og_title":"Komm zur Affenwoche!","og_description":"Die neueste Ausgabe des wichtigsten unabh\u00e4ngigen Musikfestivals unseres Landes, Monkey Week, findet in El Puerto de Santa Mar\u00eda, C\u00e1diz, Spanien statt.","og_url":"https:\/\/caracolvan.com\/de\/komm-zur-affenwoche\/","og_site_name":"Alquiler Camper Rental - Caracolvan","article_publisher":"https:\/\/www.facebook.com\/Caracolvan\/","article_published_time":"2017-12-27T10:37:12+00:00","article_modified_time":"2025-05-30T10:40:25+00:00","og_image":[{"width":677,"height":960,"url":"https:\/\/caracolvan.com\/wp-content\/uploads\/2017\/12\/monkey-week-14.jpg","type":"image\/jpeg"}],"author":"Nacho Fern\u00e1ndez del Blanco","twitter_card":"summary_large_image","twitter_creator":"@Caracolvan","twitter_site":"@Caracolvan","twitter_misc":{"Verfasst von":"Nacho Fern\u00e1ndez del Blanco","Gesch\u00e4tzte Lesezeit":"2\u00a0Minuten"},"schema":{"@context":"https:\/\/schema.org","@graph":[{"@type":"Article","@id":"https:\/\/caracolvan.com\/de\/komm-zur-affenwoche\/#article","isPartOf":{"@id":"https:\/\/caracolvan.com\/de\/komm-zur-affenwoche\/"},"author":{"name":"Nacho Fern\u00e1ndez del Blanco","@id":"https:\/\/caracolvan.com\/de\/#\/schema\/person\/4082cf95fd1be29a0f617f570d486970"},"headline":"Komm zur Affenwoche!","datePublished":"2017-12-27T10:37:12+00:00","dateModified":"2025-05-30T10:40:25+00:00","mainEntityOfPage":{"@id":"https:\/\/caracolvan.com\/de\/komm-zur-affenwoche\/"},"wordCount":200,"publisher":{"@id":"https:\/\/caracolvan.com\/de\/#organization"},"image":{"@id":"https:\/\/caracolvan.com\/de\/komm-zur-affenwoche\/#primaryimage"},"thumbnailUrl":"https:\/\/caracolvan.com\/wp-content\/uploads\/2017\/12\/monkey-week-14.jpg","articleSection":["Camper Van Daten"],"inLanguage":"de"},{"@type":"WebPage","@id":"https:\/\/caracolvan.com\/de\/komm-zur-affenwoche\/","url":"https:\/\/caracolvan.com\/de\/komm-zur-affenwoche\/","name":"Komm zur Affenwoche! - Caracolvan Blog - Transportervermietung","isPartOf":{"@id":"https:\/\/caracolvan.com\/de\/#website"},"primaryImageOfPage":{"@id":"https:\/\/caracolvan.com\/de\/komm-zur-affenwoche\/#primaryimage"},"image":{"@id":"https:\/\/caracolvan.com\/de\/komm-zur-affenwoche\/#primaryimage"},"thumbnailUrl":"https:\/\/caracolvan.com\/wp-content\/uploads\/2017\/12\/monkey-week-14.jpg","datePublished":"2017-12-27T10:37:12+00:00","dateModified":"2025-05-30T10:40:25+00:00","description":"Die neueste Ausgabe des wichtigsten unabh\u00e4ngigen Musikfestivals unseres Landes, Monkey Week, findet in El Puerto de Santa Mar\u00eda, C\u00e1diz, Spanien statt.","breadcrumb":{"@id":"https:\/\/caracolvan.com\/de\/komm-zur-affenwoche\/#breadcrumb"},"inLanguage":"de","potentialAction":[{"@type":"ReadAction","target":["https:\/\/caracolvan.com\/de\/komm-zur-affenwoche\/"]}]},{"@type":"ImageObject","inLanguage":"de","@id":"https:\/\/caracolvan.com\/de\/komm-zur-affenwoche\/#primaryimage","url":"https:\/\/caracolvan.com\/wp-content\/uploads\/2017\/12\/monkey-week-14.jpg","contentUrl":"https:\/\/caracolvan.com\/wp-content\/uploads\/2017\/12\/monkey-week-14.jpg","width":677,"height":960,"caption":"Komm zur Affenwoche!"},{"@type":"BreadcrumbList","@id":"https:\/\/caracolvan.com\/de\/komm-zur-affenwoche\/#breadcrumb","itemListElement":[{"@type":"ListItem","position":1,"name":"Portada","item":"https:\/\/caracolvan.com\/de\/"},{"@type":"ListItem","position":2,"name":"Komm zur Affenwoche!"}]},{"@type":"WebSite","@id":"https:\/\/caracolvan.com\/de\/#website","url":"https:\/\/caracolvan.com\/de\/","name":"Alquiler Camper Rental - Caracolvan","description":"Alquiler de furgonetas camper y autocaravanas","publisher":{"@id":"https:\/\/caracolvan.com\/de\/#organization"},"potentialAction":[{"@type":"SearchAction","target":{"@type":"EntryPoint","urlTemplate":"https:\/\/caracolvan.com\/de\/?s={search_term_string}"},"query-input":{"@type":"PropertyValueSpecification","valueRequired":true,"valueName":"search_term_string"}}],"inLanguage":"de"},{"@type":"Organization","@id":"https:\/\/caracolvan.com\/de\/#organization","name":"Caracolvan","url":"https:\/\/caracolvan.com\/de\/","logo":{"@type":"ImageObject","inLanguage":"de","@id":"https:\/\/caracolvan.com\/de\/#\/schema\/logo\/image\/","url":"https:\/\/caracolvan.com\/wp-content\/uploads\/2023\/08\/caracolvan-logotipo.jpg","contentUrl":"https:\/\/caracolvan.com\/wp-content\/uploads\/2023\/08\/caracolvan-logotipo.jpg","width":696,"height":696,"caption":"Caracolvan"},"image":{"@id":"https:\/\/caracolvan.com\/de\/#\/schema\/logo\/image\/"},"sameAs":["https:\/\/www.facebook.com\/Caracolvan\/","https:\/\/x.com\/Caracolvan"]},{"@type":"Person","@id":"https:\/\/caracolvan.com\/de\/#\/schema\/person\/4082cf95fd1be29a0f617f570d486970","name":"Nacho Fern\u00e1ndez del Blanco","image":{"@type":"ImageObject","inLanguage":"de","@id":"https:\/\/secure.gravatar.com\/avatar\/5f8fedd8535cdaa35a42bf0efb2be3e81fcaa7f2be2f6f0c41a988485f85d39d?s=96&d=mm&r=g","url":"https:\/\/secure.gravatar.com\/avatar\/5f8fedd8535cdaa35a42bf0efb2be3e81fcaa7f2be2f6f0c41a988485f85d39d?s=96&d=mm&r=g","contentUrl":"https:\/\/secure.gravatar.com\/avatar\/5f8fedd8535cdaa35a42bf0efb2be3e81fcaa7f2be2f6f0c41a988485f85d39d?s=96&d=mm&r=g","caption":"Nacho Fern\u00e1ndez del Blanco"},"url":"https:\/\/caracolvan.com\/de\/author\/nacho\/"}]}},"_links":{"self":[{"href":"https:\/\/caracolvan.com\/de\/wp-json\/wp\/v2\/posts\/15648","targetHints":{"allow":["GET"]}}],"collection":[{"href":"https:\/\/caracolvan.com\/de\/wp-json\/wp\/v2\/posts"}],"about":[{"href":"https:\/\/caracolvan.com\/de\/wp-json\/wp\/v2\/types\/post"}],"author":[{"embeddable":true,"href":"https:\/\/caracolvan.com\/de\/wp-json\/wp\/v2\/users\/4"}],"replies":[{"embeddable":true,"href":"https:\/\/caracolvan.com\/de\/wp-json\/wp\/v2\/comments?post=15648"}],"version-history":[{"count":1,"href":"https:\/\/caracolvan.com\/de\/wp-json\/wp\/v2\/posts\/15648\/revisions"}],"predecessor-version":[{"id":15785,"href":"https:\/\/caracolvan.com\/de\/wp-json\/wp\/v2\/posts\/15648\/revisions\/15785"}],"wp:featuredmedia":[{"embeddable":true,"href":"https:\/\/caracolvan.com\/de\/wp-json\/wp\/v2\/media\/2321"}],"wp:attachment":[{"href":"https:\/\/caracolvan.com\/de\/wp-json\/wp\/v2\/media?parent=15648"}],"wp:term":[{"taxonomy":"category","embeddable":true,"href":"https:\/\/caracolvan.com\/de\/wp-json\/wp\/v2\/categories?post=15648"},{"taxonomy":"post_tag","embeddable":true,"href":"https:\/\/caracolvan.com\/de\/wp-json\/wp\/v2\/tags?post=15648"}],"curies":[{"name":"wp","href":"https:\/\/api.w.org\/{rel}","templated":true}]}}