{"id":15677,"date":"2017-12-27T12:28:09","date_gmt":"2017-12-27T10:28:09","guid":{"rendered":"https:\/\/caracolvan.com\/2025\/03\/20\/schneller-frischer-mit-caracolvan\/"},"modified":"2025-05-30T12:29:07","modified_gmt":"2025-05-30T10:29:07","slug":"schneller-frischer-mit-caracolvan","status":"publish","type":"post","link":"https:\/\/caracolvan.com\/de\/schneller-frischer-mit-caracolvan\/","title":{"rendered":"Schneller, frischer mit Caracolvan"},"content":{"rendered":"<p class=\"post_texto\">M\u00f6chten Sie schneller, k\u00fchler und bequemer reisen? M\u00f6chten Sie das Beste aus Ihrem Urlaub machen, indem Sie weit weg fahren? M\u00f6chten Sie alles haben, was Sie brauchen, um mit Ihrem Partner, Ihrer Familie oder Ihren Freunden zu reisen?<\/p>\n<p>Vergessen Sie Hotels, Reservierungen, Busse usw. Wenn Sie sich nur auf sich selbst und Ihre Freizeit konzentrieren wollen, haben wir die L\u00f6sung!<\/p>\n<h2>Schneller und frischer mit unseren Wohnmobilen<\/h2>\n<p>&nbsp;<\/p>\n<p class=\"post_texto\">Mit den neuen Caracolvan Langstrecken-<em><strong>Wohnmobilen <\/strong><\/em>sind Ihnen bald keine Grenzen mehr gesetzt. <a href=\"https:\/\/caracolvan.com\/de\/reservierung\/\">Pr\u00fcfen Sie unser Angebot im Internet.<\/a><\/p>\n<p>&nbsp;<\/p>\n<p class=\"img_redondeada_y_sombreada\"><img decoding=\"async\" src=\"https:\/\/caracolvan.com\/wp-content\/uploads\/2017\/12\/mas-rapido-l.jpg\" alt=\"\" width=\"534\" height=\"418\" \/><\/p>\n<p>&nbsp;<\/p>\n","protected":false},"excerpt":{"rendered":"<p>M\u00f6chten Sie schneller, k\u00fchler und bequemer reisen? M\u00f6chten Sie das  [...]<\/p>\n","protected":false},"author":4,"featured_media":2165,"comment_status":"closed","ping_status":"open","sticky":false,"template":"","format":"standard","meta":{"_joinchat":[],"footnotes":""},"categories":[56],"tags":[],"class_list":["post-15677","post","type-post","status-publish","format-standard","has-post-thumbnail","hentry","category-caracolvan-neuigkeiten"],"yoast_head":"<!-- This site is optimized with the Yoast SEO Premium plugin v27.2 (Yoast SEO v27.2) - https:\/\/yoast.com\/product\/yoast-seo-premium-wordpress\/ -->\n<title>Schneller, frischer mit Caracolvan - Caracolvan Blog<\/title>\n<meta name=\"description\" content=\"M\u00f6chten Sie schneller, k\u00fchler und bequemer reisen? M\u00f6chten Sie alles haben, was Sie brauchen, um mit Ihrem Partner, Ihrer Familie oder Ihren Freunden zu reisen? Kommen Sie zu Caracolvan\" \/>\n<meta name=\"robots\" content=\"index, follow, max-snippet:-1, max-image-preview:large, max-video-preview:-1\" \/>\n<link rel=\"canonical\" href=\"https:\/\/caracolvan.com\/de\/schneller-frischer-mit-caracolvan\/\" \/>\n<meta property=\"og:locale\" content=\"de_DE\" \/>\n<meta property=\"og:type\" content=\"article\" \/>\n<meta property=\"og:title\" content=\"Schneller, frischer mit Caracolvan\" \/>\n<meta property=\"og:description\" content=\"M\u00f6chten Sie schneller, k\u00fchler und bequemer reisen? M\u00f6chten Sie alles haben, was Sie brauchen, um mit Ihrem Partner, Ihrer Familie oder Ihren Freunden zu reisen? Kommen Sie zu Caracolvan\" \/>\n<meta property=\"og:url\" content=\"https:\/\/caracolvan.com\/de\/schneller-frischer-mit-caracolvan\/\" \/>\n<meta property=\"og:site_name\" content=\"Alquiler Camper Rental - Caracolvan\" \/>\n<meta property=\"article:publisher\" content=\"https:\/\/www.facebook.com\/Caracolvan\/\" \/>\n<meta property=\"article:published_time\" content=\"2017-12-27T10:28:09+00:00\" \/>\n<meta property=\"article:modified_time\" content=\"2025-05-30T10:29:07+00:00\" \/>\n<meta property=\"og:image\" content=\"https:\/\/caracolvan.com\/wp-content\/uploads\/2017\/12\/mas-rapido-l.jpg\" \/>\n\t<meta property=\"og:image:width\" content=\"1017\" \/>\n\t<meta property=\"og:image:height\" content=\"800\" \/>\n\t<meta property=\"og:image:type\" content=\"image\/jpeg\" \/>\n<meta name=\"author\" content=\"Nacho Fern\u00e1ndez del Blanco\" \/>\n<meta name=\"twitter:card\" content=\"summary_large_image\" \/>\n<meta name=\"twitter:creator\" content=\"@Caracolvan\" \/>\n<meta name=\"twitter:site\" content=\"@Caracolvan\" \/>\n<meta name=\"twitter:label1\" content=\"Verfasst von\" \/>\n\t<meta name=\"twitter:data1\" content=\"Nacho Fern\u00e1ndez del Blanco\" \/>\n\t<meta name=\"twitter:label2\" content=\"Gesch\u00e4tzte Lesezeit\" \/>\n\t<meta name=\"twitter:data2\" content=\"1\u00a0Minute\" \/>\n<script type=\"application\/ld+json\" class=\"yoast-schema-graph\">{\"@context\":\"https:\/\/schema.org\",\"@graph\":[{\"@type\":\"Article\",\"@id\":\"https:\/\/caracolvan.com\/de\/schneller-frischer-mit-caracolvan\/#article\",\"isPartOf\":{\"@id\":\"https:\/\/caracolvan.com\/de\/schneller-frischer-mit-caracolvan\/\"},\"author\":{\"name\":\"Nacho Fern\u00e1ndez del Blanco\",\"@id\":\"https:\/\/caracolvan.com\/de\/#\/schema\/person\/4082cf95fd1be29a0f617f570d486970\"},\"headline\":\"Schneller, frischer mit Caracolvan\",\"datePublished\":\"2017-12-27T10:28:09+00:00\",\"dateModified\":\"2025-05-30T10:29:07+00:00\",\"mainEntityOfPage\":{\"@id\":\"https:\/\/caracolvan.com\/de\/schneller-frischer-mit-caracolvan\/\"},\"wordCount\":98,\"publisher\":{\"@id\":\"https:\/\/caracolvan.com\/de\/#organization\"},\"image\":{\"@id\":\"https:\/\/caracolvan.com\/de\/schneller-frischer-mit-caracolvan\/#primaryimage\"},\"thumbnailUrl\":\"https:\/\/caracolvan.com\/wp-content\/uploads\/2017\/12\/mas-rapido-l.jpg\",\"articleSection\":[\"Caracolvan Neuigkeiten\"],\"inLanguage\":\"de\"},{\"@type\":\"WebPage\",\"@id\":\"https:\/\/caracolvan.com\/de\/schneller-frischer-mit-caracolvan\/\",\"url\":\"https:\/\/caracolvan.com\/de\/schneller-frischer-mit-caracolvan\/\",\"name\":\"Schneller, frischer mit Caracolvan - Caracolvan Blog\",\"isPartOf\":{\"@id\":\"https:\/\/caracolvan.com\/de\/#website\"},\"primaryImageOfPage\":{\"@id\":\"https:\/\/caracolvan.com\/de\/schneller-frischer-mit-caracolvan\/#primaryimage\"},\"image\":{\"@id\":\"https:\/\/caracolvan.com\/de\/schneller-frischer-mit-caracolvan\/#primaryimage\"},\"thumbnailUrl\":\"https:\/\/caracolvan.com\/wp-content\/uploads\/2017\/12\/mas-rapido-l.jpg\",\"datePublished\":\"2017-12-27T10:28:09+00:00\",\"dateModified\":\"2025-05-30T10:29:07+00:00\",\"description\":\"M\u00f6chten Sie schneller, k\u00fchler und bequemer reisen? M\u00f6chten Sie alles haben, was Sie brauchen, um mit Ihrem Partner, Ihrer Familie oder Ihren Freunden zu reisen? Kommen Sie zu Caracolvan\",\"breadcrumb\":{\"@id\":\"https:\/\/caracolvan.com\/de\/schneller-frischer-mit-caracolvan\/#breadcrumb\"},\"inLanguage\":\"de\",\"potentialAction\":[{\"@type\":\"ReadAction\",\"target\":[\"https:\/\/caracolvan.com\/de\/schneller-frischer-mit-caracolvan\/\"]}]},{\"@type\":\"ImageObject\",\"inLanguage\":\"de\",\"@id\":\"https:\/\/caracolvan.com\/de\/schneller-frischer-mit-caracolvan\/#primaryimage\",\"url\":\"https:\/\/caracolvan.com\/wp-content\/uploads\/2017\/12\/mas-rapido-l.jpg\",\"contentUrl\":\"https:\/\/caracolvan.com\/wp-content\/uploads\/2017\/12\/mas-rapido-l.jpg\",\"width\":1017,\"height\":800,\"caption\":\"Schneller, frischer mit Caracolvan\"},{\"@type\":\"BreadcrumbList\",\"@id\":\"https:\/\/caracolvan.com\/de\/schneller-frischer-mit-caracolvan\/#breadcrumb\",\"itemListElement\":[{\"@type\":\"ListItem\",\"position\":1,\"name\":\"Portada\",\"item\":\"https:\/\/caracolvan.com\/de\/\"},{\"@type\":\"ListItem\",\"position\":2,\"name\":\"Schneller, frischer mit Caracolvan\"}]},{\"@type\":\"WebSite\",\"@id\":\"https:\/\/caracolvan.com\/de\/#website\",\"url\":\"https:\/\/caracolvan.com\/de\/\",\"name\":\"Alquiler Camper Rental - Caracolvan\",\"description\":\"Alquiler de furgonetas camper y autocaravanas\",\"publisher\":{\"@id\":\"https:\/\/caracolvan.com\/de\/#organization\"},\"potentialAction\":[{\"@type\":\"SearchAction\",\"target\":{\"@type\":\"EntryPoint\",\"urlTemplate\":\"https:\/\/caracolvan.com\/de\/?s={search_term_string}\"},\"query-input\":{\"@type\":\"PropertyValueSpecification\",\"valueRequired\":true,\"valueName\":\"search_term_string\"}}],\"inLanguage\":\"de\"},{\"@type\":\"Organization\",\"@id\":\"https:\/\/caracolvan.com\/de\/#organization\",\"name\":\"Caracolvan\",\"url\":\"https:\/\/caracolvan.com\/de\/\",\"logo\":{\"@type\":\"ImageObject\",\"inLanguage\":\"de\",\"@id\":\"https:\/\/caracolvan.com\/de\/#\/schema\/logo\/image\/\",\"url\":\"https:\/\/caracolvan.com\/wp-content\/uploads\/2023\/08\/caracolvan-logotipo.jpg\",\"contentUrl\":\"https:\/\/caracolvan.com\/wp-content\/uploads\/2023\/08\/caracolvan-logotipo.jpg\",\"width\":696,\"height\":696,\"caption\":\"Caracolvan\"},\"image\":{\"@id\":\"https:\/\/caracolvan.com\/de\/#\/schema\/logo\/image\/\"},\"sameAs\":[\"https:\/\/www.facebook.com\/Caracolvan\/\",\"https:\/\/x.com\/Caracolvan\"]},{\"@type\":\"Person\",\"@id\":\"https:\/\/caracolvan.com\/de\/#\/schema\/person\/4082cf95fd1be29a0f617f570d486970\",\"name\":\"Nacho Fern\u00e1ndez del Blanco\",\"image\":{\"@type\":\"ImageObject\",\"inLanguage\":\"de\",\"@id\":\"https:\/\/secure.gravatar.com\/avatar\/5f8fedd8535cdaa35a42bf0efb2be3e81fcaa7f2be2f6f0c41a988485f85d39d?s=96&d=mm&r=g\",\"url\":\"https:\/\/secure.gravatar.com\/avatar\/5f8fedd8535cdaa35a42bf0efb2be3e81fcaa7f2be2f6f0c41a988485f85d39d?s=96&d=mm&r=g\",\"contentUrl\":\"https:\/\/secure.gravatar.com\/avatar\/5f8fedd8535cdaa35a42bf0efb2be3e81fcaa7f2be2f6f0c41a988485f85d39d?s=96&d=mm&r=g\",\"caption\":\"Nacho Fern\u00e1ndez del Blanco\"},\"url\":\"https:\/\/caracolvan.com\/de\/author\/nacho\/\"}]}<\/script>\n<!-- \/ Yoast SEO Premium plugin. -->","yoast_head_json":{"title":"Schneller, frischer mit Caracolvan - Caracolvan Blog","description":"M\u00f6chten Sie schneller, k\u00fchler und bequemer reisen? M\u00f6chten Sie alles haben, was Sie brauchen, um mit Ihrem Partner, Ihrer Familie oder Ihren Freunden zu reisen? Kommen Sie zu Caracolvan","robots":{"index":"index","follow":"follow","max-snippet":"max-snippet:-1","max-image-preview":"max-image-preview:large","max-video-preview":"max-video-preview:-1"},"canonical":"https:\/\/caracolvan.com\/de\/schneller-frischer-mit-caracolvan\/","og_locale":"de_DE","og_type":"article","og_title":"Schneller, frischer mit Caracolvan","og_description":"M\u00f6chten Sie schneller, k\u00fchler und bequemer reisen? M\u00f6chten Sie alles haben, was Sie brauchen, um mit Ihrem Partner, Ihrer Familie oder Ihren Freunden zu reisen? Kommen Sie zu Caracolvan","og_url":"https:\/\/caracolvan.com\/de\/schneller-frischer-mit-caracolvan\/","og_site_name":"Alquiler Camper Rental - Caracolvan","article_publisher":"https:\/\/www.facebook.com\/Caracolvan\/","article_published_time":"2017-12-27T10:28:09+00:00","article_modified_time":"2025-05-30T10:29:07+00:00","og_image":[{"width":1017,"height":800,"url":"https:\/\/caracolvan.com\/wp-content\/uploads\/2017\/12\/mas-rapido-l.jpg","type":"image\/jpeg"}],"author":"Nacho Fern\u00e1ndez del Blanco","twitter_card":"summary_large_image","twitter_creator":"@Caracolvan","twitter_site":"@Caracolvan","twitter_misc":{"Verfasst von":"Nacho Fern\u00e1ndez del Blanco","Gesch\u00e4tzte Lesezeit":"1\u00a0Minute"},"schema":{"@context":"https:\/\/schema.org","@graph":[{"@type":"Article","@id":"https:\/\/caracolvan.com\/de\/schneller-frischer-mit-caracolvan\/#article","isPartOf":{"@id":"https:\/\/caracolvan.com\/de\/schneller-frischer-mit-caracolvan\/"},"author":{"name":"Nacho Fern\u00e1ndez del Blanco","@id":"https:\/\/caracolvan.com\/de\/#\/schema\/person\/4082cf95fd1be29a0f617f570d486970"},"headline":"Schneller, frischer mit Caracolvan","datePublished":"2017-12-27T10:28:09+00:00","dateModified":"2025-05-30T10:29:07+00:00","mainEntityOfPage":{"@id":"https:\/\/caracolvan.com\/de\/schneller-frischer-mit-caracolvan\/"},"wordCount":98,"publisher":{"@id":"https:\/\/caracolvan.com\/de\/#organization"},"image":{"@id":"https:\/\/caracolvan.com\/de\/schneller-frischer-mit-caracolvan\/#primaryimage"},"thumbnailUrl":"https:\/\/caracolvan.com\/wp-content\/uploads\/2017\/12\/mas-rapido-l.jpg","articleSection":["Caracolvan Neuigkeiten"],"inLanguage":"de"},{"@type":"WebPage","@id":"https:\/\/caracolvan.com\/de\/schneller-frischer-mit-caracolvan\/","url":"https:\/\/caracolvan.com\/de\/schneller-frischer-mit-caracolvan\/","name":"Schneller, frischer mit Caracolvan - Caracolvan Blog","isPartOf":{"@id":"https:\/\/caracolvan.com\/de\/#website"},"primaryImageOfPage":{"@id":"https:\/\/caracolvan.com\/de\/schneller-frischer-mit-caracolvan\/#primaryimage"},"image":{"@id":"https:\/\/caracolvan.com\/de\/schneller-frischer-mit-caracolvan\/#primaryimage"},"thumbnailUrl":"https:\/\/caracolvan.com\/wp-content\/uploads\/2017\/12\/mas-rapido-l.jpg","datePublished":"2017-12-27T10:28:09+00:00","dateModified":"2025-05-30T10:29:07+00:00","description":"M\u00f6chten Sie schneller, k\u00fchler und bequemer reisen? M\u00f6chten Sie alles haben, was Sie brauchen, um mit Ihrem Partner, Ihrer Familie oder Ihren Freunden zu reisen? Kommen Sie zu Caracolvan","breadcrumb":{"@id":"https:\/\/caracolvan.com\/de\/schneller-frischer-mit-caracolvan\/#breadcrumb"},"inLanguage":"de","potentialAction":[{"@type":"ReadAction","target":["https:\/\/caracolvan.com\/de\/schneller-frischer-mit-caracolvan\/"]}]},{"@type":"ImageObject","inLanguage":"de","@id":"https:\/\/caracolvan.com\/de\/schneller-frischer-mit-caracolvan\/#primaryimage","url":"https:\/\/caracolvan.com\/wp-content\/uploads\/2017\/12\/mas-rapido-l.jpg","contentUrl":"https:\/\/caracolvan.com\/wp-content\/uploads\/2017\/12\/mas-rapido-l.jpg","width":1017,"height":800,"caption":"Schneller, frischer mit Caracolvan"},{"@type":"BreadcrumbList","@id":"https:\/\/caracolvan.com\/de\/schneller-frischer-mit-caracolvan\/#breadcrumb","itemListElement":[{"@type":"ListItem","position":1,"name":"Portada","item":"https:\/\/caracolvan.com\/de\/"},{"@type":"ListItem","position":2,"name":"Schneller, frischer mit Caracolvan"}]},{"@type":"WebSite","@id":"https:\/\/caracolvan.com\/de\/#website","url":"https:\/\/caracolvan.com\/de\/","name":"Alquiler Camper Rental - Caracolvan","description":"Alquiler de furgonetas camper y autocaravanas","publisher":{"@id":"https:\/\/caracolvan.com\/de\/#organization"},"potentialAction":[{"@type":"SearchAction","target":{"@type":"EntryPoint","urlTemplate":"https:\/\/caracolvan.com\/de\/?s={search_term_string}"},"query-input":{"@type":"PropertyValueSpecification","valueRequired":true,"valueName":"search_term_string"}}],"inLanguage":"de"},{"@type":"Organization","@id":"https:\/\/caracolvan.com\/de\/#organization","name":"Caracolvan","url":"https:\/\/caracolvan.com\/de\/","logo":{"@type":"ImageObject","inLanguage":"de","@id":"https:\/\/caracolvan.com\/de\/#\/schema\/logo\/image\/","url":"https:\/\/caracolvan.com\/wp-content\/uploads\/2023\/08\/caracolvan-logotipo.jpg","contentUrl":"https:\/\/caracolvan.com\/wp-content\/uploads\/2023\/08\/caracolvan-logotipo.jpg","width":696,"height":696,"caption":"Caracolvan"},"image":{"@id":"https:\/\/caracolvan.com\/de\/#\/schema\/logo\/image\/"},"sameAs":["https:\/\/www.facebook.com\/Caracolvan\/","https:\/\/x.com\/Caracolvan"]},{"@type":"Person","@id":"https:\/\/caracolvan.com\/de\/#\/schema\/person\/4082cf95fd1be29a0f617f570d486970","name":"Nacho Fern\u00e1ndez del Blanco","image":{"@type":"ImageObject","inLanguage":"de","@id":"https:\/\/secure.gravatar.com\/avatar\/5f8fedd8535cdaa35a42bf0efb2be3e81fcaa7f2be2f6f0c41a988485f85d39d?s=96&d=mm&r=g","url":"https:\/\/secure.gravatar.com\/avatar\/5f8fedd8535cdaa35a42bf0efb2be3e81fcaa7f2be2f6f0c41a988485f85d39d?s=96&d=mm&r=g","contentUrl":"https:\/\/secure.gravatar.com\/avatar\/5f8fedd8535cdaa35a42bf0efb2be3e81fcaa7f2be2f6f0c41a988485f85d39d?s=96&d=mm&r=g","caption":"Nacho Fern\u00e1ndez del Blanco"},"url":"https:\/\/caracolvan.com\/de\/author\/nacho\/"}]}},"_links":{"self":[{"href":"https:\/\/caracolvan.com\/de\/wp-json\/wp\/v2\/posts\/15677","targetHints":{"allow":["GET"]}}],"collection":[{"href":"https:\/\/caracolvan.com\/de\/wp-json\/wp\/v2\/posts"}],"about":[{"href":"https:\/\/caracolvan.com\/de\/wp-json\/wp\/v2\/types\/post"}],"author":[{"embeddable":true,"href":"https:\/\/caracolvan.com\/de\/wp-json\/wp\/v2\/users\/4"}],"replies":[{"embeddable":true,"href":"https:\/\/caracolvan.com\/de\/wp-json\/wp\/v2\/comments?post=15677"}],"version-history":[{"count":1,"href":"https:\/\/caracolvan.com\/de\/wp-json\/wp\/v2\/posts\/15677\/revisions"}],"predecessor-version":[{"id":15776,"href":"https:\/\/caracolvan.com\/de\/wp-json\/wp\/v2\/posts\/15677\/revisions\/15776"}],"wp:featuredmedia":[{"embeddable":true,"href":"https:\/\/caracolvan.com\/de\/wp-json\/wp\/v2\/media\/2165"}],"wp:attachment":[{"href":"https:\/\/caracolvan.com\/de\/wp-json\/wp\/v2\/media?parent=15677"}],"wp:term":[{"taxonomy":"category","embeddable":true,"href":"https:\/\/caracolvan.com\/de\/wp-json\/wp\/v2\/categories?post=15677"},{"taxonomy":"post_tag","embeddable":true,"href":"https:\/\/caracolvan.com\/de\/wp-json\/wp\/v2\/tags?post=15677"}],"curies":[{"name":"wp","href":"https:\/\/api.w.org\/{rel}","templated":true}]}}