{"id":7522,"date":"2017-12-27T16:48:58","date_gmt":"2017-12-27T14:48:58","guid":{"rendered":"https:\/\/www.caracolvan.com\/?p=7522"},"modified":"2025-06-03T10:33:29","modified_gmt":"2025-06-03T08:33:29","slug":"van-route-via-de-la-plata-in-seville","status":"publish","type":"post","link":"https:\/\/caracolvan.com\/de\/van-route-via-de-la-plata-in-seville\/","title":{"rendered":"Van Route: V\u00eda de la Plata in Seville"},"content":{"rendered":"<p>Und wieder ist es an der Zeit f\u00fcr l\u00e4ndlichen Tourismus in der Region der V\u00eda de la Plata in Sevilla. Es ist ein Landkreis, der sieben Gemeinden umfasst, ideal f\u00fcr diejenigen, die Wandern, Radfahren und Reiten lieben.<\/p>\n<p><img decoding=\"async\" class=\"aligncenter wp-image-3907 size-full\" title=\"Castillo de las Guardas Sevilla\" src=\"https:\/\/caracolvan.com\/wp-content\/uploads\/2017\/12\/castillo-de-las-guardas-sevilla.jpg\" alt=\"Castillo de las Guardas Sevilla\" width=\"600\" height=\"400\" \/><\/p>\n<div style=\"text-align: center;\"><em>Burg der Guardias, Sevilla. Quelle: Escapadarural.com<\/em><\/div>\n<p style=\"text-align: justify;\"><strong>Aznalc\u00f3llar<\/strong> ist eine der St\u00e4dte, die zur V\u00eda de la Plata geh\u00f6ren. Diese Gemeinde liegt zwischen Aljarafe und der Sierra Norte, etwa 36 Kilometer von der Hauptstadt entfernt. Sehenswert or allem wegen der mittelalterliche Burg arabischen Ursprungs, die sich oberhalb der Stadt befindet und in die touristische Schl\u00f6sserroute einreih<\/p>\n<p style=\"text-align: justify;\">Naturliebhaber k\u00f6nnen wunderbare Orte in den Bergen wie El Madro\u00f1alejo und El Palmar genie\u00dfen. Wanderfreunde finden zudem mehrere M\u00f6glichkeiten zum Genie\u00dfen. Zum Beispiel die Route de la Romer\u00eda, die durch die s\u00fcdliche Gegend der Gemeinde f\u00fchrt oder die Route de los Pinos, die durch die Berge f\u00fchrt.<\/p>\n<p><iframe style=\"border: 0;\" src=\"https:\/\/www.google.com\/maps\/embed?pb=!1m64!1m12!1m3!1d405041.2795572183!2d-6.483982958379163!3d37.5224208930117!2m3!1f0!2f0!3f0!3m2!1i1024!2i768!4f13.1!4m49!3e0!4m5!1s0xd126fb310272569%3A0x60c70477ac57c1cc!2sVia+de+la+Plata%2C+41089+Dos+Hermanas%2C+Sevilla!3m2!1d37.347645899999996!2d-5.9384951!4m5!1s0xd12231b8bab3a9b%3A0x5e66349f1da5709c!2sAznalc%C3%B3llar%2C+Sevilla!3m2!1d37.534627799999996!2d-6.3013432!4m5!1s0xd1248b5603070bb%3A0x842a1be2b0e763df!2sCastilblanco+de+los+Arroyos%2C+Sevilla!3m2!1d37.7018287!2d-5.940970999999999!4m5!1s0xd122924fea734c7%3A0x40463fd8ca14810!2sEl+Castillo+de+las+Guardas%2C+Sevilla!3m2!1d37.6842639!2d-6.2800864!4m5!1s0xd123a1500c1afc7%3A0x5b046220ec489e41!2sEl+Garrobo%2C+Sevilla!3m2!1d37.636309499999996!2d-6.1845209!4m5!1s0xd1229a4012d349f%3A0xcb3f63bc6dc8de1a!2sReserva+Natural+El+Castillo+De+Las+Guardas%2C+El+Castillo+de+las+Guardas!3m2!1d37.6945823!2d-6.3674542!4m5!1s0xd1185ec3c5c1ec5%3A0x9bf18b6f6422bc3d!2sEl+Madro%C3%B1o%2C+Sevilla!3m2!1d37.6527147!2d-6.471658!4m5!1s0xd123c0cfc104dd1%3A0x40463fd8ca148f0!2sGerena%2C+Sevilla!3m2!1d37.541357!2d-6.173911599999999!5e0!3m2!1ses!2ses!4v1478854782108\" width=\"100%\" height=\"450\" frameborder=\"0\" allowfullscreen=\"allowfullscreen\"><\/iframe><\/p>\n<p>Castilblanco de los Arroyos, auch Teil der Rundfahrt, befindet sich in der N\u00e4he der Sierra Morena, im Norden der Provinz Sevilla. Sehr ruhige und entspannte Strassen, machen es zu einem beliebten l\u00e4ndlichen Reiseziel. Es ist Teil des Camino de Santiago.<\/p>\n<p>Erw\u00e4hnenswert ist auch das Denkmal f\u00fcr Cervantes am Eingang der Stadt oder die Feierlichkeiten f\u00fcr Wasserfest im August bekannt.<\/p>\n<p><strong>Castillo de las Guardas<\/strong> liegt in der Sierra de Aracena, 54 Kilometer von Sevilla entfernt. Von dem alten Schloss, das der Stadt ihren Namen verlieh, gibt es nur wenige \u00dcberreste. Die Natur der Umgebung h\u00e4lt jedoch immer noch die Sch\u00f6nheit und F\u00fclle. Neben einem gro\u00dfen Angebot f\u00fcr den Landtourismus,findet der Geschichts-, und Kunstinteressierte Reisende einiges zu endecken. Auch ideal f\u00fcr Kanufahrten oder zum Jagen.<\/p>\n<p>Aber zweifellos ist einer der interessantesten Orte das Naturschutzgebiet El Castillo de las Guardas, 5 Kilometer vom Stadtzentrum entfernt, auf dem Land eines alten Bergbaubetrieb, finden Sie unter anderem zahlreiche Tierarten wie L\u00f6wen, Tiger, Elefanten.<\/p>\n<div style=\"text-align: justify;\"><em><img decoding=\"async\" class=\"aligncenter wp-image-3911 size-full\" title=\"Reserva Natural Guardas Sevilla\" src=\"https:\/\/caracolvan.com\/wp-content\/uploads\/2017\/12\/reserva-natural-guardas-sevilla-3.jpg\" alt=\"Reserva Natural Guardas Sevilla\" width=\"600\" height=\"270\" \/><\/em><\/div>\n<p style=\"text-align: center;\">Naturschutzgebiet Castillo de las Guardas, Sevilla Quelle:\u00a0lareservadelcastillodelasguardas.com<\/p>\n<p style=\"text-align: justify;\">In einer Schlucht in den Ausl\u00e4ufern der Sierra Morena liegt El Garrobo, 39 Kilometer von der Hauptstadt entfernt. Es ist ein ideales Ziel f\u00fcr Jagdliebhaber. Dar\u00fcber hinaus bietet es zahlreiche und attraktive Umgebungen, die auf verschiedenen Wegen wie dem Camino de los Camellos und der Ruta de las Coladas durchquert werden k\u00f6nnen.<\/p>\n<p style=\"text-align: justify;\">Auch die Stadt El Madro\u00f1o, bestehend aus traditionellen H\u00e4usern, befindet sich in der N\u00e4he der Sierra de Aracena. Besonders, die Kirche San Blas auf dem Plaza de la Constituci\u00f3n.<\/p>\n<p>Gerena, 23 km von Sevilla, ist durch die \u00dcberreste von r\u00f6mischen Ruinen, auch ein Teil der Ruta de los Castillos. Interessant f\u00fcr ihre arch\u00e4ologischen \u00dcberreste und typische andalusische Architektur.<\/p>\n<p>Desweiteren finden Sie in dieser Gegend Landg\u00fcter wie El Esparragal, La Pizana, La Calera, Mirandilla oder die Hacienda de San Felipe. N\u00e4her an der Hauptstadt, etwa 20 Kilometer entfernt, liegt Guillena, das sich von Sierra Morena bis zum Guadalquivir Fluss erstreckt. Naturliebhaber k\u00f6nnen die Wasserstra\u00dfe genie\u00dfen.<\/p>\n<p>Dar\u00fcber hinaus ist die Gemeinde auch ein wichtiger Ort f\u00fcr Arch\u00e4ologie-Liebhaber. Die Stadt besitzt megalithische \u00dcberreste der Vorgeschichte und arch\u00e4ologische \u00dcberreste aus der R\u00f6merzeit.<\/p>\n<h2 style=\"text-align: justify;\">Sevillanische Gastronomie<\/h2>\n<p>Zu den typischen Delikatessen der Gegend geh\u00f6ren Fleischgerichte von Klein,- und Gro\u00dfwild, wie Rebh\u00fchner, Hirsche oder Wildschweine. Das Sopeo ist ein weiteres traditionelles Gericht der Gegend. Es ist ein Gericht aus Knoblauch, Zwiebeln, Paprika, Tomaten, Brot, \u00d6l und Salz.<\/p>\n<p>Au\u00dferdem k\u00f6nnen Sie S\u00fc\u00dfigkeiten wie Tortas de Manteca, Rosas, Pesti\u00f1os, Pesti\u00f1os, Tortas de Hojaldre und Lenguas de Obispo genie\u00dfen.<\/p>\n<h2 style=\"text-align: justify;\">Parking<\/h2>\n<div>\u00a0<img decoding=\"async\" class=\"aligncenter wp-image-3915 size-full\" title=\"Pajanosas Sevilla Camper\" src=\"https:\/\/caracolvan.com\/wp-content\/uploads\/2017\/12\/pajanosas-sevilla-camper-3.jpg\" alt=\"Pajanosas Sevilla Camper\" width=\"600\" height=\"400\" \/><\/div>\n<p style=\"text-align: center;\">Quelle: Guillena.org<\/p>\n<p>Zwischen Guillena und El Garrobo befindet sich Las Pajanosas, eine kleine Stadt mit einem wichtigen Servicebereich, wo Sie die Nacht verbringen k\u00f6nnen, wenn Sie mit Ihrem Wohnmobil reisen. Das Gebiet befindet sich in einem der Ausg\u00e4nge der Autov\u00eda de la Plata, etwa sechs Kilometer von Guillena und dreizehn von El Garrobo.<\/p>\n<p>Dort gibt es \u00fcber acht bewachte Parkpl\u00e4tze, Superm\u00e4rkte, Restaurants und eine WIFI-Zone. In der Stadt finden Sie viele Restaurants L\u00e4den. Zahlreiche Wanderwege beginnen dort.<\/p>\n","protected":false},"excerpt":{"rendered":"<p>Und wieder ist es an der Zeit f\u00fcr l\u00e4ndlichen Tourismus  [...]<\/p>\n","protected":false},"author":4,"featured_media":3671,"comment_status":"closed","ping_status":"open","sticky":false,"template":"","format":"standard","meta":{"_joinchat":[],"footnotes":""},"categories":[57,52],"tags":[],"class_list":["post-7522","post","type-post","status-publish","format-standard","has-post-thumbnail","hentry","category-camper-van-routen","category-erlebe-andalusien"],"yoast_head":"<!-- This site is optimized with the Yoast SEO Premium plugin v27.5 (Yoast SEO v27.5) - https:\/\/yoast.com\/product\/yoast-seo-premium-wordpress\/ -->\n<title>Van Route: V\u00eda de la Plata in Seville | Caracolvan Camper Rental<\/title>\n<meta name=\"description\" content=\"Wenn Sie gerne Wandern, Radfahren und Reiten, empfehlen wir Ihnen, die Region V\u00eda de la Plata in Sevilla zu besuchen. Lebe die Natur!\" \/>\n<meta name=\"robots\" content=\"index, follow, max-snippet:-1, max-image-preview:large, max-video-preview:-1\" \/>\n<link rel=\"canonical\" href=\"https:\/\/caracolvan.com\/de\/van-route-via-de-la-plata-in-seville\/\" \/>\n<meta property=\"og:locale\" content=\"de_DE\" \/>\n<meta property=\"og:type\" content=\"article\" \/>\n<meta property=\"og:title\" content=\"Van Route: V\u00eda de la Plata in Seville\" \/>\n<meta property=\"og:description\" content=\"Wenn Sie gerne Wandern, Radfahren und Reiten, empfehlen wir Ihnen, die Region V\u00eda de la Plata in Sevilla zu besuchen. Lebe die Natur!\" \/>\n<meta property=\"og:url\" content=\"https:\/\/caracolvan.com\/de\/van-route-via-de-la-plata-in-seville\/\" \/>\n<meta property=\"og:site_name\" content=\"Alquiler Camper Rental - Caracolvan\" \/>\n<meta property=\"article:publisher\" content=\"https:\/\/www.facebook.com\/Caracolvan\/\" \/>\n<meta property=\"article:published_time\" content=\"2017-12-27T14:48:58+00:00\" \/>\n<meta property=\"article:modified_time\" content=\"2025-06-03T08:33:29+00:00\" \/>\n<meta property=\"og:image\" content=\"https:\/\/caracolvan.com\/wp-content\/uploads\/2017\/12\/pueblos-blancos-en-cadiz-3.jpg\" \/>\n\t<meta property=\"og:image:width\" content=\"1201\" \/>\n\t<meta property=\"og:image:height\" content=\"801\" \/>\n\t<meta property=\"og:image:type\" content=\"image\/jpeg\" \/>\n<meta name=\"author\" content=\"Nacho Fern\u00e1ndez del Blanco\" \/>\n<meta name=\"twitter:card\" content=\"summary_large_image\" \/>\n<meta name=\"twitter:creator\" content=\"@Caracolvan\" \/>\n<meta name=\"twitter:site\" content=\"@Caracolvan\" \/>\n<meta name=\"twitter:label1\" content=\"Verfasst von\" \/>\n\t<meta name=\"twitter:data1\" content=\"Nacho Fern\u00e1ndez del Blanco\" \/>\n\t<meta name=\"twitter:label2\" content=\"Gesch\u00e4tzte Lesezeit\" \/>\n\t<meta name=\"twitter:data2\" content=\"4\u00a0Minuten\" \/>\n<script type=\"application\/ld+json\" class=\"yoast-schema-graph\">{\"@context\":\"https:\\\/\\\/schema.org\",\"@graph\":[{\"@type\":\"Article\",\"@id\":\"https:\\\/\\\/caracolvan.com\\\/de\\\/van-route-via-de-la-plata-in-seville\\\/#article\",\"isPartOf\":{\"@id\":\"https:\\\/\\\/caracolvan.com\\\/de\\\/van-route-via-de-la-plata-in-seville\\\/\"},\"author\":{\"name\":\"Nacho Fern\u00e1ndez del Blanco\",\"@id\":\"https:\\\/\\\/caracolvan.com\\\/de\\\/#\\\/schema\\\/person\\\/4082cf95fd1be29a0f617f570d486970\"},\"headline\":\"Van Route: V\u00eda de la Plata in Seville\",\"datePublished\":\"2017-12-27T14:48:58+00:00\",\"dateModified\":\"2025-06-03T08:33:29+00:00\",\"mainEntityOfPage\":{\"@id\":\"https:\\\/\\\/caracolvan.com\\\/de\\\/van-route-via-de-la-plata-in-seville\\\/\"},\"wordCount\":697,\"publisher\":{\"@id\":\"https:\\\/\\\/caracolvan.com\\\/de\\\/#organization\"},\"image\":{\"@id\":\"https:\\\/\\\/caracolvan.com\\\/de\\\/van-route-via-de-la-plata-in-seville\\\/#primaryimage\"},\"thumbnailUrl\":\"https:\\\/\\\/caracolvan.com\\\/wp-content\\\/uploads\\\/2017\\\/12\\\/pueblos-blancos-en-cadiz-3.jpg\",\"articleSection\":[\"Camper Van Routen\",\"Erlebe Andalusien\"],\"inLanguage\":\"de\"},{\"@type\":\"WebPage\",\"@id\":\"https:\\\/\\\/caracolvan.com\\\/de\\\/van-route-via-de-la-plata-in-seville\\\/\",\"url\":\"https:\\\/\\\/caracolvan.com\\\/de\\\/van-route-via-de-la-plata-in-seville\\\/\",\"name\":\"Van Route: V\u00eda de la Plata in Seville | Caracolvan Camper Rental\",\"isPartOf\":{\"@id\":\"https:\\\/\\\/caracolvan.com\\\/de\\\/#website\"},\"primaryImageOfPage\":{\"@id\":\"https:\\\/\\\/caracolvan.com\\\/de\\\/van-route-via-de-la-plata-in-seville\\\/#primaryimage\"},\"image\":{\"@id\":\"https:\\\/\\\/caracolvan.com\\\/de\\\/van-route-via-de-la-plata-in-seville\\\/#primaryimage\"},\"thumbnailUrl\":\"https:\\\/\\\/caracolvan.com\\\/wp-content\\\/uploads\\\/2017\\\/12\\\/pueblos-blancos-en-cadiz-3.jpg\",\"datePublished\":\"2017-12-27T14:48:58+00:00\",\"dateModified\":\"2025-06-03T08:33:29+00:00\",\"description\":\"Wenn Sie gerne Wandern, Radfahren und Reiten, empfehlen wir Ihnen, die Region V\u00eda de la Plata in Sevilla zu besuchen. Lebe die Natur!\",\"breadcrumb\":{\"@id\":\"https:\\\/\\\/caracolvan.com\\\/de\\\/van-route-via-de-la-plata-in-seville\\\/#breadcrumb\"},\"inLanguage\":\"de\",\"potentialAction\":[{\"@type\":\"ReadAction\",\"target\":[\"https:\\\/\\\/caracolvan.com\\\/de\\\/van-route-via-de-la-plata-in-seville\\\/\"]}]},{\"@type\":\"ImageObject\",\"inLanguage\":\"de\",\"@id\":\"https:\\\/\\\/caracolvan.com\\\/de\\\/van-route-via-de-la-plata-in-seville\\\/#primaryimage\",\"url\":\"https:\\\/\\\/caracolvan.com\\\/wp-content\\\/uploads\\\/2017\\\/12\\\/pueblos-blancos-en-cadiz-3.jpg\",\"contentUrl\":\"https:\\\/\\\/caracolvan.com\\\/wp-content\\\/uploads\\\/2017\\\/12\\\/pueblos-blancos-en-cadiz-3.jpg\",\"width\":1201,\"height\":801,\"caption\":\"Wei\u00dfe D\u00f6rfer von Cadiz\"},{\"@type\":\"BreadcrumbList\",\"@id\":\"https:\\\/\\\/caracolvan.com\\\/de\\\/van-route-via-de-la-plata-in-seville\\\/#breadcrumb\",\"itemListElement\":[{\"@type\":\"ListItem\",\"position\":1,\"name\":\"Portada\",\"item\":\"https:\\\/\\\/caracolvan.com\\\/de\\\/\"},{\"@type\":\"ListItem\",\"position\":2,\"name\":\"Van Route: V\u00eda de la Plata in Seville\"}]},{\"@type\":\"WebSite\",\"@id\":\"https:\\\/\\\/caracolvan.com\\\/de\\\/#website\",\"url\":\"https:\\\/\\\/caracolvan.com\\\/de\\\/\",\"name\":\"Alquiler Camper Rental - Caracolvan\",\"description\":\"Alquiler de furgonetas camper y autocaravanas\",\"publisher\":{\"@id\":\"https:\\\/\\\/caracolvan.com\\\/de\\\/#organization\"},\"potentialAction\":[{\"@type\":\"SearchAction\",\"target\":{\"@type\":\"EntryPoint\",\"urlTemplate\":\"https:\\\/\\\/caracolvan.com\\\/de\\\/?s={search_term_string}\"},\"query-input\":{\"@type\":\"PropertyValueSpecification\",\"valueRequired\":true,\"valueName\":\"search_term_string\"}}],\"inLanguage\":\"de\"},{\"@type\":\"Organization\",\"@id\":\"https:\\\/\\\/caracolvan.com\\\/de\\\/#organization\",\"name\":\"Caracolvan\",\"url\":\"https:\\\/\\\/caracolvan.com\\\/de\\\/\",\"logo\":{\"@type\":\"ImageObject\",\"inLanguage\":\"de\",\"@id\":\"https:\\\/\\\/caracolvan.com\\\/de\\\/#\\\/schema\\\/logo\\\/image\\\/\",\"url\":\"https:\\\/\\\/caracolvan.com\\\/wp-content\\\/uploads\\\/2023\\\/08\\\/caracolvan-logotipo.jpg\",\"contentUrl\":\"https:\\\/\\\/caracolvan.com\\\/wp-content\\\/uploads\\\/2023\\\/08\\\/caracolvan-logotipo.jpg\",\"width\":696,\"height\":696,\"caption\":\"Caracolvan\"},\"image\":{\"@id\":\"https:\\\/\\\/caracolvan.com\\\/de\\\/#\\\/schema\\\/logo\\\/image\\\/\"},\"sameAs\":[\"https:\\\/\\\/www.facebook.com\\\/Caracolvan\\\/\",\"https:\\\/\\\/x.com\\\/Caracolvan\"]},{\"@type\":\"Person\",\"@id\":\"https:\\\/\\\/caracolvan.com\\\/de\\\/#\\\/schema\\\/person\\\/4082cf95fd1be29a0f617f570d486970\",\"name\":\"Nacho Fern\u00e1ndez del Blanco\",\"image\":{\"@type\":\"ImageObject\",\"inLanguage\":\"de\",\"@id\":\"https:\\\/\\\/secure.gravatar.com\\\/avatar\\\/5f8fedd8535cdaa35a42bf0efb2be3e81fcaa7f2be2f6f0c41a988485f85d39d?s=96&d=mm&r=g\",\"url\":\"https:\\\/\\\/secure.gravatar.com\\\/avatar\\\/5f8fedd8535cdaa35a42bf0efb2be3e81fcaa7f2be2f6f0c41a988485f85d39d?s=96&d=mm&r=g\",\"contentUrl\":\"https:\\\/\\\/secure.gravatar.com\\\/avatar\\\/5f8fedd8535cdaa35a42bf0efb2be3e81fcaa7f2be2f6f0c41a988485f85d39d?s=96&d=mm&r=g\",\"caption\":\"Nacho Fern\u00e1ndez del Blanco\"},\"url\":\"https:\\\/\\\/caracolvan.com\\\/de\\\/author\\\/nacho\\\/\"}]}<\/script>\n<!-- \/ Yoast SEO Premium plugin. -->","yoast_head_json":{"title":"Van Route: V\u00eda de la Plata in Seville | Caracolvan Camper Rental","description":"Wenn Sie gerne Wandern, Radfahren und Reiten, empfehlen wir Ihnen, die Region V\u00eda de la Plata in Sevilla zu besuchen. Lebe die Natur!","robots":{"index":"index","follow":"follow","max-snippet":"max-snippet:-1","max-image-preview":"max-image-preview:large","max-video-preview":"max-video-preview:-1"},"canonical":"https:\/\/caracolvan.com\/de\/van-route-via-de-la-plata-in-seville\/","og_locale":"de_DE","og_type":"article","og_title":"Van Route: V\u00eda de la Plata in Seville","og_description":"Wenn Sie gerne Wandern, Radfahren und Reiten, empfehlen wir Ihnen, die Region V\u00eda de la Plata in Sevilla zu besuchen. Lebe die Natur!","og_url":"https:\/\/caracolvan.com\/de\/van-route-via-de-la-plata-in-seville\/","og_site_name":"Alquiler Camper Rental - Caracolvan","article_publisher":"https:\/\/www.facebook.com\/Caracolvan\/","article_published_time":"2017-12-27T14:48:58+00:00","article_modified_time":"2025-06-03T08:33:29+00:00","og_image":[{"width":1201,"height":801,"url":"https:\/\/caracolvan.com\/wp-content\/uploads\/2017\/12\/pueblos-blancos-en-cadiz-3.jpg","type":"image\/jpeg"}],"author":"Nacho Fern\u00e1ndez del Blanco","twitter_card":"summary_large_image","twitter_creator":"@Caracolvan","twitter_site":"@Caracolvan","twitter_misc":{"Verfasst von":"Nacho Fern\u00e1ndez del Blanco","Gesch\u00e4tzte Lesezeit":"4\u00a0Minuten"},"schema":{"@context":"https:\/\/schema.org","@graph":[{"@type":"Article","@id":"https:\/\/caracolvan.com\/de\/van-route-via-de-la-plata-in-seville\/#article","isPartOf":{"@id":"https:\/\/caracolvan.com\/de\/van-route-via-de-la-plata-in-seville\/"},"author":{"name":"Nacho Fern\u00e1ndez del Blanco","@id":"https:\/\/caracolvan.com\/de\/#\/schema\/person\/4082cf95fd1be29a0f617f570d486970"},"headline":"Van Route: V\u00eda de la Plata in Seville","datePublished":"2017-12-27T14:48:58+00:00","dateModified":"2025-06-03T08:33:29+00:00","mainEntityOfPage":{"@id":"https:\/\/caracolvan.com\/de\/van-route-via-de-la-plata-in-seville\/"},"wordCount":697,"publisher":{"@id":"https:\/\/caracolvan.com\/de\/#organization"},"image":{"@id":"https:\/\/caracolvan.com\/de\/van-route-via-de-la-plata-in-seville\/#primaryimage"},"thumbnailUrl":"https:\/\/caracolvan.com\/wp-content\/uploads\/2017\/12\/pueblos-blancos-en-cadiz-3.jpg","articleSection":["Camper Van Routen","Erlebe Andalusien"],"inLanguage":"de"},{"@type":"WebPage","@id":"https:\/\/caracolvan.com\/de\/van-route-via-de-la-plata-in-seville\/","url":"https:\/\/caracolvan.com\/de\/van-route-via-de-la-plata-in-seville\/","name":"Van Route: V\u00eda de la Plata in Seville | Caracolvan Camper Rental","isPartOf":{"@id":"https:\/\/caracolvan.com\/de\/#website"},"primaryImageOfPage":{"@id":"https:\/\/caracolvan.com\/de\/van-route-via-de-la-plata-in-seville\/#primaryimage"},"image":{"@id":"https:\/\/caracolvan.com\/de\/van-route-via-de-la-plata-in-seville\/#primaryimage"},"thumbnailUrl":"https:\/\/caracolvan.com\/wp-content\/uploads\/2017\/12\/pueblos-blancos-en-cadiz-3.jpg","datePublished":"2017-12-27T14:48:58+00:00","dateModified":"2025-06-03T08:33:29+00:00","description":"Wenn Sie gerne Wandern, Radfahren und Reiten, empfehlen wir Ihnen, die Region V\u00eda de la Plata in Sevilla zu besuchen. Lebe die Natur!","breadcrumb":{"@id":"https:\/\/caracolvan.com\/de\/van-route-via-de-la-plata-in-seville\/#breadcrumb"},"inLanguage":"de","potentialAction":[{"@type":"ReadAction","target":["https:\/\/caracolvan.com\/de\/van-route-via-de-la-plata-in-seville\/"]}]},{"@type":"ImageObject","inLanguage":"de","@id":"https:\/\/caracolvan.com\/de\/van-route-via-de-la-plata-in-seville\/#primaryimage","url":"https:\/\/caracolvan.com\/wp-content\/uploads\/2017\/12\/pueblos-blancos-en-cadiz-3.jpg","contentUrl":"https:\/\/caracolvan.com\/wp-content\/uploads\/2017\/12\/pueblos-blancos-en-cadiz-3.jpg","width":1201,"height":801,"caption":"Wei\u00dfe D\u00f6rfer von Cadiz"},{"@type":"BreadcrumbList","@id":"https:\/\/caracolvan.com\/de\/van-route-via-de-la-plata-in-seville\/#breadcrumb","itemListElement":[{"@type":"ListItem","position":1,"name":"Portada","item":"https:\/\/caracolvan.com\/de\/"},{"@type":"ListItem","position":2,"name":"Van Route: V\u00eda de la Plata in Seville"}]},{"@type":"WebSite","@id":"https:\/\/caracolvan.com\/de\/#website","url":"https:\/\/caracolvan.com\/de\/","name":"Alquiler Camper Rental - Caracolvan","description":"Alquiler de furgonetas camper y autocaravanas","publisher":{"@id":"https:\/\/caracolvan.com\/de\/#organization"},"potentialAction":[{"@type":"SearchAction","target":{"@type":"EntryPoint","urlTemplate":"https:\/\/caracolvan.com\/de\/?s={search_term_string}"},"query-input":{"@type":"PropertyValueSpecification","valueRequired":true,"valueName":"search_term_string"}}],"inLanguage":"de"},{"@type":"Organization","@id":"https:\/\/caracolvan.com\/de\/#organization","name":"Caracolvan","url":"https:\/\/caracolvan.com\/de\/","logo":{"@type":"ImageObject","inLanguage":"de","@id":"https:\/\/caracolvan.com\/de\/#\/schema\/logo\/image\/","url":"https:\/\/caracolvan.com\/wp-content\/uploads\/2023\/08\/caracolvan-logotipo.jpg","contentUrl":"https:\/\/caracolvan.com\/wp-content\/uploads\/2023\/08\/caracolvan-logotipo.jpg","width":696,"height":696,"caption":"Caracolvan"},"image":{"@id":"https:\/\/caracolvan.com\/de\/#\/schema\/logo\/image\/"},"sameAs":["https:\/\/www.facebook.com\/Caracolvan\/","https:\/\/x.com\/Caracolvan"]},{"@type":"Person","@id":"https:\/\/caracolvan.com\/de\/#\/schema\/person\/4082cf95fd1be29a0f617f570d486970","name":"Nacho Fern\u00e1ndez del Blanco","image":{"@type":"ImageObject","inLanguage":"de","@id":"https:\/\/secure.gravatar.com\/avatar\/5f8fedd8535cdaa35a42bf0efb2be3e81fcaa7f2be2f6f0c41a988485f85d39d?s=96&d=mm&r=g","url":"https:\/\/secure.gravatar.com\/avatar\/5f8fedd8535cdaa35a42bf0efb2be3e81fcaa7f2be2f6f0c41a988485f85d39d?s=96&d=mm&r=g","contentUrl":"https:\/\/secure.gravatar.com\/avatar\/5f8fedd8535cdaa35a42bf0efb2be3e81fcaa7f2be2f6f0c41a988485f85d39d?s=96&d=mm&r=g","caption":"Nacho Fern\u00e1ndez del Blanco"},"url":"https:\/\/caracolvan.com\/de\/author\/nacho\/"}]}},"_links":{"self":[{"href":"https:\/\/caracolvan.com\/de\/wp-json\/wp\/v2\/posts\/7522","targetHints":{"allow":["GET"]}}],"collection":[{"href":"https:\/\/caracolvan.com\/de\/wp-json\/wp\/v2\/posts"}],"about":[{"href":"https:\/\/caracolvan.com\/de\/wp-json\/wp\/v2\/types\/post"}],"author":[{"embeddable":true,"href":"https:\/\/caracolvan.com\/de\/wp-json\/wp\/v2\/users\/4"}],"replies":[{"embeddable":true,"href":"https:\/\/caracolvan.com\/de\/wp-json\/wp\/v2\/comments?post=7522"}],"version-history":[{"count":8,"href":"https:\/\/caracolvan.com\/de\/wp-json\/wp\/v2\/posts\/7522\/revisions"}],"predecessor-version":[{"id":7754,"href":"https:\/\/caracolvan.com\/de\/wp-json\/wp\/v2\/posts\/7522\/revisions\/7754"}],"wp:featuredmedia":[{"embeddable":true,"href":"https:\/\/caracolvan.com\/de\/wp-json\/wp\/v2\/media\/3671"}],"wp:attachment":[{"href":"https:\/\/caracolvan.com\/de\/wp-json\/wp\/v2\/media?parent=7522"}],"wp:term":[{"taxonomy":"category","embeddable":true,"href":"https:\/\/caracolvan.com\/de\/wp-json\/wp\/v2\/categories?post=7522"},{"taxonomy":"post_tag","embeddable":true,"href":"https:\/\/caracolvan.com\/de\/wp-json\/wp\/v2\/tags?post=7522"}],"curies":[{"name":"wp","href":"https:\/\/api.w.org\/{rel}","templated":true}]}}