{"id":15515,"date":"2020-05-26T14:26:27","date_gmt":"2020-05-26T12:26:27","guid":{"rendered":"https:\/\/caracolvan.com\/2025\/01\/23\/les-cornes-en-plein-soleil\/"},"modified":"2025-06-03T11:20:59","modified_gmt":"2025-06-03T09:20:59","slug":"les-cornes-en-plein-soleil","status":"publish","type":"post","link":"https:\/\/caracolvan.com\/fr\/les-cornes-en-plein-soleil\/","title":{"rendered":"Les cornes en plein soleil"},"content":{"rendered":"<p style=\"text-align: left;\">Il semble que le temps soit venu de <strong>penser \u00e0 sortir<\/strong>. Apr\u00e8s plus de deux mois, les choses changent et nous pouvons maintenant nous offrir le luxe de <strong>faire des projets<\/strong> pour le moment o\u00f9 \u00ab \u00e7a \u00bb laissera nos corps et nos t\u00eates libres. Nous pouvons presque commencer \u00e0 <strong>r\u00e9aliser <\/strong>nos <strong>r\u00eaves <\/strong>de <strong>vacances<\/strong>.<\/p>\n<p style=\"text-align: left;\"><img decoding=\"async\" class=\"aligncenter wp-image-8496 size-full\" src=\"https:\/\/caracolvan.com\/wp-content\/uploads\/2020\/05\/Caracolvan-alquiler-furgos-camper-COVID-19.jpg\" alt=\"La location de camping-cars Caracolvan fait sortir ses cornes au soleil apr\u00e8s le confinement\" width=\"800\" height=\"468\" srcset=\"https:\/\/caracolvan.com\/wp-content\/uploads\/2020\/05\/Caracolvan-alquiler-furgos-camper-COVID-19-300x176.jpg 300w, https:\/\/caracolvan.com\/wp-content\/uploads\/2020\/05\/Caracolvan-alquiler-furgos-camper-COVID-19-768x449.jpg 768w, https:\/\/caracolvan.com\/wp-content\/uploads\/2020\/05\/Caracolvan-alquiler-furgos-camper-COVID-19.jpg 800w\" sizes=\"(max-width: 800px) 100vw, 800px\" \/><\/p>\n<p style=\"text-align: left;\">A <strong>Caracolvan<\/strong>, nous avons \u00e9galement fait du surplace, inquiets et d\u00e9concert\u00e9s par ce qui se passait. Les <strong>camping-cars<\/strong> \u00e9taient dans la remise, mars, avril, mai... il manquait un <strong>printemps<\/strong>. Mais voil\u00e0, nous commen\u00e7ons \u00e0 <strong>sortir nos cornes au soleil<\/strong>, comme des escargots aux premi\u00e8res pluies.<\/p>\n<h4>Nos camping-cars sont toujours l\u00e0<\/h4>\n<p style=\"text-align: left;\">Nous voulons simplement vous dire que nous sommes toujours l\u00e0, que <strong>nos\/vos camping-cars sont pr\u00eats \u00e0 sortir et qu'ils vous attendront le temps qu'il faudra<\/strong>. Faites des <strong>plans<\/strong>, dessinez un <strong>itin\u00e9raire<\/strong>, demandez-nous des <strong>conseils<\/strong>, tout ce que vous voulez... tout est comme avant, ou mieux, parce que nous allons le prendre avec plus d'enthousiasme.<\/p>\n<p style=\"text-align: left;\"><img decoding=\"async\" class=\"aligncenter wp-image-8492 size-full\" src=\"https:\/\/caracolvan.com\/wp-content\/uploads\/2020\/05\/Ruta-camper-sierra-grazalema-cadiz.jpg\" alt=\"Road trip \u00e0 travers la sierra de Grazalema Cadiz\" width=\"800\" height=\"451\" srcset=\"https:\/\/caracolvan.com\/wp-content\/uploads\/2020\/05\/Ruta-camper-sierra-grazalema-cadiz-300x169.jpg 300w, https:\/\/caracolvan.com\/wp-content\/uploads\/2020\/05\/Ruta-camper-sierra-grazalema-cadiz-768x433.jpg 768w, https:\/\/caracolvan.com\/wp-content\/uploads\/2020\/05\/Ruta-camper-sierra-grazalema-cadiz.jpg 800w\" sizes=\"(max-width: 800px) 100vw, 800px\" \/><\/p>\n<p style=\"text-align: left;\">Nous avons fait ce qu'il fallait, nous avons pris les mesures les plus appropri\u00e9es pour que vous <strong>vous sentiez \u00e0 l'aise et en s\u00e9curit\u00e9 dans les camping-cars<\/strong>, et aussi pour que vous ne vous inqui\u00e9tiez pas si, pour une raison ou une autre, le cercle n'est pas ferm\u00e9 et que, \u00e0 la date choisie, vous ne pouvez pas sortir, il y aura une <strong>autre occasion pour tout le monde<\/strong>.<\/p>\n<p style=\"text-align: left;\"><img decoding=\"async\" class=\"aligncenter wp-image-8484 size-full\" src=\"https:\/\/caracolvan.com\/wp-content\/uploads\/2020\/05\/furgos-Camper-alquiler-caracolvan.jpg\" alt=\"Location de camping-cars \u00e0 Cadix Caracolvan\" width=\"800\" height=\"455\" srcset=\"https:\/\/caracolvan.com\/wp-content\/uploads\/2020\/05\/furgos-Camper-alquiler-caracolvan-300x171.jpg 300w, https:\/\/caracolvan.com\/wp-content\/uploads\/2020\/05\/furgos-Camper-alquiler-caracolvan-768x437.jpg 768w, https:\/\/caracolvan.com\/wp-content\/uploads\/2020\/05\/furgos-Camper-alquiler-caracolvan.jpg 800w\" sizes=\"(max-width: 800px) 100vw, 800px\" \/><\/p>\n<p style=\"text-align: left;\">Ces mots \u00e9taient juste pour vous dire que vous <strong>nous avez manqu\u00e9 \u00e0 Caracolvan<\/strong> et que <strong>si vous r\u00eavez de vacances en camping-car \u00e0 Cadix, en Andalousie ou ailleurs dans la p\u00e9ninsule, il n'y a probablement pas de meilleur moment qu'aujourd'hui<\/strong>. De notre c\u00f4t\u00e9, nous continuerons \u00e0 faire de notre mieux pour que votre <strong>exp\u00e9rience du camping-car<\/strong> soit la <strong>meilleure possible. <\/strong><\/p>\n<p style=\"text-align: left;\">Merci de faire confiance \u00e0 Caracolvan !<\/p>\n<ul>\n<li style=\"text-align: center;\">\n<h4 style=\"text-align: left;\"><a href=\"https:\/\/caracolvan.com\/2020\/05\/25\/protocolo-limpieza-camper-caracolvan\/\">Mesures prises pour le nettoyage des camping-cars<\/a><\/h4>\n<\/li>\n<li style=\"text-align: center;\">\n<h4 style=\"text-align: left;\"><a href=\"https:\/\/caracolvan.com\/covid-19\/\">Nouvelles conditions de r\u00e9servation flexibles <\/a><\/h4>\n<\/li>\n<\/ul>\n<p>[\/vc_column_text][\/vc_column][\/vc_row]<\/p>\n","protected":false},"excerpt":{"rendered":"<p>Il semble que le temps soit venu de penser \u00e0  [...]<\/p>\n","protected":false},"author":4,"featured_media":8498,"comment_status":"closed","ping_status":"open","sticky":false,"template":"","format":"standard","meta":{"_joinchat":[],"footnotes":""},"categories":[37],"tags":[],"class_list":["post-15515","post","type-post","status-publish","format-standard","has-post-thumbnail","hentry","category-decouvrir-andalousie"],"yoast_head":"<!-- This site is optimized with the Yoast SEO Premium plugin v27.2 (Yoast SEO v27.2) - https:\/\/yoast.com\/product\/yoast-seo-premium-wordpress\/ -->\n<title>Les cornes en plein soleil - Alquiler Camper Rental - Caracolvan<\/title>\n<meta name=\"description\" content=\"Si vous avez envie de passer des vacances en camping-car \u00e0 Cadix, en Andalousie ou ailleurs dans la p\u00e9ninsule, il n&#039;y a pas de meilleur moment. Caracol sort ses cornes du soleil.\" \/>\n<meta name=\"robots\" content=\"index, follow, max-snippet:-1, max-image-preview:large, max-video-preview:-1\" \/>\n<link rel=\"canonical\" href=\"https:\/\/caracolvan.com\/fr\/les-cornes-en-plein-soleil\/\" \/>\n<meta property=\"og:locale\" content=\"fr_FR\" \/>\n<meta property=\"og:type\" content=\"article\" \/>\n<meta property=\"og:title\" content=\"Les cornes en plein soleil\" \/>\n<meta property=\"og:description\" content=\"Si vous avez envie de passer des vacances en camping-car \u00e0 Cadix, en Andalousie ou ailleurs dans la p\u00e9ninsule, il n&#039;y a pas de meilleur moment. Caracol sort ses cornes du soleil.\" \/>\n<meta property=\"og:url\" content=\"https:\/\/caracolvan.com\/fr\/les-cornes-en-plein-soleil\/\" \/>\n<meta property=\"og:site_name\" content=\"Alquiler Camper Rental - Caracolvan\" \/>\n<meta property=\"article:publisher\" content=\"https:\/\/www.facebook.com\/Caracolvan\/\" \/>\n<meta property=\"article:published_time\" content=\"2020-05-26T12:26:27+00:00\" \/>\n<meta property=\"article:modified_time\" content=\"2025-06-03T09:20:59+00:00\" \/>\n<meta property=\"og:image\" content=\"https:\/\/caracolvan.com\/wp-content\/uploads\/2020\/05\/Caracolvan-alquiler-furgos-camper-COVID-19.jpg\" \/>\n\t<meta property=\"og:image:width\" content=\"800\" \/>\n\t<meta property=\"og:image:height\" content=\"468\" \/>\n\t<meta property=\"og:image:type\" content=\"image\/jpeg\" \/>\n<meta name=\"author\" content=\"Nacho Fern\u00e1ndez del Blanco\" \/>\n<meta name=\"twitter:card\" content=\"summary_large_image\" \/>\n<meta name=\"twitter:creator\" content=\"@Caracolvan\" \/>\n<meta name=\"twitter:site\" content=\"@Caracolvan\" \/>\n<meta name=\"twitter:label1\" content=\"\u00c9crit par\" \/>\n\t<meta name=\"twitter:data1\" content=\"Nacho Fern\u00e1ndez del Blanco\" \/>\n\t<meta name=\"twitter:label2\" content=\"Dur\u00e9e de lecture estim\u00e9e\" \/>\n\t<meta name=\"twitter:data2\" content=\"3 minutes\" \/>\n<script type=\"application\/ld+json\" class=\"yoast-schema-graph\">{\"@context\":\"https:\/\/schema.org\",\"@graph\":[{\"@type\":\"Article\",\"@id\":\"https:\/\/caracolvan.com\/fr\/les-cornes-en-plein-soleil\/#article\",\"isPartOf\":{\"@id\":\"https:\/\/caracolvan.com\/fr\/les-cornes-en-plein-soleil\/\"},\"author\":{\"name\":\"Nacho Fern\u00e1ndez del Blanco\",\"@id\":\"https:\/\/caracolvan.com\/fr\/#\/schema\/person\/4082cf95fd1be29a0f617f570d486970\"},\"headline\":\"Les cornes en plein soleil\",\"datePublished\":\"2020-05-26T12:26:27+00:00\",\"dateModified\":\"2025-06-03T09:20:59+00:00\",\"mainEntityOfPage\":{\"@id\":\"https:\/\/caracolvan.com\/fr\/les-cornes-en-plein-soleil\/\"},\"wordCount\":335,\"publisher\":{\"@id\":\"https:\/\/caracolvan.com\/fr\/#organization\"},\"image\":{\"@id\":\"https:\/\/caracolvan.com\/fr\/les-cornes-en-plein-soleil\/#primaryimage\"},\"thumbnailUrl\":\"https:\/\/caracolvan.com\/wp-content\/uploads\/2020\/05\/Caracolvan-alquiler-furgos-camper-COVID-19.jpg\",\"articleSection\":[\"D\u00e9couvrir Andalousie\"],\"inLanguage\":\"fr-FR\"},{\"@type\":\"WebPage\",\"@id\":\"https:\/\/caracolvan.com\/fr\/les-cornes-en-plein-soleil\/\",\"url\":\"https:\/\/caracolvan.com\/fr\/les-cornes-en-plein-soleil\/\",\"name\":\"Les cornes en plein soleil - Alquiler Camper Rental - Caracolvan\",\"isPartOf\":{\"@id\":\"https:\/\/caracolvan.com\/fr\/#website\"},\"primaryImageOfPage\":{\"@id\":\"https:\/\/caracolvan.com\/fr\/les-cornes-en-plein-soleil\/#primaryimage\"},\"image\":{\"@id\":\"https:\/\/caracolvan.com\/fr\/les-cornes-en-plein-soleil\/#primaryimage\"},\"thumbnailUrl\":\"https:\/\/caracolvan.com\/wp-content\/uploads\/2020\/05\/Caracolvan-alquiler-furgos-camper-COVID-19.jpg\",\"datePublished\":\"2020-05-26T12:26:27+00:00\",\"dateModified\":\"2025-06-03T09:20:59+00:00\",\"description\":\"Si vous avez envie de passer des vacances en camping-car \u00e0 Cadix, en Andalousie ou ailleurs dans la p\u00e9ninsule, il n'y a pas de meilleur moment. Caracol sort ses cornes du soleil.\",\"breadcrumb\":{\"@id\":\"https:\/\/caracolvan.com\/fr\/les-cornes-en-plein-soleil\/#breadcrumb\"},\"inLanguage\":\"fr-FR\",\"potentialAction\":[{\"@type\":\"ReadAction\",\"target\":[\"https:\/\/caracolvan.com\/fr\/les-cornes-en-plein-soleil\/\"]}]},{\"@type\":\"ImageObject\",\"inLanguage\":\"fr-FR\",\"@id\":\"https:\/\/caracolvan.com\/fr\/les-cornes-en-plein-soleil\/#primaryimage\",\"url\":\"https:\/\/caracolvan.com\/wp-content\/uploads\/2020\/05\/Caracolvan-alquiler-furgos-camper-COVID-19.jpg\",\"contentUrl\":\"https:\/\/caracolvan.com\/wp-content\/uploads\/2020\/05\/Caracolvan-alquiler-furgos-camper-COVID-19.jpg\",\"width\":800,\"height\":468,\"caption\":\"Caracolvan-alquiler-furgos-camper-COVID-19\"},{\"@type\":\"BreadcrumbList\",\"@id\":\"https:\/\/caracolvan.com\/fr\/les-cornes-en-plein-soleil\/#breadcrumb\",\"itemListElement\":[{\"@type\":\"ListItem\",\"position\":1,\"name\":\"Portada\",\"item\":\"https:\/\/caracolvan.com\/fr\/\"},{\"@type\":\"ListItem\",\"position\":2,\"name\":\"Les cornes en plein soleil\"}]},{\"@type\":\"WebSite\",\"@id\":\"https:\/\/caracolvan.com\/fr\/#website\",\"url\":\"https:\/\/caracolvan.com\/fr\/\",\"name\":\"Alquiler Camper Rental - Caracolvan\",\"description\":\"Alquiler de furgonetas camper y autocaravanas\",\"publisher\":{\"@id\":\"https:\/\/caracolvan.com\/fr\/#organization\"},\"potentialAction\":[{\"@type\":\"SearchAction\",\"target\":{\"@type\":\"EntryPoint\",\"urlTemplate\":\"https:\/\/caracolvan.com\/fr\/?s={search_term_string}\"},\"query-input\":{\"@type\":\"PropertyValueSpecification\",\"valueRequired\":true,\"valueName\":\"search_term_string\"}}],\"inLanguage\":\"fr-FR\"},{\"@type\":\"Organization\",\"@id\":\"https:\/\/caracolvan.com\/fr\/#organization\",\"name\":\"Caracolvan\",\"url\":\"https:\/\/caracolvan.com\/fr\/\",\"logo\":{\"@type\":\"ImageObject\",\"inLanguage\":\"fr-FR\",\"@id\":\"https:\/\/caracolvan.com\/fr\/#\/schema\/logo\/image\/\",\"url\":\"https:\/\/caracolvan.com\/wp-content\/uploads\/2023\/08\/caracolvan-logotipo.jpg\",\"contentUrl\":\"https:\/\/caracolvan.com\/wp-content\/uploads\/2023\/08\/caracolvan-logotipo.jpg\",\"width\":696,\"height\":696,\"caption\":\"Caracolvan\"},\"image\":{\"@id\":\"https:\/\/caracolvan.com\/fr\/#\/schema\/logo\/image\/\"},\"sameAs\":[\"https:\/\/www.facebook.com\/Caracolvan\/\",\"https:\/\/x.com\/Caracolvan\"]},{\"@type\":\"Person\",\"@id\":\"https:\/\/caracolvan.com\/fr\/#\/schema\/person\/4082cf95fd1be29a0f617f570d486970\",\"name\":\"Nacho Fern\u00e1ndez del Blanco\",\"image\":{\"@type\":\"ImageObject\",\"inLanguage\":\"fr-FR\",\"@id\":\"https:\/\/secure.gravatar.com\/avatar\/5f8fedd8535cdaa35a42bf0efb2be3e81fcaa7f2be2f6f0c41a988485f85d39d?s=96&d=mm&r=g\",\"url\":\"https:\/\/secure.gravatar.com\/avatar\/5f8fedd8535cdaa35a42bf0efb2be3e81fcaa7f2be2f6f0c41a988485f85d39d?s=96&d=mm&r=g\",\"contentUrl\":\"https:\/\/secure.gravatar.com\/avatar\/5f8fedd8535cdaa35a42bf0efb2be3e81fcaa7f2be2f6f0c41a988485f85d39d?s=96&d=mm&r=g\",\"caption\":\"Nacho Fern\u00e1ndez del Blanco\"},\"url\":\"https:\/\/caracolvan.com\/fr\/author\/nacho\/\"}]}<\/script>\n<!-- \/ Yoast SEO Premium plugin. -->","yoast_head_json":{"title":"Les cornes en plein soleil - Alquiler Camper Rental - Caracolvan","description":"Si vous avez envie de passer des vacances en camping-car \u00e0 Cadix, en Andalousie ou ailleurs dans la p\u00e9ninsule, il n'y a pas de meilleur moment. Caracol sort ses cornes du soleil.","robots":{"index":"index","follow":"follow","max-snippet":"max-snippet:-1","max-image-preview":"max-image-preview:large","max-video-preview":"max-video-preview:-1"},"canonical":"https:\/\/caracolvan.com\/fr\/les-cornes-en-plein-soleil\/","og_locale":"fr_FR","og_type":"article","og_title":"Les cornes en plein soleil","og_description":"Si vous avez envie de passer des vacances en camping-car \u00e0 Cadix, en Andalousie ou ailleurs dans la p\u00e9ninsule, il n'y a pas de meilleur moment. Caracol sort ses cornes du soleil.","og_url":"https:\/\/caracolvan.com\/fr\/les-cornes-en-plein-soleil\/","og_site_name":"Alquiler Camper Rental - Caracolvan","article_publisher":"https:\/\/www.facebook.com\/Caracolvan\/","article_published_time":"2020-05-26T12:26:27+00:00","article_modified_time":"2025-06-03T09:20:59+00:00","og_image":[{"width":800,"height":468,"url":"https:\/\/caracolvan.com\/wp-content\/uploads\/2020\/05\/Caracolvan-alquiler-furgos-camper-COVID-19.jpg","type":"image\/jpeg"}],"author":"Nacho Fern\u00e1ndez del Blanco","twitter_card":"summary_large_image","twitter_creator":"@Caracolvan","twitter_site":"@Caracolvan","twitter_misc":{"\u00c9crit par":"Nacho Fern\u00e1ndez del Blanco","Dur\u00e9e de lecture estim\u00e9e":"3 minutes"},"schema":{"@context":"https:\/\/schema.org","@graph":[{"@type":"Article","@id":"https:\/\/caracolvan.com\/fr\/les-cornes-en-plein-soleil\/#article","isPartOf":{"@id":"https:\/\/caracolvan.com\/fr\/les-cornes-en-plein-soleil\/"},"author":{"name":"Nacho Fern\u00e1ndez del Blanco","@id":"https:\/\/caracolvan.com\/fr\/#\/schema\/person\/4082cf95fd1be29a0f617f570d486970"},"headline":"Les cornes en plein soleil","datePublished":"2020-05-26T12:26:27+00:00","dateModified":"2025-06-03T09:20:59+00:00","mainEntityOfPage":{"@id":"https:\/\/caracolvan.com\/fr\/les-cornes-en-plein-soleil\/"},"wordCount":335,"publisher":{"@id":"https:\/\/caracolvan.com\/fr\/#organization"},"image":{"@id":"https:\/\/caracolvan.com\/fr\/les-cornes-en-plein-soleil\/#primaryimage"},"thumbnailUrl":"https:\/\/caracolvan.com\/wp-content\/uploads\/2020\/05\/Caracolvan-alquiler-furgos-camper-COVID-19.jpg","articleSection":["D\u00e9couvrir Andalousie"],"inLanguage":"fr-FR"},{"@type":"WebPage","@id":"https:\/\/caracolvan.com\/fr\/les-cornes-en-plein-soleil\/","url":"https:\/\/caracolvan.com\/fr\/les-cornes-en-plein-soleil\/","name":"Les cornes en plein soleil - Alquiler Camper Rental - Caracolvan","isPartOf":{"@id":"https:\/\/caracolvan.com\/fr\/#website"},"primaryImageOfPage":{"@id":"https:\/\/caracolvan.com\/fr\/les-cornes-en-plein-soleil\/#primaryimage"},"image":{"@id":"https:\/\/caracolvan.com\/fr\/les-cornes-en-plein-soleil\/#primaryimage"},"thumbnailUrl":"https:\/\/caracolvan.com\/wp-content\/uploads\/2020\/05\/Caracolvan-alquiler-furgos-camper-COVID-19.jpg","datePublished":"2020-05-26T12:26:27+00:00","dateModified":"2025-06-03T09:20:59+00:00","description":"Si vous avez envie de passer des vacances en camping-car \u00e0 Cadix, en Andalousie ou ailleurs dans la p\u00e9ninsule, il n'y a pas de meilleur moment. Caracol sort ses cornes du soleil.","breadcrumb":{"@id":"https:\/\/caracolvan.com\/fr\/les-cornes-en-plein-soleil\/#breadcrumb"},"inLanguage":"fr-FR","potentialAction":[{"@type":"ReadAction","target":["https:\/\/caracolvan.com\/fr\/les-cornes-en-plein-soleil\/"]}]},{"@type":"ImageObject","inLanguage":"fr-FR","@id":"https:\/\/caracolvan.com\/fr\/les-cornes-en-plein-soleil\/#primaryimage","url":"https:\/\/caracolvan.com\/wp-content\/uploads\/2020\/05\/Caracolvan-alquiler-furgos-camper-COVID-19.jpg","contentUrl":"https:\/\/caracolvan.com\/wp-content\/uploads\/2020\/05\/Caracolvan-alquiler-furgos-camper-COVID-19.jpg","width":800,"height":468,"caption":"Caracolvan-alquiler-furgos-camper-COVID-19"},{"@type":"BreadcrumbList","@id":"https:\/\/caracolvan.com\/fr\/les-cornes-en-plein-soleil\/#breadcrumb","itemListElement":[{"@type":"ListItem","position":1,"name":"Portada","item":"https:\/\/caracolvan.com\/fr\/"},{"@type":"ListItem","position":2,"name":"Les cornes en plein soleil"}]},{"@type":"WebSite","@id":"https:\/\/caracolvan.com\/fr\/#website","url":"https:\/\/caracolvan.com\/fr\/","name":"Alquiler Camper Rental - Caracolvan","description":"Alquiler de furgonetas camper y autocaravanas","publisher":{"@id":"https:\/\/caracolvan.com\/fr\/#organization"},"potentialAction":[{"@type":"SearchAction","target":{"@type":"EntryPoint","urlTemplate":"https:\/\/caracolvan.com\/fr\/?s={search_term_string}"},"query-input":{"@type":"PropertyValueSpecification","valueRequired":true,"valueName":"search_term_string"}}],"inLanguage":"fr-FR"},{"@type":"Organization","@id":"https:\/\/caracolvan.com\/fr\/#organization","name":"Caracolvan","url":"https:\/\/caracolvan.com\/fr\/","logo":{"@type":"ImageObject","inLanguage":"fr-FR","@id":"https:\/\/caracolvan.com\/fr\/#\/schema\/logo\/image\/","url":"https:\/\/caracolvan.com\/wp-content\/uploads\/2023\/08\/caracolvan-logotipo.jpg","contentUrl":"https:\/\/caracolvan.com\/wp-content\/uploads\/2023\/08\/caracolvan-logotipo.jpg","width":696,"height":696,"caption":"Caracolvan"},"image":{"@id":"https:\/\/caracolvan.com\/fr\/#\/schema\/logo\/image\/"},"sameAs":["https:\/\/www.facebook.com\/Caracolvan\/","https:\/\/x.com\/Caracolvan"]},{"@type":"Person","@id":"https:\/\/caracolvan.com\/fr\/#\/schema\/person\/4082cf95fd1be29a0f617f570d486970","name":"Nacho Fern\u00e1ndez del Blanco","image":{"@type":"ImageObject","inLanguage":"fr-FR","@id":"https:\/\/secure.gravatar.com\/avatar\/5f8fedd8535cdaa35a42bf0efb2be3e81fcaa7f2be2f6f0c41a988485f85d39d?s=96&d=mm&r=g","url":"https:\/\/secure.gravatar.com\/avatar\/5f8fedd8535cdaa35a42bf0efb2be3e81fcaa7f2be2f6f0c41a988485f85d39d?s=96&d=mm&r=g","contentUrl":"https:\/\/secure.gravatar.com\/avatar\/5f8fedd8535cdaa35a42bf0efb2be3e81fcaa7f2be2f6f0c41a988485f85d39d?s=96&d=mm&r=g","caption":"Nacho Fern\u00e1ndez del Blanco"},"url":"https:\/\/caracolvan.com\/fr\/author\/nacho\/"}]}},"_links":{"self":[{"href":"https:\/\/caracolvan.com\/fr\/wp-json\/wp\/v2\/posts\/15515","targetHints":{"allow":["GET"]}}],"collection":[{"href":"https:\/\/caracolvan.com\/fr\/wp-json\/wp\/v2\/posts"}],"about":[{"href":"https:\/\/caracolvan.com\/fr\/wp-json\/wp\/v2\/types\/post"}],"author":[{"embeddable":true,"href":"https:\/\/caracolvan.com\/fr\/wp-json\/wp\/v2\/users\/4"}],"replies":[{"embeddable":true,"href":"https:\/\/caracolvan.com\/fr\/wp-json\/wp\/v2\/comments?post=15515"}],"version-history":[{"count":2,"href":"https:\/\/caracolvan.com\/fr\/wp-json\/wp\/v2\/posts\/15515\/revisions"}],"predecessor-version":[{"id":15906,"href":"https:\/\/caracolvan.com\/fr\/wp-json\/wp\/v2\/posts\/15515\/revisions\/15906"}],"wp:featuredmedia":[{"embeddable":true,"href":"https:\/\/caracolvan.com\/fr\/wp-json\/wp\/v2\/media\/8498"}],"wp:attachment":[{"href":"https:\/\/caracolvan.com\/fr\/wp-json\/wp\/v2\/media?parent=15515"}],"wp:term":[{"taxonomy":"category","embeddable":true,"href":"https:\/\/caracolvan.com\/fr\/wp-json\/wp\/v2\/categories?post=15515"},{"taxonomy":"post_tag","embeddable":true,"href":"https:\/\/caracolvan.com\/fr\/wp-json\/wp\/v2\/tags?post=15515"}],"curies":[{"name":"wp","href":"https:\/\/api.w.org\/{rel}","templated":true}]}}