{"id":15528,"date":"2019-06-26T14:05:25","date_gmt":"2019-06-26T12:05:25","guid":{"rendered":"https:\/\/caracolvan.com\/2025\/01\/24\/lessentiel-pour-votre-voyage-en-camping-car\/"},"modified":"2025-06-03T11:19:54","modified_gmt":"2025-06-03T09:19:54","slug":"lessentiel-pour-votre-voyage-en-camping-car","status":"publish","type":"post","link":"https:\/\/caracolvan.com\/fr\/lessentiel-pour-votre-voyage-en-camping-car\/","title":{"rendered":"L'essentiel pour votre voyage en camping-car"},"content":{"rendered":"<p>Partir en voyage est toujours excitant, un m\u00e9lange d'excitation et de nervosit\u00e9 qui atteint son paroxysme au moment de faire sa valise. Que dois-je emporter ? Quel temps fera-t-il ? Dois-je emporter mes tongs et mon imperm\u00e9able ? Ce n\u2019est qu\u2019apr\u00e8s avoir verrouill\u00e9 la porte de notre maison et nous \u00eatre \u00e9loign\u00e9s de quelques m\u00e8tres de notre doux foyer que nous disons : \u00ab J\u2019ai mon <strong>passeport <\/strong>et mon portefeuille, c'est tout ! Le reste peut \u00eatre r\u00e9par\u00e9. Si notre <strong>voyage <\/strong>se fait \u00e9galement en <strong>camping-car,<\/strong> que ce soit la premi\u00e8re exp\u00e9rience ou non, la tension augmente. Aurez-vous des serviettes, une lampe de poche\u2026? Eh bien, nous allons essayer de dissiper tous les doutes que vous pourriez avoir sur les choses <strong>essentielles dont vous avez besoin pour votre voyage en camping-car<\/strong> et ce qu\u2019il est le plus recommand\u00e9 d\u2019emporter dans votre valise pour profiter de vos <strong>vacances <\/strong>lors d\u2019un <strong>\u00ab road trip \u00bb<\/strong> inoubliable.<\/p>\n<h2>\u00c9QUIPEMENT ESSENTIEL POUR CAMPING-CAR<\/h2>\n<div id=\"attachment_7794\" style=\"width: 1034px\" class=\"wp-caption alignnone\"><img decoding=\"async\" aria-describedby=\"caption-attachment-7794\" class=\"wp-image-7792 size-large\" title=\"\u00c9quipements inclus dans les camping-cars Caracolvan\" src=\"https:\/\/caracolvan.com\/wp-content\/uploads\/2019\/05\/1-Vw-T6-California-equipamiento-cenit-1080x1080-1024x1024.jpg\" alt=\"Equipements de nos camping-cars de location Caracolvan \" width=\"1024\" height=\"1024\" srcset=\"https:\/\/caracolvan.com\/wp-content\/uploads\/2019\/05\/1-Vw-T6-California-equipamiento-cenit-1080x1080-150x150.jpg 150w, https:\/\/caracolvan.com\/wp-content\/uploads\/2019\/05\/1-Vw-T6-California-equipamiento-cenit-1080x1080-300x300.jpg 300w, https:\/\/caracolvan.com\/wp-content\/uploads\/2019\/05\/1-Vw-T6-California-equipamiento-cenit-1080x1080-768x768.jpg 768w, https:\/\/caracolvan.com\/wp-content\/uploads\/2019\/05\/1-Vw-T6-California-equipamiento-cenit-1080x1080-1024x1024.jpg 1024w, https:\/\/caracolvan.com\/wp-content\/uploads\/2019\/05\/1-Vw-T6-California-equipamiento-cenit-1080x1080.jpg 1080w\" sizes=\"(max-width: 1024px) 100vw, 1024px\" \/><p id=\"caption-attachment-7794\" class=\"wp-caption-text\"><em><span style=\"font-size: 16px;\">\u00c9quipements inclus dans les camping-cars de location Caracolvan<\/span><\/em><\/p><\/div>\n<p>Presque tous les <strong>camping-cars<\/strong> ou <strong>camping-cars<\/strong>, qu'ils <strong>soient <\/strong><strong>lou\u00e9s <\/strong>ou non, sont \u00e9quip\u00e9s d'une s\u00e9rie d'\u00e9l\u00e9ments de base pour nous permettre une vie <strong>nomade confortable<\/strong>. Les <strong>camping-cars Caracolvan \u00e0 louer<\/strong> comprennent \u00e9galement une gamme <a href=\"https:\/\/caracolvan.com\/fr\/equipement-et-extras\/\"><strong>compl\u00e8te d'\u00e9quipements suppl\u00e9mentaires inclus dans le prix,<\/strong><\/a> ce qui signifie que nous n'aurons pas \u00e0 apporter ou \u00e0 payer de suppl\u00e9ment pour avoir notre petite maison sur roues pr\u00eate \u00e0 profiter des vacances.<\/p>\n<h3>LITERIE ou SAC ?<\/h3>\n<p>Nous commen\u00e7ons par le plus basique, un lit pour dormir confortablement et profond\u00e9ment. La plupart des gens emportent leur sac de couchage lorsqu'ils partent en <strong>camping<\/strong>, mais en <strong>camping-car<\/strong>, nous pr\u00e9f\u00e9rons emporter notre couette et nos draps. Parce que? Parce que le lit reste fait et qu'on <strong>dort mieux avec des draps<\/strong>. C'est pourquoi nous incluons la literie correspondante,<strong> les draps (drap-housse et housse de couette) pour la couette et quelques oreillers<\/strong>. C'est basique et est<strong> inclus dans tous nos fourgons de location<\/strong>. Seulement si vous \u00eates trois ou quatre personnes, vous devez nous signaler l'ajout d'un \u00ab pack \u00bb suppl\u00e9mentaire pour tous les occupants, ce qui entra\u00eene un petit suppl\u00e9ment de prix. Vous \u00eates plut\u00f4t du genre sac en toile ? Et bien, jetez-le dans votre sac \u00e0 dos, il vous permettra toujours de <strong>dormir une journ\u00e9e \u00e0 la belle \u00e9toile. <\/strong><\/p>\n<p><img decoding=\"async\" class=\"alignnone wp-image-7808 size-large\" title=\"Valise pr\u00eate pour un voyage en camping-car\" src=\"https:\/\/caracolvan.com\/wp-content\/uploads\/2019\/05\/5-maleta-llena-ropa-1-1024x576.jpg\" alt=\"Nous ne portons jamais tous les v\u00eatements que nous mettons dans notre valise.\" width=\"1024\" height=\"576\" srcset=\"https:\/\/caracolvan.com\/wp-content\/uploads\/2019\/05\/5-maleta-llena-ropa-1-300x169.jpg 300w, https:\/\/caracolvan.com\/wp-content\/uploads\/2019\/05\/5-maleta-llena-ropa-1-768x432.jpg 768w, https:\/\/caracolvan.com\/wp-content\/uploads\/2019\/05\/5-maleta-llena-ropa-1-1024x576.jpg 1024w, https:\/\/caracolvan.com\/wp-content\/uploads\/2019\/05\/5-maleta-llena-ropa-1.jpg 1080w\" sizes=\"(max-width: 1024px) 100vw, 1024px\" \/><\/p>\n<p><em>Je vends quelques conseils mais je n'en ai pas pour moi : n'emportez que la moiti\u00e9 des v\u00eatements que vous pr\u00e9voyez d'emporter en vacances. Vous ne l\u2019utiliserez jamais en entier ! <\/em><\/p>\n<h3>BAIN, SERVIETTES ET SHAMPOING<\/h3>\n<p>Plage ou montagne ? Peu importe, vous avez une <strong>douche incluse dans votre van<\/strong> (avec eau chaude et \u00e0 l'int\u00e9rieur si vous avez choisi le <a href=\"https:\/\/caracolvan.com\/fr\/maxi-camper-weinsberg-clever\/\"><strong>Maxi Camper<\/strong><\/a> ou \u00e0 l'ext\u00e9rieur et eau \u00e0 temp\u00e9rature ambiante si vous partez en <a href=\"https:\/\/caracolvan.com\/fr\/volkswagen-t6-california\/\">Vw <strong>California<\/strong><\/a> ou <strong>Eco Camper<\/strong>). C'est pourquoi nous incluons quelques serviettes de bain par personne, une pour la douche et une pour la main, et bien s\u00fbr, une serviette de plage au cas o\u00f9 vous vous baigneriez dans la mer ou la rivi\u00e8re. Concernant les articles d'hygi\u00e8ne, nous vous conseillons d'emporter une <strong>trousse de toilette<\/strong> compl\u00e8te, gel douche, shampoing, etc., et des tongs sont toujours utiles et ne prennent pas de place dans votre valise. Les produits <strong>chimiques pour toilettes sont inclus dans le prix de location,<\/strong> que vous preniez un Weisnberg Carabus (Maxi Camper) ou que vous louiez les <strong>toilettes portables<\/strong> dans l'un des autres fourgons.<\/p>\n<p><img decoding=\"async\" class=\"alignnone wp-image-7796 size-large\" title=\"Tout inclus dans les camping-cars Caracolvan\" src=\"https:\/\/caracolvan.com\/wp-content\/uploads\/2019\/05\/2-Vw-T5-California-armario-1-1024x683.jpg\" alt=\"Draps et serviettes inclus dans la location du camping-car\" width=\"1024\" height=\"683\" srcset=\"https:\/\/caracolvan.com\/wp-content\/uploads\/2019\/05\/2-Vw-T5-California-armario-1-300x200.jpg 300w, https:\/\/caracolvan.com\/wp-content\/uploads\/2019\/05\/2-Vw-T5-California-armario-1-768x512.jpg 768w, https:\/\/caracolvan.com\/wp-content\/uploads\/2019\/05\/2-Vw-T5-California-armario-1-1024x683.jpg 1024w, https:\/\/caracolvan.com\/wp-content\/uploads\/2019\/05\/2-Vw-T5-California-armario-1.jpg 1080w\" sizes=\"(max-width: 1024px) 100vw, 1024px\" \/><\/p>\n<p><em>Des serviettes pour deux personnes sont incluses dans votre van de location Caracolvan. C'est aussi une plage pour que vous puissiez profiter pleinement de <a href=\"http:\/\/www.cadizturismo.com\/\">Cadix<\/a>. Ainsi que la literie. <\/em><\/p>\n<h3>MANGER ET SE GRATTER<\/h3>\n<p>Tout est une question de d\u00e9marrage, vous savez. Nos <strong>camping-cars de location<\/strong> sont \u00e9quip\u00e9s d'une <strong>cuisine enti\u00e8rement fonctionnell<\/strong>e. Allez, vous pouvez faire un rago\u00fbt de lentilles si vous en avez envie et si vous avez du temps. Un ou deux br\u00fbleurs \u00e0 gaz (le premier remplissage est inclus), un <strong>\u00e9vier <\/strong>et un <strong>r\u00e9frig\u00e9rateur <\/strong>\u00e0 compresseur (un vrai), qui refroidit et garde les bi\u00e8res bien fra\u00eeches. Nous <strong>incluons \u00e9galement tout le n\u00e9cessaire pour manger <\/strong>(assiettes, verres, couverts...) <strong>et pour cuisiner<\/strong> (po\u00eales, cocottes, planche \u00e0 d\u00e9couper...) ahhh l'autocuiseur pour les lentilles est en option ;-). Importante <strong>cafeti\u00e8re italienne<\/strong> pour les amateurs de caf\u00e9. \u00c0 partir de l\u00e0, que l'on souhaite manger tous les jours dans le van ou se r\u00e9galer des sp\u00e9cialit\u00e9s de la r\u00e9gion, c'est au choix de chacun. Nous vous recommandons de varier les plaisirs afin de ne pas d\u00e9passer votre budget, en alternant les <strong>repas dans le van avec un d\u00e9jeuner\/d\u00eener au restaurant<\/strong>. Faites toutefois vos achats dans les <strong>commerces locaux<\/strong>, car il y a toujours des choses surprenantes dans la <strong>gastronomie de chaque ville.<\/strong><\/p>\n<h4>PANTALON OU JUPE<\/h4>\n<p>Les v\u00eatements sont un monde pour chaque personne, mais une chose est universelle. Nous <strong>transportons toujours plus de choses dans notre valise que ce dont nous avons besoin<\/strong>. En tenant compte de la p\u00e9riode de l\u2019ann\u00e9e et de la destination, nous inclurons les choses les plus courantes. C'est logique. Mais c\u2019est le \u00ab au cas o\u00f9 \u00bb qui nous ruine chez <a href=\"https:\/\/www.ryanair.com\" target=\"_blank\" rel=\"noopener noreferrer\">Ryanair<\/a>. La meilleure chose \u00e0 faire lorsque vous <strong>voyagez en camping-car<\/strong> est de porter des <strong>v\u00eatements confortables et polyvalents,<\/strong> quelque <strong>chose de chaud<\/strong> et bien s\u00fbr un<strong> maillot de bain<\/strong>. Et tout cela emball\u00e9 dans une <strong>valise souple<\/strong>, car le <strong>camping-car dispose<\/strong> de ses propres <strong>placards <\/strong>o\u00f9 nous pouvons l'organiser puis replier la valise dans le coffre. Les valises rigides sont p\u00e9nibles lorsqu'elles sont vides, elles passent toute la journ\u00e9e \u00e0 se d\u00e9placer de l'arri\u00e8re vers l'avant. N'oublions pas qu'il existe des <a href=\"https:\/\/caracolvan.com\/2017\/12\/27\/como-lavar-la-ropa-cuando-se-va-en-furgoneta\/\"><strong>laveries <\/strong><\/a>dans la plupart des campings et des villes, o\u00f9, si nos vacances sont longues, nous pouvons faire la lessive et il n'est pas n\u00e9cessaire d'apporter des v\u00eatements de rechange propres pour chaque jour de voyage.<\/p>\n<p><img decoding=\"async\" class=\"alignnone wp-image-7800 size-large\" title=\"vos bagages dans une valise souple pour voyager en van\" src=\"https:\/\/caracolvan.com\/wp-content\/uploads\/2019\/05\/3-maleta-blanda-vs-maleta-dura-1-1024x683.jpg\" alt=\"Une valise souple est plus utile dans une camionnette.\" width=\"1024\" height=\"683\" srcset=\"https:\/\/caracolvan.com\/wp-content\/uploads\/2019\/05\/3-maleta-blanda-vs-maleta-dura-1-300x200.jpg 300w, https:\/\/caracolvan.com\/wp-content\/uploads\/2019\/05\/3-maleta-blanda-vs-maleta-dura-1-768x512.jpg 768w, https:\/\/caracolvan.com\/wp-content\/uploads\/2019\/05\/3-maleta-blanda-vs-maleta-dura-1-1024x683.jpg 1024w, https:\/\/caracolvan.com\/wp-content\/uploads\/2019\/05\/3-maleta-blanda-vs-maleta-dura-1.jpg 1080w\" sizes=\"(max-width: 1024px) 100vw, 1024px\" \/><\/p>\n<p><em>Une valise souple est une bonne option pour voyager en camping-car, car elle vous permet de ranger vos v\u00eatements dans l'armoire et de ne pas les avoir en travers du chemin.<\/em><\/p>\n<h4>AVENTURE ET LOISIRS<\/h4>\n<p>L'avantage de <strong>voyager en camping-car<\/strong>, c'est que cela nous permet de nous rapprocher au maximum de nos loisirs, de ce que nous aimons le plus, que ce soit le <strong>kitesurf<\/strong>, la <strong>sp\u00e9l\u00e9ologie <\/strong>ou manger dans des <strong>restaurants 3 \u00e9toiles Michelin<\/strong>, rien n'est incompatible avec le fait de <strong>voyager en camping-car<\/strong>. un camping-car. Si vous aimez la plong\u00e9e, vous prenez l'\u00e9quipement. Si les casinos sont votre truc, alors vous prenez le smoking et les billets de 500 \u20ac. Notre <strong>voyage en camping-car<\/strong> peut \u00eatre en plein contact avec la <strong>nature <\/strong>ou 100% <strong>culturel<\/strong>, nous pouvons dormir perdus en pleine campagne ou au milieu d'une ville. Se r\u00e9veiller sur une plage ou au pied d'un march\u00e9 ou d'une cri\u00e9e aux poissons... tout ce que nous aimons le plus. En fonction de cela, chacun doit emporter avec lui le n\u00e9cessaire pour profiter de sa passion. Nous mettons \u00e0 votre disposition <strong>une table et quelques chaises d'ext\u00e9rieur<\/strong> pour que vous puissiez profiter de l'environnement, qu'il s'agisse d'une for\u00eat ou d'une dune. #vie en van<\/p>\n<p><img decoding=\"async\" class=\"alignnone wp-image-7804 size-large\" title=\"Table et chaise d'ext\u00e9rieur incluses dans Caracolvan\" src=\"https:\/\/caracolvan.com\/wp-content\/uploads\/2019\/05\/4-Camper-sillas-mesa-exterior-1-1024x768.jpg\" alt=\"Une table et des chaises d'ext\u00e9rieur sont incluses dans les camping-cars de location de Caracolvan \" width=\"1024\" height=\"768\" srcset=\"https:\/\/caracolvan.com\/wp-content\/uploads\/2019\/05\/4-Camper-sillas-mesa-exterior-1-300x225.jpg 300w, https:\/\/caracolvan.com\/wp-content\/uploads\/2019\/05\/4-Camper-sillas-mesa-exterior-1-768x576.jpg 768w, https:\/\/caracolvan.com\/wp-content\/uploads\/2019\/05\/4-Camper-sillas-mesa-exterior-1-1024x768.jpg 1024w, https:\/\/caracolvan.com\/wp-content\/uploads\/2019\/05\/4-Camper-sillas-mesa-exterior-1.jpg 1080w\" sizes=\"(max-width: 1024px) 100vw, 1024px\" \/><\/p>\n<p><em>Un camping-car ou un camping-car vous permet d'\u00eatre en contact total avec la nature. Nous fournissons le van, la table et les chaises d'ext\u00e9rieur, vous choisissez l'emplacement.<\/em><\/p>\n<p>Bien s\u00fbr, une paire de bottes de campagne pour une promenade, un bon livre ou de la musique pour le voyage ne sont jamais une mauvaise id\u00e9e. Nos vans et <strong>camping-cars<\/strong> disposent d'une connexion filaire (USB ou mini-Jack) ou Bluetooth (selon les mod\u00e8les) pour profiter de la musique sur la route. Nous avons \u00e9galement inclus une lampe de poche, mais si vous faites partie de ceux qui restent \u00e9veill\u00e9s tard, cela ne fait jamais de mal d'avoir une lampe frontale pour garder les mains libres lorsque le soleil se couche\u2026<\/p>\n<h3>VOYAGE PLANIFI\u00c9 OU SANS R\u00c8GLES<\/h3>\n<p>Cela d\u00e9pend de la personnalit\u00e9 de chacun. Vous pouvez avoir un voyage enti\u00e8rement planifi\u00e9, avec l'itin\u00e9raire, les endroits o\u00f9 dormir (<strong>aires de camping-car ou campings<\/strong>) et les billets pour les visites culturelles d\u00e9j\u00e0 achet\u00e9s, ou arriver avec un sac \u00e0 dos et partir \u00e0 l'aventure. toi. Il y en a pour tous les go\u00fbts et il faut qu'il soit utile dans les deux cas, soit pour vous donner le temps de planifier le voyage et de l'imaginer, soit pour \u00e9viter de devenir nerveux si vous ne savez pas o\u00f9 vous allez vous retrouver jusqu'\u00e0 la derni\u00e8re heure. de la nuit.<\/p>\n<p><img decoding=\"async\" class=\"alignnone wp-image-7812 size-large\" title=\"Une carte et un guide pour votre road trip\" src=\"https:\/\/caracolvan.com\/wp-content\/uploads\/2019\/05\/6-Planificar-viaje-camper-1-1024x683.jpg\" alt=\"planification avant le voyage\" width=\"1024\" height=\"683\" srcset=\"https:\/\/caracolvan.com\/wp-content\/uploads\/2019\/05\/6-Planificar-viaje-camper-1-300x200.jpg 300w, https:\/\/caracolvan.com\/wp-content\/uploads\/2019\/05\/6-Planificar-viaje-camper-1-768x512.jpg 768w, https:\/\/caracolvan.com\/wp-content\/uploads\/2019\/05\/6-Planificar-viaje-camper-1-1024x683.jpg 1024w, https:\/\/caracolvan.com\/wp-content\/uploads\/2019\/05\/6-Planificar-viaje-camper-1.jpg 1080w\" sizes=\"(max-width: 1024px) 100vw, 1024px\" \/><\/p>\n<p><em>Un peu de planification pr\u00e9alable du voyage n'est pas une mauvaise id\u00e9e, mais n'oubliez pas que vous voyagez en van et que vous \u00eates libre de choisir votre destination chaque jour. Ne limitez pas trop votre planification ; vous ne savez jamais ce que vous rencontrerez ou qui vous rencontrerez en chemin. <\/em><\/p>\n<p>Notre recommandation est <strong>d'avoir <\/strong>une id\u00e9e plus ou <strong>moins pr\u00e9cise de la r\u00e9gion dans laquelle vous allez<\/strong>, des meilleures options \u00e0 visiter et de commencer ensuite \u00e0 <strong>faire des plans \u00e0 plus court terme<\/strong>, car on ne sait jamais quel endroit merveilleux on pourrait trouver\u2026 <strong>Voyager en camping-car ou en camping-car, c'est que vous pouvez vous permettre d'improviser<\/strong>, puisque vous avez tout ce dont vous avez besoin avec vous. <strong>#homeiswhereyouparkit<\/strong> De plus, aujourd'hui, avec les <strong>applications <\/strong>mobiles pour les cartes et les lieux d'h\u00e9bergement (<a href=\"https:\/\/park4night.com\/\" target=\"_blank\" rel=\"noopener noreferrer\"><strong>Park4night<\/strong><\/a>, <a href=\"https:\/\/www.campercontact.com\/\" target=\"_blank\" rel=\"noopener noreferrer\"><strong>Campercontact<\/strong><\/a>...), nous pouvons planifier notre voyage sur place.<\/p>\n<p><img decoding=\"async\" class=\"alignnone wp-image-7788 size-large\" title=\"T\u00e9l\u00e9chargez les applications Park4Night et CamperContact\" src=\"https:\/\/caracolvan.com\/wp-content\/uploads\/2019\/05\/7-APP-Camper-Park4night-1-1024x1024.jpg\" alt=\"meilleure application Park4Night ou CamperContact\" width=\"1024\" height=\"1024\" srcset=\"https:\/\/caracolvan.com\/wp-content\/uploads\/2019\/05\/7-APP-Camper-Park4night-1-150x150.jpg 150w, https:\/\/caracolvan.com\/wp-content\/uploads\/2019\/05\/7-APP-Camper-Park4night-1-300x300.jpg 300w, https:\/\/caracolvan.com\/wp-content\/uploads\/2019\/05\/7-APP-Camper-Park4night-1-768x768.jpg 768w, https:\/\/caracolvan.com\/wp-content\/uploads\/2019\/05\/7-APP-Camper-Park4night-1-1024x1024.jpg 1024w, https:\/\/caracolvan.com\/wp-content\/uploads\/2019\/05\/7-APP-Camper-Park4night-1.jpg 1920w\" sizes=\"(max-width: 1024px) 100vw, 1024px\" \/><\/p>\n<p><em>Les applications mobiles et tablettes sont tr\u00e8s utiles pour d\u00e9cider quel itin\u00e9raire prendre ou o\u00f9 dormir ce soir. Nous recommandons Park4Night ou CamperContact. <\/em><\/p>\n<p>Nous mettons \u00e0 votre disposition une <strong>carte papier<\/strong> et quelques <strong>recommandations <\/strong>de la r\u00e9gion, et bien s\u00fbr, si vous nous le demandez, <strong>nous vous indiquerons les meilleurs endroits pour profiter de notre\/votre camping-car.<\/strong> Pour r\u00e9sumer, avant de commencer notre voyage, nous devons pr\u00e9parer quelques \u00e9l\u00e9ments <strong>essentiels pour votre voyage en camping-car <\/strong>: -Bagages dans une valise souple. -La moiti\u00e9 des v\u00eatements que tu pr\u00e9voyais d'emporter. -Maillot de bain. -Tongs. -Des baskets ou des bottes confortables. -Cr\u00e8me solaire. -Trousse de toilette avec gel et shampoing. -Des v\u00eatements chauds. -Musique sur mobile ou USB. -Lampe frontale ou lampe de poche. -Applications mobiles (Park4Night, CamperContact)<\/p>\n","protected":false},"excerpt":{"rendered":"<p>Partir en voyage est toujours excitant, un m\u00e9lange d'excitation et  [...]<\/p>\n","protected":false},"author":6,"featured_media":7794,"comment_status":"closed","ping_status":"open","sticky":false,"template":"","format":"standard","meta":{"_joinchat":[],"footnotes":""},"categories":[36,41],"tags":[],"class_list":["post-15528","post","type-post","status-publish","format-standard","has-post-thumbnail","hentry","category-conseils-camper","category-itineraires-en-camper"],"yoast_head":"<!-- This site is optimized with the Yoast SEO Premium plugin v27.2 (Yoast SEO v27.2) - https:\/\/yoast.com\/product\/yoast-seo-premium-wordpress\/ -->\n<title>L&#039;essentiel pour votre voyage en camping-car - Alquiler Camper Rental - Caracolvan<\/title>\n<meta name=\"robots\" content=\"index, follow, max-snippet:-1, max-image-preview:large, max-video-preview:-1\" \/>\n<link rel=\"canonical\" href=\"https:\/\/caracolvan.com\/fr\/lessentiel-pour-votre-voyage-en-camping-car\/\" \/>\n<meta property=\"og:locale\" content=\"fr_FR\" \/>\n<meta property=\"og:type\" content=\"article\" \/>\n<meta property=\"og:title\" content=\"L&#039;essentiel pour votre voyage en camping-car\" \/>\n<meta property=\"og:description\" content=\"Partir en voyage est toujours excitant, un m\u00e9lange d&#039;excitation et [...]\" \/>\n<meta property=\"og:url\" content=\"https:\/\/caracolvan.com\/fr\/lessentiel-pour-votre-voyage-en-camping-car\/\" \/>\n<meta property=\"og:site_name\" content=\"Alquiler Camper Rental - Caracolvan\" \/>\n<meta property=\"article:publisher\" content=\"https:\/\/www.facebook.com\/Caracolvan\/\" \/>\n<meta property=\"article:published_time\" content=\"2019-06-26T12:05:25+00:00\" \/>\n<meta property=\"article:modified_time\" content=\"2025-06-03T09:19:54+00:00\" \/>\n<meta property=\"og:image\" content=\"https:\/\/caracolvan.com\/wp-content\/uploads\/2019\/05\/1-Vw-T6-California-equipamiento-cenit-1080x1080.jpg\" \/>\n\t<meta property=\"og:image:width\" content=\"1080\" \/>\n\t<meta property=\"og:image:height\" content=\"1080\" \/>\n\t<meta property=\"og:image:type\" content=\"image\/jpeg\" \/>\n<meta name=\"author\" content=\"Jorge\" \/>\n<meta name=\"twitter:card\" content=\"summary_large_image\" \/>\n<meta name=\"twitter:creator\" content=\"@Caracolvan\" \/>\n<meta name=\"twitter:site\" content=\"@Caracolvan\" \/>\n<meta name=\"twitter:label1\" content=\"\u00c9crit par\" \/>\n\t<meta name=\"twitter:data1\" content=\"Jorge\" \/>\n\t<meta name=\"twitter:label2\" content=\"Dur\u00e9e de lecture estim\u00e9e\" \/>\n\t<meta name=\"twitter:data2\" content=\"10 minutes\" \/>\n<script type=\"application\/ld+json\" class=\"yoast-schema-graph\">{\"@context\":\"https:\/\/schema.org\",\"@graph\":[{\"@type\":\"Article\",\"@id\":\"https:\/\/caracolvan.com\/fr\/lessentiel-pour-votre-voyage-en-camping-car\/#article\",\"isPartOf\":{\"@id\":\"https:\/\/caracolvan.com\/fr\/lessentiel-pour-votre-voyage-en-camping-car\/\"},\"author\":{\"name\":\"Jorge\",\"@id\":\"https:\/\/caracolvan.com\/fr\/#\/schema\/person\/b4ee1d9d66b0f57fab2365931cb6fa0c\"},\"headline\":\"L'essentiel pour votre voyage en camping-car\",\"datePublished\":\"2019-06-26T12:05:25+00:00\",\"dateModified\":\"2025-06-03T09:19:54+00:00\",\"mainEntityOfPage\":{\"@id\":\"https:\/\/caracolvan.com\/fr\/lessentiel-pour-votre-voyage-en-camping-car\/\"},\"wordCount\":1802,\"publisher\":{\"@id\":\"https:\/\/caracolvan.com\/fr\/#organization\"},\"image\":{\"@id\":\"https:\/\/caracolvan.com\/fr\/lessentiel-pour-votre-voyage-en-camping-car\/#primaryimage\"},\"thumbnailUrl\":\"https:\/\/caracolvan.com\/wp-content\/uploads\/2019\/05\/1-Vw-T6-California-equipamiento-cenit-1080x1080.jpg\",\"articleSection\":[\"Conseils Camper\",\"Itin\u00e9raires en Camper\"],\"inLanguage\":\"fr-FR\"},{\"@type\":\"WebPage\",\"@id\":\"https:\/\/caracolvan.com\/fr\/lessentiel-pour-votre-voyage-en-camping-car\/\",\"url\":\"https:\/\/caracolvan.com\/fr\/lessentiel-pour-votre-voyage-en-camping-car\/\",\"name\":\"L'essentiel pour votre voyage en camping-car - Alquiler Camper Rental - Caracolvan\",\"isPartOf\":{\"@id\":\"https:\/\/caracolvan.com\/fr\/#website\"},\"primaryImageOfPage\":{\"@id\":\"https:\/\/caracolvan.com\/fr\/lessentiel-pour-votre-voyage-en-camping-car\/#primaryimage\"},\"image\":{\"@id\":\"https:\/\/caracolvan.com\/fr\/lessentiel-pour-votre-voyage-en-camping-car\/#primaryimage\"},\"thumbnailUrl\":\"https:\/\/caracolvan.com\/wp-content\/uploads\/2019\/05\/1-Vw-T6-California-equipamiento-cenit-1080x1080.jpg\",\"datePublished\":\"2019-06-26T12:05:25+00:00\",\"dateModified\":\"2025-06-03T09:19:54+00:00\",\"breadcrumb\":{\"@id\":\"https:\/\/caracolvan.com\/fr\/lessentiel-pour-votre-voyage-en-camping-car\/#breadcrumb\"},\"inLanguage\":\"fr-FR\",\"potentialAction\":[{\"@type\":\"ReadAction\",\"target\":[\"https:\/\/caracolvan.com\/fr\/lessentiel-pour-votre-voyage-en-camping-car\/\"]}]},{\"@type\":\"ImageObject\",\"inLanguage\":\"fr-FR\",\"@id\":\"https:\/\/caracolvan.com\/fr\/lessentiel-pour-votre-voyage-en-camping-car\/#primaryimage\",\"url\":\"https:\/\/caracolvan.com\/wp-content\/uploads\/2019\/05\/1-Vw-T6-California-equipamiento-cenit-1080x1080.jpg\",\"contentUrl\":\"https:\/\/caracolvan.com\/wp-content\/uploads\/2019\/05\/1-Vw-T6-California-equipamiento-cenit-1080x1080.jpg\",\"width\":1080,\"height\":1080,\"caption\":\"DCIM101MEDIADJI_0018.JPG\"},{\"@type\":\"BreadcrumbList\",\"@id\":\"https:\/\/caracolvan.com\/fr\/lessentiel-pour-votre-voyage-en-camping-car\/#breadcrumb\",\"itemListElement\":[{\"@type\":\"ListItem\",\"position\":1,\"name\":\"Portada\",\"item\":\"https:\/\/caracolvan.com\/fr\/\"},{\"@type\":\"ListItem\",\"position\":2,\"name\":\"L&#8217;essentiel pour votre voyage en camping-car\"}]},{\"@type\":\"WebSite\",\"@id\":\"https:\/\/caracolvan.com\/fr\/#website\",\"url\":\"https:\/\/caracolvan.com\/fr\/\",\"name\":\"Alquiler Camper Rental - Caracolvan\",\"description\":\"Alquiler de furgonetas camper y autocaravanas\",\"publisher\":{\"@id\":\"https:\/\/caracolvan.com\/fr\/#organization\"},\"potentialAction\":[{\"@type\":\"SearchAction\",\"target\":{\"@type\":\"EntryPoint\",\"urlTemplate\":\"https:\/\/caracolvan.com\/fr\/?s={search_term_string}\"},\"query-input\":{\"@type\":\"PropertyValueSpecification\",\"valueRequired\":true,\"valueName\":\"search_term_string\"}}],\"inLanguage\":\"fr-FR\"},{\"@type\":\"Organization\",\"@id\":\"https:\/\/caracolvan.com\/fr\/#organization\",\"name\":\"Caracolvan\",\"url\":\"https:\/\/caracolvan.com\/fr\/\",\"logo\":{\"@type\":\"ImageObject\",\"inLanguage\":\"fr-FR\",\"@id\":\"https:\/\/caracolvan.com\/fr\/#\/schema\/logo\/image\/\",\"url\":\"https:\/\/caracolvan.com\/wp-content\/uploads\/2023\/08\/caracolvan-logotipo.jpg\",\"contentUrl\":\"https:\/\/caracolvan.com\/wp-content\/uploads\/2023\/08\/caracolvan-logotipo.jpg\",\"width\":696,\"height\":696,\"caption\":\"Caracolvan\"},\"image\":{\"@id\":\"https:\/\/caracolvan.com\/fr\/#\/schema\/logo\/image\/\"},\"sameAs\":[\"https:\/\/www.facebook.com\/Caracolvan\/\",\"https:\/\/x.com\/Caracolvan\"]},{\"@type\":\"Person\",\"@id\":\"https:\/\/caracolvan.com\/fr\/#\/schema\/person\/b4ee1d9d66b0f57fab2365931cb6fa0c\",\"name\":\"Jorge\",\"image\":{\"@type\":\"ImageObject\",\"inLanguage\":\"fr-FR\",\"@id\":\"https:\/\/secure.gravatar.com\/avatar\/32b15fa67b35ee4565f15bb93c02391de591c520b3184e84d6a09d30fa592da2?s=96&d=mm&r=g\",\"url\":\"https:\/\/secure.gravatar.com\/avatar\/32b15fa67b35ee4565f15bb93c02391de591c520b3184e84d6a09d30fa592da2?s=96&d=mm&r=g\",\"contentUrl\":\"https:\/\/secure.gravatar.com\/avatar\/32b15fa67b35ee4565f15bb93c02391de591c520b3184e84d6a09d30fa592da2?s=96&d=mm&r=g\",\"caption\":\"Jorge\"},\"url\":\"https:\/\/caracolvan.com\/fr\/author\/jorge-jit\/\"}]}<\/script>\n<!-- \/ Yoast SEO Premium plugin. -->","yoast_head_json":{"title":"L'essentiel pour votre voyage en camping-car - Alquiler Camper Rental - Caracolvan","robots":{"index":"index","follow":"follow","max-snippet":"max-snippet:-1","max-image-preview":"max-image-preview:large","max-video-preview":"max-video-preview:-1"},"canonical":"https:\/\/caracolvan.com\/fr\/lessentiel-pour-votre-voyage-en-camping-car\/","og_locale":"fr_FR","og_type":"article","og_title":"L'essentiel pour votre voyage en camping-car","og_description":"Partir en voyage est toujours excitant, un m\u00e9lange d'excitation et [...]","og_url":"https:\/\/caracolvan.com\/fr\/lessentiel-pour-votre-voyage-en-camping-car\/","og_site_name":"Alquiler Camper Rental - Caracolvan","article_publisher":"https:\/\/www.facebook.com\/Caracolvan\/","article_published_time":"2019-06-26T12:05:25+00:00","article_modified_time":"2025-06-03T09:19:54+00:00","og_image":[{"width":1080,"height":1080,"url":"https:\/\/caracolvan.com\/wp-content\/uploads\/2019\/05\/1-Vw-T6-California-equipamiento-cenit-1080x1080.jpg","type":"image\/jpeg"}],"author":"Jorge","twitter_card":"summary_large_image","twitter_creator":"@Caracolvan","twitter_site":"@Caracolvan","twitter_misc":{"\u00c9crit par":"Jorge","Dur\u00e9e de lecture estim\u00e9e":"10 minutes"},"schema":{"@context":"https:\/\/schema.org","@graph":[{"@type":"Article","@id":"https:\/\/caracolvan.com\/fr\/lessentiel-pour-votre-voyage-en-camping-car\/#article","isPartOf":{"@id":"https:\/\/caracolvan.com\/fr\/lessentiel-pour-votre-voyage-en-camping-car\/"},"author":{"name":"Jorge","@id":"https:\/\/caracolvan.com\/fr\/#\/schema\/person\/b4ee1d9d66b0f57fab2365931cb6fa0c"},"headline":"L'essentiel pour votre voyage en camping-car","datePublished":"2019-06-26T12:05:25+00:00","dateModified":"2025-06-03T09:19:54+00:00","mainEntityOfPage":{"@id":"https:\/\/caracolvan.com\/fr\/lessentiel-pour-votre-voyage-en-camping-car\/"},"wordCount":1802,"publisher":{"@id":"https:\/\/caracolvan.com\/fr\/#organization"},"image":{"@id":"https:\/\/caracolvan.com\/fr\/lessentiel-pour-votre-voyage-en-camping-car\/#primaryimage"},"thumbnailUrl":"https:\/\/caracolvan.com\/wp-content\/uploads\/2019\/05\/1-Vw-T6-California-equipamiento-cenit-1080x1080.jpg","articleSection":["Conseils Camper","Itin\u00e9raires en Camper"],"inLanguage":"fr-FR"},{"@type":"WebPage","@id":"https:\/\/caracolvan.com\/fr\/lessentiel-pour-votre-voyage-en-camping-car\/","url":"https:\/\/caracolvan.com\/fr\/lessentiel-pour-votre-voyage-en-camping-car\/","name":"L'essentiel pour votre voyage en camping-car - Alquiler Camper Rental - Caracolvan","isPartOf":{"@id":"https:\/\/caracolvan.com\/fr\/#website"},"primaryImageOfPage":{"@id":"https:\/\/caracolvan.com\/fr\/lessentiel-pour-votre-voyage-en-camping-car\/#primaryimage"},"image":{"@id":"https:\/\/caracolvan.com\/fr\/lessentiel-pour-votre-voyage-en-camping-car\/#primaryimage"},"thumbnailUrl":"https:\/\/caracolvan.com\/wp-content\/uploads\/2019\/05\/1-Vw-T6-California-equipamiento-cenit-1080x1080.jpg","datePublished":"2019-06-26T12:05:25+00:00","dateModified":"2025-06-03T09:19:54+00:00","breadcrumb":{"@id":"https:\/\/caracolvan.com\/fr\/lessentiel-pour-votre-voyage-en-camping-car\/#breadcrumb"},"inLanguage":"fr-FR","potentialAction":[{"@type":"ReadAction","target":["https:\/\/caracolvan.com\/fr\/lessentiel-pour-votre-voyage-en-camping-car\/"]}]},{"@type":"ImageObject","inLanguage":"fr-FR","@id":"https:\/\/caracolvan.com\/fr\/lessentiel-pour-votre-voyage-en-camping-car\/#primaryimage","url":"https:\/\/caracolvan.com\/wp-content\/uploads\/2019\/05\/1-Vw-T6-California-equipamiento-cenit-1080x1080.jpg","contentUrl":"https:\/\/caracolvan.com\/wp-content\/uploads\/2019\/05\/1-Vw-T6-California-equipamiento-cenit-1080x1080.jpg","width":1080,"height":1080,"caption":"DCIM101MEDIADJI_0018.JPG"},{"@type":"BreadcrumbList","@id":"https:\/\/caracolvan.com\/fr\/lessentiel-pour-votre-voyage-en-camping-car\/#breadcrumb","itemListElement":[{"@type":"ListItem","position":1,"name":"Portada","item":"https:\/\/caracolvan.com\/fr\/"},{"@type":"ListItem","position":2,"name":"L&#8217;essentiel pour votre voyage en camping-car"}]},{"@type":"WebSite","@id":"https:\/\/caracolvan.com\/fr\/#website","url":"https:\/\/caracolvan.com\/fr\/","name":"Alquiler Camper Rental - Caracolvan","description":"Alquiler de furgonetas camper y autocaravanas","publisher":{"@id":"https:\/\/caracolvan.com\/fr\/#organization"},"potentialAction":[{"@type":"SearchAction","target":{"@type":"EntryPoint","urlTemplate":"https:\/\/caracolvan.com\/fr\/?s={search_term_string}"},"query-input":{"@type":"PropertyValueSpecification","valueRequired":true,"valueName":"search_term_string"}}],"inLanguage":"fr-FR"},{"@type":"Organization","@id":"https:\/\/caracolvan.com\/fr\/#organization","name":"Caracolvan","url":"https:\/\/caracolvan.com\/fr\/","logo":{"@type":"ImageObject","inLanguage":"fr-FR","@id":"https:\/\/caracolvan.com\/fr\/#\/schema\/logo\/image\/","url":"https:\/\/caracolvan.com\/wp-content\/uploads\/2023\/08\/caracolvan-logotipo.jpg","contentUrl":"https:\/\/caracolvan.com\/wp-content\/uploads\/2023\/08\/caracolvan-logotipo.jpg","width":696,"height":696,"caption":"Caracolvan"},"image":{"@id":"https:\/\/caracolvan.com\/fr\/#\/schema\/logo\/image\/"},"sameAs":["https:\/\/www.facebook.com\/Caracolvan\/","https:\/\/x.com\/Caracolvan"]},{"@type":"Person","@id":"https:\/\/caracolvan.com\/fr\/#\/schema\/person\/b4ee1d9d66b0f57fab2365931cb6fa0c","name":"Jorge","image":{"@type":"ImageObject","inLanguage":"fr-FR","@id":"https:\/\/secure.gravatar.com\/avatar\/32b15fa67b35ee4565f15bb93c02391de591c520b3184e84d6a09d30fa592da2?s=96&d=mm&r=g","url":"https:\/\/secure.gravatar.com\/avatar\/32b15fa67b35ee4565f15bb93c02391de591c520b3184e84d6a09d30fa592da2?s=96&d=mm&r=g","contentUrl":"https:\/\/secure.gravatar.com\/avatar\/32b15fa67b35ee4565f15bb93c02391de591c520b3184e84d6a09d30fa592da2?s=96&d=mm&r=g","caption":"Jorge"},"url":"https:\/\/caracolvan.com\/fr\/author\/jorge-jit\/"}]}},"_links":{"self":[{"href":"https:\/\/caracolvan.com\/fr\/wp-json\/wp\/v2\/posts\/15528","targetHints":{"allow":["GET"]}}],"collection":[{"href":"https:\/\/caracolvan.com\/fr\/wp-json\/wp\/v2\/posts"}],"about":[{"href":"https:\/\/caracolvan.com\/fr\/wp-json\/wp\/v2\/types\/post"}],"author":[{"embeddable":true,"href":"https:\/\/caracolvan.com\/fr\/wp-json\/wp\/v2\/users\/6"}],"replies":[{"embeddable":true,"href":"https:\/\/caracolvan.com\/fr\/wp-json\/wp\/v2\/comments?post=15528"}],"version-history":[{"count":1,"href":"https:\/\/caracolvan.com\/fr\/wp-json\/wp\/v2\/posts\/15528\/revisions"}],"predecessor-version":[{"id":15903,"href":"https:\/\/caracolvan.com\/fr\/wp-json\/wp\/v2\/posts\/15528\/revisions\/15903"}],"wp:featuredmedia":[{"embeddable":true,"href":"https:\/\/caracolvan.com\/fr\/wp-json\/wp\/v2\/media\/7794"}],"wp:attachment":[{"href":"https:\/\/caracolvan.com\/fr\/wp-json\/wp\/v2\/media?parent=15528"}],"wp:term":[{"taxonomy":"category","embeddable":true,"href":"https:\/\/caracolvan.com\/fr\/wp-json\/wp\/v2\/categories?post=15528"},{"taxonomy":"post_tag","embeddable":true,"href":"https:\/\/caracolvan.com\/fr\/wp-json\/wp\/v2\/tags?post=15528"}],"curies":[{"name":"wp","href":"https:\/\/api.w.org\/{rel}","templated":true}]}}