{"id":15545,"date":"2017-12-27T11:23:58","date_gmt":"2017-12-27T09:23:58","guid":{"rendered":"https:\/\/caracolvan.com\/2025\/01\/28\/vous-voyagez-avec-caracolvan\/"},"modified":"2025-06-03T11:17:01","modified_gmt":"2025-06-03T09:17:01","slug":"vous-voyagez-avec-caracolvan","status":"publish","type":"post","link":"https:\/\/caracolvan.com\/fr\/vous-voyagez-avec-caracolvan\/","title":{"rendered":"Vous voyagez avec Caracolvan ?"},"content":{"rendered":"<div style=\"text-align: justify;\">Avec cette passion pour la <strong>nature<\/strong>, le <strong>temps libre<\/strong>, le <strong>camping<\/strong>, les <strong>plages <\/strong>et les environnements diff\u00e9rents et <strong>merveilleux que l'Andalousie nous montre<\/strong>, <em>Caracolvan <\/em>est n\u00e9. L'objectif de <em>Caracolvan <\/em>est de faire d\u00e9couvrir cette passion au plus grand nombre et au plus loin. Vous voyagez avec <em>Caracolvan <\/em>?<\/div>\n<p>&nbsp;<\/p>\n<div style=\"text-align: justify;\"><\/div>\n<div>\n<p><iframe src=\"https:\/\/www.youtube.com\/embed\/P2WiZiH4foA\" width=\"100%\" height=\"315\" frameborder=\"0\" allowfullscreen=\"allowfullscreen\"><\/iframe><\/p>\n<div style=\"text-align: justify;\"><\/div>\n<div style=\"text-align: justify;\"><\/div>\n<p>&nbsp;<\/p>\n<div style=\"text-align: justify;\"><strong>Voyager \u00e0 bord d'un camping-car <\/strong>nous donne l'occasion d'\u00e9chapper \u00e0 la routine et de profiter du paradis que l'on trouve en Andalousie. L'entreprise dispose de <strong><a href=\"http:\/\/www.caracolvan.com\/es\/campervan\/alquiler-furgonetas-clasicas\">fourgons classiques<\/a><\/strong> tels que Volkswagen, une r\u00e9f\u00e9rence dans le monde des camping-cars. Le mod\u00e8le California reste un classique apr\u00e8s 20 ans de production. En plus d'avoir tout ce dont vous avez besoin. Ce type de fourgon dispose d'une cuisine, d'un r\u00e9frig\u00e9rateur, d'un r\u00e9servoir d'eau, de si\u00e8ges rotatifs, d'armoires, de deux lits doubles... Sans aucun doute, l'une de ses principales caract\u00e9ristiques est son toit relevable.<\/div>\n<p>&nbsp;<\/p>\n<div style=\"text-align: justify;\"><\/div>\n<div style=\"text-align: justify;\">Aussi connu sous le nom de <strong>Vw Kombi<\/strong> ou \u00ab Bulli \u00bb, Caracolvan vous propose \u00e9galement le <a href=\"http:\/\/www.caracolvan.com\/es\/campervan\/alquiler-furgoneta-hippie-vw-t2-camper\"><em><strong>Vw T2 Camper<\/strong><\/em><\/a>, le plus classique de tous. Ses formes arrondies et sa silhouette originale en font un mod\u00e8le unique et nous transportent dans une autre \u00e9poque. Il a une esth\u00e9tique tr\u00e8s d\u00e9taill\u00e9e et de nombreuses fonctionnalit\u00e9s, surtout compte tenu de son \u00e2ge.<\/div>\n<p>&nbsp;<\/p>\n<div style=\"text-align: justify;\"><\/div>\n<h2>Votre point de d\u00e9part si vous voyagez avec Caracolvan<\/h2>\n<p>&nbsp;<\/p>\n<div><\/div>\n<div style=\"text-align: justify;\">Caracolvan vous attend dans les diff\u00e9rents et principaux a\u00e9roports, gares ferroviaires et routi\u00e8res de <strong>Cadix <\/strong>et de <strong>S\u00e9ville <\/strong>pour des voyages de courte et longue distance.<strong> Explorez les meilleures plages et itin\u00e9raires d'Andalousie \u00e0 bord d'un authentique camping-car VW<\/strong>, un v\u00e9ritable classique.<\/div>\n<p>&nbsp;<\/p>\n<div style=\"text-align: justify;\"><\/div>\n<div style=\"text-align: justify;\"><em>Que demander de plus que d\u2019emporter votre maison avec vous partout o\u00f9 vous allez ? <\/em><\/div>\n<p>&nbsp;<\/p>\n<div style=\"text-align: justify;\"><\/div>\n<div style=\"text-align: justify;\"><a href=\"https:\/\/caracolvan.com\/fr\/contact\/\"><strong>Contactez<\/strong><\/a>-nous !<\/div>\n<\/div>\n<p>&nbsp;<\/p>\n","protected":false},"excerpt":{"rendered":"<p>Avec cette passion pour la nature, le temps libre, le  [...]<\/p>\n","protected":false},"author":4,"featured_media":0,"comment_status":"closed","ping_status":"open","sticky":false,"template":"","format":"standard","meta":{"_joinchat":[],"footnotes":""},"categories":[39],"tags":[],"class_list":["post-15545","post","type-post","status-publish","format-standard","hentry","category-nouveautes-caracolvan"],"yoast_head":"<!-- This site is optimized with the Yoast SEO Premium plugin v27.2 (Yoast SEO v27.2) - https:\/\/yoast.com\/product\/yoast-seo-premium-wordpress\/ -->\n<title>Vous voyagez avec Caracolvan ? Itin\u00e9raires \u00e0 travers le sud - Blog Caracolvan<\/title>\n<meta name=\"description\" content=\"Caracolvan est n\u00e9 d&#039;une passion pour la nature et les paysages d&#039;Andalousie. Si vous voyagez avec Caracolvan, vous vivrez une exp\u00e9rience inoubliable !\" \/>\n<meta name=\"robots\" content=\"index, follow, max-snippet:-1, max-image-preview:large, max-video-preview:-1\" \/>\n<link rel=\"canonical\" href=\"https:\/\/caracolvan.com\/fr\/vous-voyagez-avec-caracolvan\/\" \/>\n<meta property=\"og:locale\" content=\"fr_FR\" \/>\n<meta property=\"og:type\" content=\"article\" \/>\n<meta property=\"og:title\" content=\"Vous voyagez avec Caracolvan ?\" \/>\n<meta property=\"og:description\" content=\"Caracolvan est n\u00e9 d&#039;une passion pour la nature et les paysages d&#039;Andalousie. Si vous voyagez avec Caracolvan, vous vivrez une exp\u00e9rience inoubliable !\" \/>\n<meta property=\"og:url\" content=\"https:\/\/caracolvan.com\/fr\/vous-voyagez-avec-caracolvan\/\" \/>\n<meta property=\"og:site_name\" content=\"Alquiler Camper Rental - Caracolvan\" \/>\n<meta property=\"article:publisher\" content=\"https:\/\/www.facebook.com\/Caracolvan\/\" \/>\n<meta property=\"article:published_time\" content=\"2017-12-27T09:23:58+00:00\" \/>\n<meta property=\"article:modified_time\" content=\"2025-06-03T09:17:01+00:00\" \/>\n<meta property=\"og:image\" content=\"https:\/\/caracolvan.com\/wp-content\/uploads\/2018\/05\/logo-caracolvan-2018.jpg\" \/>\n\t<meta property=\"og:image:width\" content=\"800\" \/>\n\t<meta property=\"og:image:height\" content=\"550\" \/>\n\t<meta property=\"og:image:type\" content=\"image\/jpeg\" \/>\n<meta name=\"author\" content=\"Nacho Fern\u00e1ndez del Blanco\" \/>\n<meta name=\"twitter:card\" content=\"summary_large_image\" \/>\n<meta name=\"twitter:creator\" content=\"@Caracolvan\" \/>\n<meta name=\"twitter:site\" content=\"@Caracolvan\" \/>\n<meta name=\"twitter:label1\" content=\"\u00c9crit par\" \/>\n\t<meta name=\"twitter:data1\" content=\"Nacho Fern\u00e1ndez del Blanco\" \/>\n\t<meta name=\"twitter:label2\" content=\"Dur\u00e9e de lecture estim\u00e9e\" \/>\n\t<meta name=\"twitter:data2\" content=\"2 minutes\" \/>\n<script type=\"application\/ld+json\" class=\"yoast-schema-graph\">{\"@context\":\"https:\/\/schema.org\",\"@graph\":[{\"@type\":\"Article\",\"@id\":\"https:\/\/caracolvan.com\/fr\/vous-voyagez-avec-caracolvan\/#article\",\"isPartOf\":{\"@id\":\"https:\/\/caracolvan.com\/fr\/vous-voyagez-avec-caracolvan\/\"},\"author\":{\"name\":\"Nacho Fern\u00e1ndez del Blanco\",\"@id\":\"https:\/\/caracolvan.com\/fr\/#\/schema\/person\/4082cf95fd1be29a0f617f570d486970\"},\"headline\":\"Vous voyagez avec Caracolvan ?\",\"datePublished\":\"2017-12-27T09:23:58+00:00\",\"dateModified\":\"2025-06-03T09:17:01+00:00\",\"mainEntityOfPage\":{\"@id\":\"https:\/\/caracolvan.com\/fr\/vous-voyagez-avec-caracolvan\/\"},\"wordCount\":310,\"publisher\":{\"@id\":\"https:\/\/caracolvan.com\/fr\/#organization\"},\"articleSection\":[\"Nouveaut\u00e9s Caracolvan\"],\"inLanguage\":\"fr-FR\"},{\"@type\":\"WebPage\",\"@id\":\"https:\/\/caracolvan.com\/fr\/vous-voyagez-avec-caracolvan\/\",\"url\":\"https:\/\/caracolvan.com\/fr\/vous-voyagez-avec-caracolvan\/\",\"name\":\"Vous voyagez avec Caracolvan ? Itin\u00e9raires \u00e0 travers le sud - Blog Caracolvan\",\"isPartOf\":{\"@id\":\"https:\/\/caracolvan.com\/fr\/#website\"},\"datePublished\":\"2017-12-27T09:23:58+00:00\",\"dateModified\":\"2025-06-03T09:17:01+00:00\",\"description\":\"Caracolvan est n\u00e9 d'une passion pour la nature et les paysages d'Andalousie. Si vous voyagez avec Caracolvan, vous vivrez une exp\u00e9rience inoubliable !\",\"breadcrumb\":{\"@id\":\"https:\/\/caracolvan.com\/fr\/vous-voyagez-avec-caracolvan\/#breadcrumb\"},\"inLanguage\":\"fr-FR\",\"potentialAction\":[{\"@type\":\"ReadAction\",\"target\":[\"https:\/\/caracolvan.com\/fr\/vous-voyagez-avec-caracolvan\/\"]}]},{\"@type\":\"BreadcrumbList\",\"@id\":\"https:\/\/caracolvan.com\/fr\/vous-voyagez-avec-caracolvan\/#breadcrumb\",\"itemListElement\":[{\"@type\":\"ListItem\",\"position\":1,\"name\":\"Portada\",\"item\":\"https:\/\/caracolvan.com\/fr\/\"},{\"@type\":\"ListItem\",\"position\":2,\"name\":\"Vous voyagez avec Caracolvan ?\"}]},{\"@type\":\"WebSite\",\"@id\":\"https:\/\/caracolvan.com\/fr\/#website\",\"url\":\"https:\/\/caracolvan.com\/fr\/\",\"name\":\"Alquiler Camper Rental - Caracolvan\",\"description\":\"Alquiler de furgonetas camper y autocaravanas\",\"publisher\":{\"@id\":\"https:\/\/caracolvan.com\/fr\/#organization\"},\"potentialAction\":[{\"@type\":\"SearchAction\",\"target\":{\"@type\":\"EntryPoint\",\"urlTemplate\":\"https:\/\/caracolvan.com\/fr\/?s={search_term_string}\"},\"query-input\":{\"@type\":\"PropertyValueSpecification\",\"valueRequired\":true,\"valueName\":\"search_term_string\"}}],\"inLanguage\":\"fr-FR\"},{\"@type\":\"Organization\",\"@id\":\"https:\/\/caracolvan.com\/fr\/#organization\",\"name\":\"Caracolvan\",\"url\":\"https:\/\/caracolvan.com\/fr\/\",\"logo\":{\"@type\":\"ImageObject\",\"inLanguage\":\"fr-FR\",\"@id\":\"https:\/\/caracolvan.com\/fr\/#\/schema\/logo\/image\/\",\"url\":\"https:\/\/caracolvan.com\/wp-content\/uploads\/2023\/08\/caracolvan-logotipo.jpg\",\"contentUrl\":\"https:\/\/caracolvan.com\/wp-content\/uploads\/2023\/08\/caracolvan-logotipo.jpg\",\"width\":696,\"height\":696,\"caption\":\"Caracolvan\"},\"image\":{\"@id\":\"https:\/\/caracolvan.com\/fr\/#\/schema\/logo\/image\/\"},\"sameAs\":[\"https:\/\/www.facebook.com\/Caracolvan\/\",\"https:\/\/x.com\/Caracolvan\"]},{\"@type\":\"Person\",\"@id\":\"https:\/\/caracolvan.com\/fr\/#\/schema\/person\/4082cf95fd1be29a0f617f570d486970\",\"name\":\"Nacho Fern\u00e1ndez del Blanco\",\"image\":{\"@type\":\"ImageObject\",\"inLanguage\":\"fr-FR\",\"@id\":\"https:\/\/secure.gravatar.com\/avatar\/5f8fedd8535cdaa35a42bf0efb2be3e81fcaa7f2be2f6f0c41a988485f85d39d?s=96&d=mm&r=g\",\"url\":\"https:\/\/secure.gravatar.com\/avatar\/5f8fedd8535cdaa35a42bf0efb2be3e81fcaa7f2be2f6f0c41a988485f85d39d?s=96&d=mm&r=g\",\"contentUrl\":\"https:\/\/secure.gravatar.com\/avatar\/5f8fedd8535cdaa35a42bf0efb2be3e81fcaa7f2be2f6f0c41a988485f85d39d?s=96&d=mm&r=g\",\"caption\":\"Nacho Fern\u00e1ndez del Blanco\"},\"url\":\"https:\/\/caracolvan.com\/fr\/author\/nacho\/\"}]}<\/script>\n<!-- \/ Yoast SEO Premium plugin. -->","yoast_head_json":{"title":"Vous voyagez avec Caracolvan ? Itin\u00e9raires \u00e0 travers le sud - Blog Caracolvan","description":"Caracolvan est n\u00e9 d'une passion pour la nature et les paysages d'Andalousie. Si vous voyagez avec Caracolvan, vous vivrez une exp\u00e9rience inoubliable !","robots":{"index":"index","follow":"follow","max-snippet":"max-snippet:-1","max-image-preview":"max-image-preview:large","max-video-preview":"max-video-preview:-1"},"canonical":"https:\/\/caracolvan.com\/fr\/vous-voyagez-avec-caracolvan\/","og_locale":"fr_FR","og_type":"article","og_title":"Vous voyagez avec Caracolvan ?","og_description":"Caracolvan est n\u00e9 d'une passion pour la nature et les paysages d'Andalousie. Si vous voyagez avec Caracolvan, vous vivrez une exp\u00e9rience inoubliable !","og_url":"https:\/\/caracolvan.com\/fr\/vous-voyagez-avec-caracolvan\/","og_site_name":"Alquiler Camper Rental - Caracolvan","article_publisher":"https:\/\/www.facebook.com\/Caracolvan\/","article_published_time":"2017-12-27T09:23:58+00:00","article_modified_time":"2025-06-03T09:17:01+00:00","og_image":[{"width":800,"height":550,"url":"https:\/\/caracolvan.com\/wp-content\/uploads\/2018\/05\/logo-caracolvan-2018.jpg","type":"image\/jpeg"}],"author":"Nacho Fern\u00e1ndez del Blanco","twitter_card":"summary_large_image","twitter_creator":"@Caracolvan","twitter_site":"@Caracolvan","twitter_misc":{"\u00c9crit par":"Nacho Fern\u00e1ndez del Blanco","Dur\u00e9e de lecture estim\u00e9e":"2 minutes"},"schema":{"@context":"https:\/\/schema.org","@graph":[{"@type":"Article","@id":"https:\/\/caracolvan.com\/fr\/vous-voyagez-avec-caracolvan\/#article","isPartOf":{"@id":"https:\/\/caracolvan.com\/fr\/vous-voyagez-avec-caracolvan\/"},"author":{"name":"Nacho Fern\u00e1ndez del Blanco","@id":"https:\/\/caracolvan.com\/fr\/#\/schema\/person\/4082cf95fd1be29a0f617f570d486970"},"headline":"Vous voyagez avec Caracolvan ?","datePublished":"2017-12-27T09:23:58+00:00","dateModified":"2025-06-03T09:17:01+00:00","mainEntityOfPage":{"@id":"https:\/\/caracolvan.com\/fr\/vous-voyagez-avec-caracolvan\/"},"wordCount":310,"publisher":{"@id":"https:\/\/caracolvan.com\/fr\/#organization"},"articleSection":["Nouveaut\u00e9s Caracolvan"],"inLanguage":"fr-FR"},{"@type":"WebPage","@id":"https:\/\/caracolvan.com\/fr\/vous-voyagez-avec-caracolvan\/","url":"https:\/\/caracolvan.com\/fr\/vous-voyagez-avec-caracolvan\/","name":"Vous voyagez avec Caracolvan ? Itin\u00e9raires \u00e0 travers le sud - Blog Caracolvan","isPartOf":{"@id":"https:\/\/caracolvan.com\/fr\/#website"},"datePublished":"2017-12-27T09:23:58+00:00","dateModified":"2025-06-03T09:17:01+00:00","description":"Caracolvan est n\u00e9 d'une passion pour la nature et les paysages d'Andalousie. Si vous voyagez avec Caracolvan, vous vivrez une exp\u00e9rience inoubliable !","breadcrumb":{"@id":"https:\/\/caracolvan.com\/fr\/vous-voyagez-avec-caracolvan\/#breadcrumb"},"inLanguage":"fr-FR","potentialAction":[{"@type":"ReadAction","target":["https:\/\/caracolvan.com\/fr\/vous-voyagez-avec-caracolvan\/"]}]},{"@type":"BreadcrumbList","@id":"https:\/\/caracolvan.com\/fr\/vous-voyagez-avec-caracolvan\/#breadcrumb","itemListElement":[{"@type":"ListItem","position":1,"name":"Portada","item":"https:\/\/caracolvan.com\/fr\/"},{"@type":"ListItem","position":2,"name":"Vous voyagez avec Caracolvan ?"}]},{"@type":"WebSite","@id":"https:\/\/caracolvan.com\/fr\/#website","url":"https:\/\/caracolvan.com\/fr\/","name":"Alquiler Camper Rental - Caracolvan","description":"Alquiler de furgonetas camper y autocaravanas","publisher":{"@id":"https:\/\/caracolvan.com\/fr\/#organization"},"potentialAction":[{"@type":"SearchAction","target":{"@type":"EntryPoint","urlTemplate":"https:\/\/caracolvan.com\/fr\/?s={search_term_string}"},"query-input":{"@type":"PropertyValueSpecification","valueRequired":true,"valueName":"search_term_string"}}],"inLanguage":"fr-FR"},{"@type":"Organization","@id":"https:\/\/caracolvan.com\/fr\/#organization","name":"Caracolvan","url":"https:\/\/caracolvan.com\/fr\/","logo":{"@type":"ImageObject","inLanguage":"fr-FR","@id":"https:\/\/caracolvan.com\/fr\/#\/schema\/logo\/image\/","url":"https:\/\/caracolvan.com\/wp-content\/uploads\/2023\/08\/caracolvan-logotipo.jpg","contentUrl":"https:\/\/caracolvan.com\/wp-content\/uploads\/2023\/08\/caracolvan-logotipo.jpg","width":696,"height":696,"caption":"Caracolvan"},"image":{"@id":"https:\/\/caracolvan.com\/fr\/#\/schema\/logo\/image\/"},"sameAs":["https:\/\/www.facebook.com\/Caracolvan\/","https:\/\/x.com\/Caracolvan"]},{"@type":"Person","@id":"https:\/\/caracolvan.com\/fr\/#\/schema\/person\/4082cf95fd1be29a0f617f570d486970","name":"Nacho Fern\u00e1ndez del Blanco","image":{"@type":"ImageObject","inLanguage":"fr-FR","@id":"https:\/\/secure.gravatar.com\/avatar\/5f8fedd8535cdaa35a42bf0efb2be3e81fcaa7f2be2f6f0c41a988485f85d39d?s=96&d=mm&r=g","url":"https:\/\/secure.gravatar.com\/avatar\/5f8fedd8535cdaa35a42bf0efb2be3e81fcaa7f2be2f6f0c41a988485f85d39d?s=96&d=mm&r=g","contentUrl":"https:\/\/secure.gravatar.com\/avatar\/5f8fedd8535cdaa35a42bf0efb2be3e81fcaa7f2be2f6f0c41a988485f85d39d?s=96&d=mm&r=g","caption":"Nacho Fern\u00e1ndez del Blanco"},"url":"https:\/\/caracolvan.com\/fr\/author\/nacho\/"}]}},"_links":{"self":[{"href":"https:\/\/caracolvan.com\/fr\/wp-json\/wp\/v2\/posts\/15545","targetHints":{"allow":["GET"]}}],"collection":[{"href":"https:\/\/caracolvan.com\/fr\/wp-json\/wp\/v2\/posts"}],"about":[{"href":"https:\/\/caracolvan.com\/fr\/wp-json\/wp\/v2\/types\/post"}],"author":[{"embeddable":true,"href":"https:\/\/caracolvan.com\/fr\/wp-json\/wp\/v2\/users\/4"}],"replies":[{"embeddable":true,"href":"https:\/\/caracolvan.com\/fr\/wp-json\/wp\/v2\/comments?post=15545"}],"version-history":[{"count":3,"href":"https:\/\/caracolvan.com\/fr\/wp-json\/wp\/v2\/posts\/15545\/revisions"}],"predecessor-version":[{"id":15899,"href":"https:\/\/caracolvan.com\/fr\/wp-json\/wp\/v2\/posts\/15545\/revisions\/15899"}],"wp:attachment":[{"href":"https:\/\/caracolvan.com\/fr\/wp-json\/wp\/v2\/media?parent=15545"}],"wp:term":[{"taxonomy":"category","embeddable":true,"href":"https:\/\/caracolvan.com\/fr\/wp-json\/wp\/v2\/categories?post=15545"},{"taxonomy":"post_tag","embeddable":true,"href":"https:\/\/caracolvan.com\/fr\/wp-json\/wp\/v2\/tags?post=15545"}],"curies":[{"name":"wp","href":"https:\/\/api.w.org\/{rel}","templated":true}]}}