{"id":15556,"date":"2017-12-27T11:57:56","date_gmt":"2017-12-27T09:57:56","guid":{"rendered":"https:\/\/caracolvan.com\/2025\/01\/29\/comment-laver-ses-vetements-lorsquon-voyage-en-van\/"},"modified":"2025-06-03T11:16:33","modified_gmt":"2025-06-03T09:16:33","slug":"comment-laver-ses-vetements-lorsquon-voyage-en-van","status":"publish","type":"post","link":"https:\/\/caracolvan.com\/fr\/comment-laver-ses-vetements-lorsquon-voyage-en-van\/","title":{"rendered":"Comment laver ses v\u00eatements lorsqu'on voyage en van ?"},"content":{"rendered":"<p>&nbsp;<\/p>\n<div style=\"text-align: justify;\">Parfois, lorsque nous partons en voyage de plus d'une semaine, nous ne pouvons pas emporter suffisamment de v\u00eatements pour chaque jour, car l'espace dans notre camping-car est limit\u00e9 et nous devons recourir au lavage des v\u00eatements que nous emportons.<\/div>\n<div style=\"text-align: justify;\"><\/div>\n<p>&nbsp;<\/p>\n<div style=\"text-align: justify;\">Mais <strong>le van n'a pas de machine \u00e0 laver<\/strong>, <strong>alors que fait-on ?<\/strong> Nous allons vous donner plusieurs options pour r\u00e9soudre ce probl\u00e8me, des plus basiques aux plus folles que nous avons pu lire sur les forums de camping-cars.<\/div>\n<div style=\"text-align: justify;\"><\/div>\n<p>&nbsp;<\/p>\n<h2 style=\"text-align: justify;\"><strong>O\u00f9 est-ce que je lave mes v\u00eatements ? <\/strong><\/h2>\n<div style=\"text-align: justify;\"><\/div>\n<p>&nbsp;<\/p>\n<div style=\"text-align: justify;\">Nous nous concentrerons sur la <strong>r\u00e9gion de Cadix<\/strong> pour vous parler des sites locaux puis d'autres solutions pour n'importe quelle partie du monde, <strong>des inventions de machines \u00e0 laver faites maison aux machines \u00e0 laver portables manuelles de luxe<\/strong>. Il y a de tout, vous n'avez plus d'excuse pour faire une valise g\u00e9ante parce que vous ne pouvez pas laver les v\u00eatements, ou pour porter le m\u00eame t-shirt pendant 3 jours parce que vous ne pouvez pas le laver ;) Pour le bien des autres campeurs et ceux qui voyagent avec vous.<\/div>\n<div style=\"text-align: justify;\"><\/div>\n<p>&nbsp;<\/p>\n<h2 style=\"text-align: justify;\"><strong>Des id\u00e9es pour faire la lessive lorsque nous partons en road trip en camping-car.<\/strong><\/h2>\n<div style=\"text-align: justify;\"><\/div>\n<p>&nbsp;<\/p>\n<ol>\n<li style=\"text-align: justify;\">\n<h3><strong>Nous lavons nos v\u00eatements dans les machines \u00e0 laver des stations-service. <\/strong><\/h3>\n<\/li>\n<\/ol>\n<p>&nbsp;<\/p>\n<div style=\"text-align: justify;\"><\/div>\n<div style=\"text-align: justify;\">Il existe d\u00e9sormais de nombreuses <strong>stations-service<\/strong> qui disposent d'un endroit pour laver la voiture, laver nos chiens et laver les v\u00eatements. C'est une option pratique, car pendant que nous lavons les v\u00eatements, nous pouvons v\u00e9rifier notre camping-car, la pression des pneus, s'il y a de l'eau pour les essuie-glaces, le remplir d'essence, si nous devons laver l'ext\u00e9rieur, ou m\u00eame attendre en prenant un caf\u00e9 et acheter un magazine. <strong>L\u2019avantage de cette option est que nous n\u2019avons pas \u00e0 trop nous \u00e9carter de notre itin\u00e9raire. <\/strong><\/div>\n<div style=\"text-align: justify;\"><\/div>\n<p>&nbsp;<\/p>\n<div style=\"text-align: justify;\">\n<p><iframe src=\"https:\/\/www.youtube.com\/embed\/z3iNhR8JJd4\" width=\"100%\" height=\"315\" frameborder=\"0\" allowfullscreen=\"allowfullscreen\"><\/iframe><\/p>\n<div style=\"text-align: justify;\"><\/div>\n<div style=\"text-align: justify;\"><img decoding=\"async\" class=\"aligncenter wp-image-3949 size-full\" title=\"station-service avec machines \u00e0 laver\" src=\"https:\/\/caracolvan.com\/wp-content\/uploads\/2017\/12\/gasolinera-con-lavadoras.jpg\" alt=\"station-service avec machines \u00e0 laver\" width=\"800\" height=\"600\" \/><\/div>\n<p>&nbsp;<\/p>\n<h3 style=\"text-align: justify;\"><strong>Laver le linge \u00e0 la main :<\/strong><\/h3>\n<div style=\"text-align: justify;\"><\/div>\n<p>&nbsp;<\/p>\n<div style=\"text-align: justify;\">Nous savons que ce n'est pas \u00e0 la mode, mais c'est parfois <strong>le moyen le plus rapide et le plus utile<\/strong>, en particulier pour les petits articles tels que les sous-v\u00eatements ou les chaussettes. De plus, en \u00e9t\u00e9, un T-shirt et un short peuvent \u00eatre lav\u00e9s en un clin d'\u0153il et s\u00e9ch\u00e9s en un rien de temps. Alors maintenant vous savez, du savon de l\u00e9zard, un seau et une bonne vieille poup\u00e9e.<\/div>\n<div style=\"text-align: justify;\"><\/div>\n<p>&nbsp;<\/p>\n<div style=\"text-align: justify;\"><strong>La corde et les pinces sont standard sur les <a href=\"https:\/\/caracolvan.com\/fr\/campers\/\"><u>camping-cars Caracolvan<\/u><\/a> !<\/strong><\/div>\n<div style=\"text-align: justify;\"><\/div>\n<div style=\"text-align: justify;\"><img decoding=\"async\" class=\"aligncenter wp-image-3953 size-full\" title=\"lavage \u00e0 la main dans le camping-car\" src=\"https:\/\/caracolvan.com\/wp-content\/uploads\/2017\/12\/lavar-a-mano-en-camper.jpg\" alt=\"lavage \u00e0 la main dans le camping-car\" width=\"800\" height=\"640\" \/><\/div>\n<h3 style=\"text-align: justify;\"><strong>Laver nos v\u00eatements dans les laveries du camping :<\/strong><\/h3>\n<div style=\"text-align: justify;\"><\/div>\n<p>&nbsp;<\/p>\n<div style=\"text-align: justify;\">De nombreux campings disposent d'un <strong>service de blanchisserie<\/strong> et c'est g\u00e9n\u00e9ralement ce que nous trouvons de plus proche lorsque nous sommes sur un itin\u00e9raire de camping-car et que nous ne voulons pas \u00eatre dans les centres-villes.<\/div>\n<div style=\"text-align: justify;\"><\/div>\n<p>&nbsp;<\/p>\n<div style=\"text-align: justify;\">Il y a d'autres fois o\u00f9 nous d\u00e9cidons de <strong>mettre notre camping-car dans un camping<\/strong> afin d'avoir tous les services, notre propre emplacement, douche, toilettes, supermarch\u00e9 et autres options offertes par les campings (Wifi, piscine, restaurant...).<\/div>\n<div style=\"text-align: justify;\"><\/div>\n<p>&nbsp;<\/p>\n<div style=\"text-align: justify;\"><img decoding=\"async\" class=\"aligncenter wp-image-3957 size-full\" title=\"laver le linge dans un camping\" src=\"https:\/\/caracolvan.com\/wp-content\/uploads\/2017\/12\/lavar-ropa-en-camping.jpg\" alt=\"laver le linge dans un camping\" width=\"800\" height=\"640\" \/><\/div>\n<div style=\"text-align: justify;\"><\/div>\n<p>&nbsp;<\/p>\n<h3 style=\"text-align: justify;\"><strong>Laver nos v\u00eatements dans des lieux sp\u00e9cialis\u00e9s : les laveries locales.<\/strong><\/h3>\n<div style=\"text-align: justify;\"><\/div>\n<p>&nbsp;<\/p>\n<div style=\"text-align: justify;\">Souvent, nous avons besoin de laver nos v\u00eatements et nous <strong>ne voulons pas voyager<\/strong> loin pour le faire. Cadix compte 44 communes, nous essaierons donc toujours de trouver l'option qui ne nous oblige pas \u00e0 parcourir 50 kilom\u00e8tres juste pour laver nos v\u00eatements.<\/div>\n<div style=\"text-align: justify;\"><\/div>\n<p>&nbsp;<\/p>\n<h4 style=\"text-align: justify;\"><strong>Blanchisserie dans la capitale de Cadix<\/strong><\/h4>\n<p style=\"text-align: justify;\">Nous pouvons trouver l'entreprise : <strong>LAVAXPRES<\/strong><\/p>\n<div style=\"text-align: justify;\"><\/div>\n<p>&nbsp;<\/p>\n<div style=\"text-align: justify;\">Ils se d\u00e9finissent comme <em>\u00ab votre blanchisserie de quartier \u00bb. SELF-SERVICE. Ouvert toute la journ\u00e9e de 8h00 \u00e0 22h00, 365 jours par an. Lavez et s\u00e9chez tous vos v\u00eatements de la semaine en 1 heure \u00bb.<\/em><\/div>\n<div style=\"text-align: justify;\"><\/div>\n<p>&nbsp;<\/p>\n<div style=\"text-align: justify;\">Vous pouvez le trouver \u00e0 - Eolosol - Parque Empresarial de Poniente, 8 - Nave (C\/Bulgaria) 11011 C\u00e1diz<\/div>\n<div style=\"text-align: justify;\"><\/div>\n<p>&nbsp;<\/p>\n<div style=\"text-align: justify;\"><\/div>\n<div style=\"text-align: justify;\">\n<div style=\"text-align: justify;\"><\/div>\n<p>&nbsp;<\/p>\n<h4 style=\"text-align: justify;\"><strong>Blanchisserie \u00e0 San Fernando<\/strong><\/h4>\n<p>&nbsp;<\/p>\n<p style=\"text-align: justify;\">A San Fernando, on trouve la laverie Spoong, des <strong>laveries en libre-service<\/strong>, qui disposent \u00e9galement de : <strong>wifi gratuit<\/strong>, air conditionn\u00e9, t\u00e9l\u00e9vision, parking pour chiens et v\u00e9los, presse...<\/p>\n<div style=\"text-align: justify;\"><\/div>\n<p>&nbsp;<\/p>\n<div style=\"text-align: justify;\">Et \u00e0 des prix tr\u00e8s attractifs, <strong>lavage de 12 kilos de linge pour 4\u20ac<\/strong> - Le s\u00e9chage est pay\u00e9 s\u00e9par\u00e9ment et ne d\u00e9passe pas 2\u20ac.<\/div>\n<div style=\"text-align: justify;\">Ils ont deux centres de lavage, l'un dans C\/ Cristo de la Expiraci\u00f3n, \u00e0 l'angle de l'Avda Le\u00f3n Herrero, \u00e0 c\u00f4t\u00e9 du Centro Comercial San Fernando Plaza. A c\u00f4t\u00e9 du Centro Comercial San Fernando Plaza et l'autre dans C\/ Jos\u00e9 Ramos Borrero, 12 Centro Comercial Atl\u00e1ntida, Local 15 Si vous voulez plus d'informations, visitez leur site web : <a href=\"https:\/\/www.spoong.com\/\" target=\"_blank\" rel=\"noopener noreferrer\"><u>https:\/\/www.spoong.com\/ <\/u><\/a><\/div>\n<div style=\"text-align: justify;\"><\/div>\n<p>&nbsp;<\/p>\n<p style=\"text-align: justify;\">Une <strong>autre option<\/strong> est <strong>Eco Lava : la blanchisserie en libre-service.<\/strong><\/p>\n<p style=\"text-align: justify;\">Calle Jos\u00e9 Ramos Borrero, Los Olivos (\u00e0 c\u00f4t\u00e9 de Farmacia Ldo. Mar\u00edn Mag\u00e1n) 11100 San Fernando<\/p>\n<div style=\"text-align: justify;\"><\/div>\n<p>&nbsp;<\/p>\n<h4 style=\"text-align: justify;\"><strong>Blanchisserie Tarifa<\/strong><\/h4>\n<p>&nbsp;<\/p>\n<p style=\"text-align: justify;\">A Tarifa, nous trouvons cette laverie, pour tous les amateurs de sports nautiques qui d\u00e9cident de venir dans cette r\u00e9gion pour les pratiquer. Le meilleur de tous ? Le <strong>service de collecte et de livraison \u00e0 votre domicile<\/strong> ou \u00e0 notre camping-car.<\/p>\n<p>&nbsp;<\/p>\n<p style=\"text-align: justify;\">Cela augmente le prix, mais nous <strong>pouvons toujours profiter de nos vacances<\/strong> sans devoir d\u00e9placer le camping-car pour laver nos v\u00eatements.<\/p>\n<p>&nbsp;<\/p>\n<div style=\"text-align: justify;\"><\/div>\n<div style=\"text-align: left;\">Voici les prix, afin que vous puissiez vous rendre compte de leurs prix.<\/div>\n<div style=\"text-align: left;\"><img decoding=\"async\" class=\"aligncenter wp-image-3603 size-medium\" title=\"Liste de prix pour la blanchisserie\" src=\"https:\/\/caracolvan.com\/wp-content\/uploads\/2017\/12\/lavanderia-tarifa-precios-2-225x300.jpg\" alt=\"Liste de prix pour la blanchisserie\" width=\"225\" height=\"300\" srcset=\"https:\/\/caracolvan.com\/wp-content\/uploads\/2017\/12\/lavanderia-tarifa-precios-2-225x300.jpg 225w, https:\/\/caracolvan.com\/wp-content\/uploads\/2017\/12\/lavanderia-tarifa-precios-2.jpg 720w\" sizes=\"(max-width: 225px) 100vw, 225px\" \/><img decoding=\"async\" class=\"aligncenter wp-image-3607 size-full\" title=\"Blanchisserie Tarifa Camper\" src=\"https:\/\/caracolvan.com\/wp-content\/uploads\/2017\/12\/lavanderia-tarifa-camper-2.jpg\" alt=\"Blanchisserie Tarifa Camper\" width=\"960\" height=\"720\" srcset=\"https:\/\/caracolvan.com\/wp-content\/uploads\/2017\/12\/lavanderia-tarifa-camper-2-300x225.jpg 300w, https:\/\/caracolvan.com\/wp-content\/uploads\/2017\/12\/lavanderia-tarifa-camper-2-768x576.jpg 768w, https:\/\/caracolvan.com\/wp-content\/uploads\/2017\/12\/lavanderia-tarifa-camper-2.jpg 960w\" sizes=\"(max-width: 960px) 100vw, 960px\" \/><\/div>\n<div style=\"text-align: justify;\"><\/div>\n<p>&nbsp;<\/p>\n<h3 style=\"text-align: justify;\"><strong>Chiclana de la frontera : laverie libre-service Colada Pluss 1.<\/strong><\/h3>\n<p>&nbsp;<\/p>\n<p style=\"text-align: justify;\">Laverie \u00e0 l'entr\u00e9e de Chiclana, situ\u00e9e dans la zone industrielle. Horaires d'ouverture de 9h00 \u00e0 22h00 Av. de los Descubrimientos, 28 URBISUR 11130<\/p>\n<p>&nbsp;<\/p>\n<div style=\"text-align: justify;\"><img decoding=\"async\" class=\"aligncenter wp-image-2639 size-full\" title=\"Blanchisserie de Chiclana\" src=\"https:\/\/caracolvan.com\/wp-content\/uploads\/2017\/12\/chiclana-lavanderia.jpg\" alt=\"Blanchisserie de Chiclana\" width=\"800\" height=\"600\" \/><\/div>\n<div style=\"text-align: justify;\"><\/div>\n<p>&nbsp;<\/p>\n<h3 style=\"text-align: justify;\"><strong>Cadix : blanchisserie Wasandri <\/strong><\/h3>\n<p style=\"text-align: justify;\">Blanchisserie en libre-service. Horaires d'ouverture de 8h00 \u00e0 22h00 - Il existe plusieurs laveries \u00e0 Cadix.<\/p>\n<p>&nbsp;<\/p>\n<div style=\"text-align: justify;\">Ils ont une autre blanchisserie <strong>\u00e0 El Puerto de Santa Mar\u00eda<\/strong>, Calle Vald\u00e9s, 21D.<\/div>\n<div style=\"text-align: justify;\"><\/div>\n<p>&nbsp;<\/p>\n<div style=\"text-align: justify;\"><img decoding=\"async\" class=\"aligncenter wp-image-3611 size-full\" title=\"Blanchisserie Wasandri\" src=\"https:\/\/caracolvan.com\/wp-content\/uploads\/2017\/12\/wasandri-lavanderia-3.jpg\" alt=\"Blanchisserie Wasandri\" width=\"960\" height=\"720\" srcset=\"https:\/\/caracolvan.com\/wp-content\/uploads\/2017\/12\/wasandri-lavanderia-3-300x225.jpg 300w, https:\/\/caracolvan.com\/wp-content\/uploads\/2017\/12\/wasandri-lavanderia-3-768x576.jpg 768w, https:\/\/caracolvan.com\/wp-content\/uploads\/2017\/12\/wasandri-lavanderia-3.jpg 960w\" sizes=\"(max-width: 960px) 100vw, 960px\" \/><\/div>\n<div style=\"text-align: justify;\"><img decoding=\"async\" class=\"cke-resize cke-resize cke-resize cke-resize cke-resize cke-resize cke-resize cke-resize cke-resize cke-resize cke-resize cke-resize cke-resize cke-resize cke-resize cke-resize\" style=\"width: 0px; height: 0px; float: left;\" src=\"https:\/\/caracolvan.com\/wp-content\/uploads\/2017\/12\/wasandri-lavanderia.jpg\" alt=\"\" \/><\/div>\n<div style=\"text-align: justify;\"><\/div>\n<p>&nbsp;<\/p>\n<h2 style=\"text-align: justify;\"><strong>Id\u00e9es de campeurs vues dans les forums sur la fa\u00e7on de laver le linge.<\/strong><\/h2>\n<div style=\"text-align: justify;\"><\/div>\n<p>&nbsp;<\/p>\n<div style=\"text-align: justify;\">De nombreux campeurs ont r\u00e9fl\u00e9chi \u00e0 ce probl\u00e8me et nous pouvons dire qu'ils ont propos\u00e9 de nombreuses <strong>id\u00e9es int\u00e9ressantes<\/strong>. Nous avons cherch\u00e9 dans les forums, dans les blogs et nous devons vous faire part des id\u00e9es que nous avons trouv\u00e9es, car lorsqu'il y a un besoin, la cr\u00e9ativit\u00e9 augmente et il y a beaucoup de projets qui sont tr\u00e8s originaux et efficaces.<\/div>\n<div style=\"text-align: justify;\"><\/div>\n<p>&nbsp;<\/p>\n<div style=\"text-align: justify;\">De tout ce que nous avons trouv\u00e9 sur le net, <strong>l'id\u00e9e la plus amusante, la plus facile et la plus r\u00e9ussie<\/strong> (nous l'avons essay\u00e9e) est la \u00ab <strong>Zambombalavadora <\/strong>\u00bb cr\u00e9\u00e9e par Alberizo, un utilisateur du forum furgo.org.<\/div>\n<div style=\"text-align: justify;\"><\/div>\n<p>&nbsp;<\/p>\n<div style=\"text-align: justify;\">C'est une invention simple, il suffit <strong>d'une poubelle, d'un piston et de 4 \u00e9lastiques. <\/strong><\/div>\n<p>&nbsp;<\/p>\n<div style=\"text-align: justify;\">Nous n'avons pas de photos, mais la description est incontournable.<\/div>\n<div style=\"text-align: justify;\"><\/div>\n<p>&nbsp;<\/p>\n<div style=\"text-align: justify;\">Si vous voulez en savoir plus, nous vous laissons le lien, il vous fera s\u00fbrement sourire comme il nous a fait sourire lorsque nous faisions des recherches sur le sujet. <a href=\"https:\/\/furgovw.org\/index.php?topic=303872\" target=\"_blank\" rel=\"noopener noreferrer\"><u>https:\/\/furgovw.org\/index.php?topic=303872<\/u><\/a><\/div>\n<div style=\"text-align: justify;\"><\/div>\n<p>&nbsp;<\/p>\n<div style=\"text-align: justify;\">Autre membre du forum : Amikoj explique une autre fa\u00e7on de laver les v\u00eatements, l'original est.<\/div>\n<p>&nbsp;<\/p>\n<div style=\"text-align: justify;\">Nous ne savons pas si cela peut \u00eatre dangereux, mais c'est un moyen peu encombrant <strong>d'utiliser la chaleur du moteur pour laver le linge<\/strong> \u00e0 l'eau chaude.<\/div>\n<div style=\"text-align: justify;\"><\/div>\n<p>&nbsp;<\/p>\n<div style=\"text-align: justify;\">Nous n'avons pas test\u00e9 celui-ci. Pour plus d'informations :<\/div>\n<p>&nbsp;<\/p>\n<div style=\"text-align: justify;\"><u><a href=\"https:\/\/www.furgovw.org\/index.php?topic=312195.msg3886471#msg3886471\" target=\"_blank\" rel=\"noopener noreferrer\">https:\/\/www.furgovw.org\/index.php?topic=312195.msg3886471#msg3886471<\/a><\/u><\/div>\n<div style=\"text-align: justify;\"><\/div>\n<p>&nbsp;<\/p>\n<div style=\"text-align: justify;\">En cherchant sur le web, vous trouverez des milliers <strong>d'id\u00e9es pour cr\u00e9er des machines \u00e0 laver maison<\/strong>, toutes plus ing\u00e9nieuses et amusantes les unes que les autres.<\/div>\n<div style=\"text-align: justify;\"><\/div>\n<div style=\"text-align: justify;\"><img decoding=\"async\" class=\"aligncenter wp-image-3961 size-full\" title=\"lave-linge forero\" src=\"https:\/\/caracolvan.com\/wp-content\/uploads\/2017\/12\/lavadora-forero.jpg\" alt=\"lave-linge forero\" width=\"800\" height=\"800\" \/><\/div>\n<div style=\"text-align: justify;\"><img decoding=\"async\" class=\"aligncenter wp-image-3965 size-full\" title=\"moteur de machine \u00e0 laver pour camping-car\" src=\"https:\/\/caracolvan.com\/wp-content\/uploads\/2017\/12\/motor-lavadora-de-camper.jpg\" alt=\"moteur de machine \u00e0 laver pour camping-car\" width=\"800\" height=\"650\" \/><\/div>\n<div style=\"text-align: justify;\"><img decoding=\"async\" class=\"aligncenter wp-image-3969 size-full\" title=\"moteur d'une machine \u00e0 laver\" src=\"https:\/\/caracolvan.com\/wp-content\/uploads\/2017\/12\/motor-lavadora-furgoneta.jpg\" alt=\"moteur d'une machine \u00e0 laver\" width=\"800\" height=\"650\" \/><\/div>\n<p>&nbsp;<\/p>\n<div style=\"text-align: justify;\"><\/div>\n<div style=\"text-align: justify;\"><\/div>\n<div style=\"text-align: justify;\"><\/div>\n<p>&nbsp;<\/p>\n<div style=\"text-align: justify;\"><\/div>\n<h2 style=\"text-align: justify;\"><strong>Machines \u00e0 laver portables<\/strong><\/h2>\n<div style=\"text-align: justify;\"><\/div>\n<p>&nbsp;<\/p>\n<div style=\"text-align: justify;\">Si finalement aucune des options que nous vous avons propos\u00e9es ne vous convainc, la meilleure chose \u00e0 faire est <strong>d'acheter une machine \u00e0 laver portable pour votre camionnette<\/strong>, afin de ne pas avoir \u00e0 vous d\u00e9placer et de pouvoir vous laver quand vous le souhaitez, bien que beaucoup d'entre elles aient besoin d'<strong>\u00e9lectricit\u00e9 pour fonctionner<\/strong> et que d'autres n\u00e9cessitent simplement <strong>notre force<\/strong> pour actionner une manivelle ou une p\u00e9dale.<\/div>\n<div style=\"text-align: justify;\"><\/div>\n<p>&nbsp;<\/p>\n<div style=\"text-align: justify;\">Il existe diff\u00e9rents lave-linge portables sur le march\u00e9, avec des capacit\u00e9s allant jusqu'\u00e0 9,5 kg. <u><a href=\"https:\/\/www.bipandbip.com\/lavadoras-portatiles\/\" target=\"_blank\" rel=\"noopener noreferrer\">https:\/\/www.bipandbip.com\/lavadoras-portatiles\/<\/a><\/u><\/div>\n<div style=\"text-align: justify;\"><\/div>\n<p>&nbsp;<\/p>\n<div style=\"text-align: justify;\"><img decoding=\"async\" class=\"aligncenter wp-image-3973 size-full\" title=\"machines \u00e0 laver portables tangarus\" src=\"https:\/\/caracolvan.com\/wp-content\/uploads\/2017\/12\/lavadoras-portatiles-tangarus.jpg\" alt=\"machines \u00e0 laver portables tangarus\" width=\"800\" height=\"650\" \/><\/div>\n<div style=\"text-align: justify;\"><\/div>\n<p>&nbsp;<\/p>\n<div style=\"text-align: justify;\"><strong>Si nous avons notre propre<\/strong> fourgon, il peut \u00eatre utile d'en <strong>acheter un<\/strong>, mais si nous allons louer un fourgon, ou si nous n'effectuons qu'un seul long voyage par an, il peut \u00eatre plus pratique et moins co\u00fbteux d'utiliser les options mentionn\u00e9es ci-dessus.<\/div>\n<div style=\"text-align: justify;\"><\/div>\n<p>&nbsp;<\/p>\n<div style=\"text-align: justify;\">L'un des meilleurs produits que nous ayons trouv\u00e9s en ligne est ce <strong>lave-linge de camping portable de 2,5 kg de Tangarus.<\/strong><\/div>\n<div style=\"text-align: justify;\"><\/div>\n<p>&nbsp;<\/p>\n<div style=\"text-align: justify;\">Dans leur description, ils indiquent<\/div>\n<p>&nbsp;<\/p>\n<div style=\"text-align: justify;\"><em>Machine \u00e0 laver con\u00e7ue pour laver et essorer votre linge<\/em><\/div>\n<p>&nbsp;<\/p>\n<div style=\"text-align: justify;\"><em>Pas d'installation n\u00e9cessaire Id\u00e9al pour les bateaux, les caravanes et le camping.<\/em><\/div>\n<p>&nbsp;<\/p>\n<div style=\"text-align: justify;\"><em>Tr\u00e8s respectueux de l'environnement et efficace. <\/em><\/div>\n<p>&nbsp;<\/p>\n<div style=\"text-align: justify;\"><em>Lave-linge avec essorage. <\/em><\/div>\n<p>&nbsp;<\/p>\n<div style=\"text-align: justify;\"><em>Charge maximale de 2,5 kg de linge<\/em><\/div>\n<div style=\"text-align: justify;\"><\/div>\n<p>&nbsp;<\/p>\n<div style=\"text-align: justify;\"><img decoding=\"async\" class=\"aligncenter wp-image-3631 size-full\" title=\"lave-linge portable Cadiz id\u00e9al pour le camping 25kg\" src=\"https:\/\/caracolvan.com\/wp-content\/uploads\/2017\/12\/lavadora-portatil-cadiz-ideal-para-camping-25kg-2.jpg\" alt=\"lave-linge portable Cadiz id\u00e9al pour le camping 25kg\" width=\"800\" height=\"800\" srcset=\"https:\/\/caracolvan.com\/wp-content\/uploads\/2017\/12\/lavadora-portatil-cadiz-ideal-para-camping-25kg-2-150x150.jpg 150w, https:\/\/caracolvan.com\/wp-content\/uploads\/2017\/12\/lavadora-portatil-cadiz-ideal-para-camping-25kg-2-300x300.jpg 300w, https:\/\/caracolvan.com\/wp-content\/uploads\/2017\/12\/lavadora-portatil-cadiz-ideal-para-camping-25kg-2-768x768.jpg 768w, https:\/\/caracolvan.com\/wp-content\/uploads\/2017\/12\/lavadora-portatil-cadiz-ideal-para-camping-25kg-2.jpg 800w\" sizes=\"(max-width: 800px) 100vw, 800px\" \/><\/div>\n<div style=\"text-align: justify;\"><\/div>\n<p>&nbsp;<\/p>\n<div style=\"text-align: justify;\">Vous pouvez acc\u00e9der au site web pour plus d'informations et une vid\u00e9o YouTube :<\/div>\n<p>&nbsp;<\/p>\n<div style=\"text-align: justify;\"><u><a href=\"https:\/\/www.bipandbip.com\/lavadoras-portatiles\/lavadora-portatil-cadiz-ideal-para-camping-25kg.html\" target=\"_blank\" rel=\"noopener noreferrer\">https:\/\/www.bipandbip.com\/lavadoras-portatiles\/lavadora-portatil-cadiz-ideal-para-camping-25kg.html<\/a><\/u><\/div>\n<p>&nbsp;<\/p>\n<h3 style=\"text-align: justify;\"><\/h3>\n<h3 style=\"text-align: justify;\"><strong>Lave-linge portable Oko : \u00e9cologique et manuel. <\/strong><\/h3>\n<div style=\"text-align: justify;\"><\/div>\n<p>&nbsp;<\/p>\n<div style=\"text-align: justify;\"><strong>Il fonctionne en tournant une manivelle<\/strong>, qui fait tourner le tambour, et en quelques minutes, le linge est pr\u00eat. Une quantit\u00e9 minimale de d\u00e9tergent est n\u00e9cessaire.<\/div>\n<div style=\"text-align: justify;\"><\/div>\n<p>&nbsp;<\/p>\n<div style=\"text-align: justify;\">Il peut contenir 2,2 kilos de linge, que l'on peut facilement couvrir avec 6 litres d'eau.<\/div>\n<div style=\"text-align: justify;\"><\/div>\n<p>&nbsp;<\/p>\n<div style=\"text-align: justify;\">Il est id\u00e9al pour les campings, les camping-cars, les campeurs, les...<\/div>\n<div style=\"text-align: justify;\"><\/div>\n<\/div>\n<div style=\"text-align: justify;\"><\/div>\n<div style=\"text-align: justify;\">\n<div style=\"text-align: justify;\"><\/div>\n<h3 style=\"text-align: justify;\"><img decoding=\"async\" class=\"aligncenter wp-image-3635 size-full\" title=\"machine \u00e0 laver \u00e0 manivelle\" src=\"https:\/\/caracolvan.com\/wp-content\/uploads\/2017\/12\/lavadora-manivela-2.jpg\" alt=\"machine \u00e0 laver \u00e0 manivelle\" width=\"900\" height=\"900\" srcset=\"https:\/\/caracolvan.com\/wp-content\/uploads\/2017\/12\/lavadora-manivela-2-150x150.jpg 150w, https:\/\/caracolvan.com\/wp-content\/uploads\/2017\/12\/lavadora-manivela-2-300x300.jpg 300w, https:\/\/caracolvan.com\/wp-content\/uploads\/2017\/12\/lavadora-manivela-2-768x768.jpg 768w, https:\/\/caracolvan.com\/wp-content\/uploads\/2017\/12\/lavadora-manivela-2.jpg 900w\" sizes=\"(max-width: 900px) 100vw, 900px\" \/><\/h3>\n<h3 style=\"text-align: justify;\"><strong>Un autre exemple de machine \u00e0 laver sans \u00e9lectricit\u00e9 est : Drumi.<\/strong><\/h3>\n<div style=\"text-align: justify;\"><\/div>\n<p>&nbsp;<\/p>\n<div style=\"text-align: justify;\">Compact et portable, id\u00e9al pour les campings et les camionnettes. Il a une capacit\u00e9 de 2,2 kilos de linge.<\/div>\n<div style=\"text-align: justify;\">Ce lave-linge <strong>fonctionne sans \u00e9nergie<\/strong>, l'\u00e9nergie est cr\u00e9\u00e9e au moyen d'<strong>une p\u00e9dale<\/strong> qui fait bouger le moteur, il a \u00e9galement besoin d'une petite quantit\u00e9 d'eau (entre 5 et 10 litres d'eau).<\/div>\n<p>&nbsp;<\/p>\n<div style=\"text-align: justify;\">Il est fabriqu\u00e9 en acier inoxydable, en aluminium et en plastique.<\/div>\n<div style=\"text-align: justify;\"><\/div>\n<p>&nbsp;<\/p>\n<div style=\"text-align: justify;\">En 10 minutes, notre linge est pr\u00eat \u00e0 s\u00e9cher, car cette machine \u00e0 laver \u00e9limine l'eau et <strong>l'essore<\/strong>, de sorte que nos v\u00eatements ne <strong>sortent pas tremp\u00e9s<\/strong>.<\/div>\n<div style=\"text-align: justify;\"><\/div>\n<p>&nbsp;<\/p>\n<div style=\"text-align: justify;\"><\/div>\n<p>&nbsp;<\/p>\n<div style=\"text-align: justify;\"><\/div>\n<div style=\"text-align: justify;\">Site officiel : <u>Yirego <\/u><\/div>\n<p>&nbsp;<\/p>\n<h3 style=\"text-align: justify;\"><\/h3>\n<h3 style=\"text-align: justify;\"><strong>Mini lave-linge portable Bomann MWA 9485 d'une capacit\u00e9 de 1,5 kg<\/strong><\/h3>\n<div style=\"text-align: justify;\"><\/div>\n<p>&nbsp;<\/p>\n<div style=\"text-align: justify;\">Id\u00e9al pour les s\u00e9jours en camping, le poids r\u00e9duit et la <strong>faible consommation d'eau et d'\u00e9nergie<\/strong> font de ce lave-linge un outil id\u00e9al pour le camping, les caravanes et les camping-cars.<\/div>\n<div style=\"text-align: justify;\"><\/div>\n<p>&nbsp;<\/p>\n<div style=\"text-align: justify;\">Lave rapidement et efficacement avec un r\u00e9sultat imbattable.<\/div>\n<div style=\"text-align: justify;\"><\/div>\n<p>&nbsp;<\/p>\n<div style=\"text-align: justify;\">Minuterie de 15 minutes Comprend un tuyau de vidange et une arriv\u00e9e d'eau.<\/div>\n<div style=\"text-align: justify;\"><\/div>\n<p>&nbsp;<\/p>\n<div style=\"text-align: justify;\"><img decoding=\"async\" class=\"aligncenter wp-image-3977 size-full\" title=\"machine \u00e0 laver portable bomann\" src=\"https:\/\/caracolvan.com\/wp-content\/uploads\/2017\/12\/lavadora-portatil-bomann.jpg\" alt=\"machine \u00e0 laver portable bomann\" width=\"800\" height=\"800\" \/><\/div>\n<h2 style=\"text-align: justify;\">Collaborez-vous avec nous ?<\/h2>\n<p>&nbsp;<\/p>\n<div style=\"text-align: justify;\"><\/div>\n<div style=\"text-align: justify;\">Nous esp\u00e9rons vous avoir fait sourire avec ce sujet et avoir dissip\u00e9 quelques doutes. Tout d'abord, nous <strong>sommes des voyageurs<\/strong>, nous <strong>sommes des campeurs<\/strong> et nous voulons que nos v\u00eatements soient propres.<\/div>\n<div style=\"text-align: justify;\"><\/div>\n<p>&nbsp;<\/p>\n<div style=\"text-align: justify;\">Si vous connaissez d'autres endroits o\u00f9 laver le linge dans la r\u00e9gion de Cadix, <strong>nous serions ravis d'avoir votre avis<\/strong>. Ainsi, \u00e0 l'avenir, nous pourrons cr\u00e9er une carte sp\u00e9cifique avec tous les endroits o\u00f9 laver le linge et les opinions des utilisateurs en ce qui concerne le prix, le stationnement, ce qu'il faut faire pendant la lessive, etc.<\/div>\n<div style=\"text-align: justify;\"><\/div>\n<p>&nbsp;<\/p>\n<div style=\"text-align: justify;\"><\/div>\n<div id=\"ckimgrsz\" style=\"left: 10px; top: 1176.67px;\"><\/div>\n<div class=\"preview\" style=\"background-image: url('http:\/\/www.caracolvan.com\/images\/BLOG\/Caravana-lavar-ropa.JPG'); display: none; top: 0px; left: 420.993px; width: 1038px; height: 777.976px;\"><\/div>\n<\/div>\n<\/div>\n<div id=\"ckimgrsz\" style=\"left: 10px; top: 130px;\">\n<div class=\"preview\" style=\"background-image: url('http:\/\/www.caracolvan.com\/images\/BLOG\/Lavadora-portatil-cadiz.jpg'); display: none; top: -9px; left: 0px; width: 524px; height: 524px;\"><\/div>\n<\/div>\n<div id=\"ckimgrsz\" style=\"left: 10px; top: 11145px;\">\n<div class=\"preview\"><img decoding=\"async\" class=\"aligncenter wp-image-3981 size-full\" title=\"camping-cars caracolvan\" src=\"https:\/\/caracolvan.com\/wp-content\/uploads\/2017\/12\/caracolvan-viaje-campers.jpg\" alt=\"camping-cars caracolvan\" width=\"800\" height=\"640\" \/><\/div>\n<\/div>\n<div id=\"ckimgrsz\" style=\"left: 10px; top: 11010px;\">\n<div class=\"preview\"><\/div>\n<\/div>\n<div id=\"ckimgrsz\" style=\"left: 10px; top: 4782px;\">\n<div class=\"preview\" style=\"background-image: url('http:\/\/www.caracolvan.com\/images\/BLOG\/wasandri-lavanderia.jpg'); display: none; top: 0px; left: 0px; width: 551px; height: 391px;\"><\/div>\n<\/div>\n<p>&nbsp;<\/p>\n","protected":false},"excerpt":{"rendered":"<p>&nbsp; Parfois, lorsque nous partons en voyage de plus d'une  [...]<\/p>\n","protected":false},"author":4,"featured_media":0,"comment_status":"closed","ping_status":"open","sticky":false,"template":"","format":"standard","meta":{"_joinchat":[],"footnotes":""},"categories":[36],"tags":[],"class_list":["post-15556","post","type-post","status-publish","format-standard","hentry","category-conseils-camper"],"yoast_head":"<!-- This site is optimized with the Yoast SEO Premium plugin v27.2 (Yoast SEO v27.2) - https:\/\/yoast.com\/product\/yoast-seo-premium-wordpress\/ -->\n<title>Comment laver ses v\u00eatements quand on voyage en van - Blog Caracolvan<\/title>\n<meta name=\"description\" content=\"Lorsque nous partons en voyage pendant plus d\u2019une semaine, nous devons laver les v\u00eatements que nous emportons. Conseils pour faire la lessive lorsque vous \u00eates dans une camionnette !\" \/>\n<meta name=\"robots\" content=\"index, follow, max-snippet:-1, max-image-preview:large, max-video-preview:-1\" \/>\n<link rel=\"canonical\" href=\"https:\/\/caracolvan.com\/fr\/comment-laver-ses-vetements-lorsquon-voyage-en-van\/\" \/>\n<meta property=\"og:locale\" content=\"fr_FR\" \/>\n<meta property=\"og:type\" content=\"article\" \/>\n<meta property=\"og:title\" content=\"Comment laver ses v\u00eatements lorsqu&#039;on voyage en van ?\" \/>\n<meta property=\"og:description\" content=\"Lorsque nous partons en voyage pendant plus d\u2019une semaine, nous devons laver les v\u00eatements que nous emportons. Conseils pour faire la lessive lorsque vous \u00eates dans une camionnette !\" \/>\n<meta property=\"og:url\" content=\"https:\/\/caracolvan.com\/fr\/comment-laver-ses-vetements-lorsquon-voyage-en-van\/\" \/>\n<meta property=\"og:site_name\" content=\"Alquiler Camper Rental - Caracolvan\" \/>\n<meta property=\"article:publisher\" content=\"https:\/\/www.facebook.com\/Caracolvan\/\" \/>\n<meta property=\"article:published_time\" content=\"2017-12-27T09:57:56+00:00\" \/>\n<meta property=\"article:modified_time\" content=\"2025-06-03T09:16:33+00:00\" \/>\n<meta property=\"og:image\" content=\"https:\/\/caracolvan.com\/wp-content\/uploads\/2018\/05\/logo-caracolvan-2018.jpg\" \/>\n\t<meta property=\"og:image:width\" content=\"800\" \/>\n\t<meta property=\"og:image:height\" content=\"550\" \/>\n\t<meta property=\"og:image:type\" content=\"image\/jpeg\" \/>\n<meta name=\"author\" content=\"Nacho Fern\u00e1ndez del Blanco\" \/>\n<meta name=\"twitter:card\" content=\"summary_large_image\" \/>\n<meta name=\"twitter:creator\" content=\"@Caracolvan\" \/>\n<meta name=\"twitter:site\" content=\"@Caracolvan\" \/>\n<meta name=\"twitter:label1\" content=\"\u00c9crit par\" \/>\n\t<meta name=\"twitter:data1\" content=\"Nacho Fern\u00e1ndez del Blanco\" \/>\n\t<meta name=\"twitter:label2\" content=\"Dur\u00e9e de lecture estim\u00e9e\" \/>\n\t<meta name=\"twitter:data2\" content=\"11 minutes\" \/>\n<script type=\"application\/ld+json\" class=\"yoast-schema-graph\">{\"@context\":\"https:\/\/schema.org\",\"@graph\":[{\"@type\":\"Article\",\"@id\":\"https:\/\/caracolvan.com\/fr\/comment-laver-ses-vetements-lorsquon-voyage-en-van\/#article\",\"isPartOf\":{\"@id\":\"https:\/\/caracolvan.com\/fr\/comment-laver-ses-vetements-lorsquon-voyage-en-van\/\"},\"author\":{\"name\":\"Nacho Fern\u00e1ndez del Blanco\",\"@id\":\"https:\/\/caracolvan.com\/fr\/#\/schema\/person\/4082cf95fd1be29a0f617f570d486970\"},\"headline\":\"Comment laver ses v\u00eatements lorsqu'on voyage en van ?\",\"datePublished\":\"2017-12-27T09:57:56+00:00\",\"dateModified\":\"2025-06-03T09:16:33+00:00\",\"mainEntityOfPage\":{\"@id\":\"https:\/\/caracolvan.com\/fr\/comment-laver-ses-vetements-lorsquon-voyage-en-van\/\"},\"wordCount\":1875,\"publisher\":{\"@id\":\"https:\/\/caracolvan.com\/fr\/#organization\"},\"image\":{\"@id\":\"https:\/\/caracolvan.com\/fr\/comment-laver-ses-vetements-lorsquon-voyage-en-van\/#primaryimage\"},\"thumbnailUrl\":\"https:\/\/caracolvan.com\/wp-content\/uploads\/2017\/12\/gasolinera-con-lavadoras.jpg\",\"articleSection\":[\"Conseils Camper\"],\"inLanguage\":\"fr-FR\"},{\"@type\":\"WebPage\",\"@id\":\"https:\/\/caracolvan.com\/fr\/comment-laver-ses-vetements-lorsquon-voyage-en-van\/\",\"url\":\"https:\/\/caracolvan.com\/fr\/comment-laver-ses-vetements-lorsquon-voyage-en-van\/\",\"name\":\"Comment laver ses v\u00eatements quand on voyage en van - Blog Caracolvan\",\"isPartOf\":{\"@id\":\"https:\/\/caracolvan.com\/fr\/#website\"},\"primaryImageOfPage\":{\"@id\":\"https:\/\/caracolvan.com\/fr\/comment-laver-ses-vetements-lorsquon-voyage-en-van\/#primaryimage\"},\"image\":{\"@id\":\"https:\/\/caracolvan.com\/fr\/comment-laver-ses-vetements-lorsquon-voyage-en-van\/#primaryimage\"},\"thumbnailUrl\":\"https:\/\/caracolvan.com\/wp-content\/uploads\/2017\/12\/gasolinera-con-lavadoras.jpg\",\"datePublished\":\"2017-12-27T09:57:56+00:00\",\"dateModified\":\"2025-06-03T09:16:33+00:00\",\"description\":\"Lorsque nous partons en voyage pendant plus d\u2019une semaine, nous devons laver les v\u00eatements que nous emportons. Conseils pour faire la lessive lorsque vous \u00eates dans une camionnette !\",\"breadcrumb\":{\"@id\":\"https:\/\/caracolvan.com\/fr\/comment-laver-ses-vetements-lorsquon-voyage-en-van\/#breadcrumb\"},\"inLanguage\":\"fr-FR\",\"potentialAction\":[{\"@type\":\"ReadAction\",\"target\":[\"https:\/\/caracolvan.com\/fr\/comment-laver-ses-vetements-lorsquon-voyage-en-van\/\"]}]},{\"@type\":\"ImageObject\",\"inLanguage\":\"fr-FR\",\"@id\":\"https:\/\/caracolvan.com\/fr\/comment-laver-ses-vetements-lorsquon-voyage-en-van\/#primaryimage\",\"url\":\"https:\/\/caracolvan.com\/wp-content\/uploads\/2017\/12\/gasolinera-con-lavadoras.jpg\",\"contentUrl\":\"https:\/\/caracolvan.com\/wp-content\/uploads\/2017\/12\/gasolinera-con-lavadoras.jpg\"},{\"@type\":\"BreadcrumbList\",\"@id\":\"https:\/\/caracolvan.com\/fr\/comment-laver-ses-vetements-lorsquon-voyage-en-van\/#breadcrumb\",\"itemListElement\":[{\"@type\":\"ListItem\",\"position\":1,\"name\":\"Portada\",\"item\":\"https:\/\/caracolvan.com\/fr\/\"},{\"@type\":\"ListItem\",\"position\":2,\"name\":\"Comment laver ses v\u00eatements lorsqu&#8217;on voyage en van ?\"}]},{\"@type\":\"WebSite\",\"@id\":\"https:\/\/caracolvan.com\/fr\/#website\",\"url\":\"https:\/\/caracolvan.com\/fr\/\",\"name\":\"Alquiler Camper Rental - Caracolvan\",\"description\":\"Alquiler de furgonetas camper y autocaravanas\",\"publisher\":{\"@id\":\"https:\/\/caracolvan.com\/fr\/#organization\"},\"potentialAction\":[{\"@type\":\"SearchAction\",\"target\":{\"@type\":\"EntryPoint\",\"urlTemplate\":\"https:\/\/caracolvan.com\/fr\/?s={search_term_string}\"},\"query-input\":{\"@type\":\"PropertyValueSpecification\",\"valueRequired\":true,\"valueName\":\"search_term_string\"}}],\"inLanguage\":\"fr-FR\"},{\"@type\":\"Organization\",\"@id\":\"https:\/\/caracolvan.com\/fr\/#organization\",\"name\":\"Caracolvan\",\"url\":\"https:\/\/caracolvan.com\/fr\/\",\"logo\":{\"@type\":\"ImageObject\",\"inLanguage\":\"fr-FR\",\"@id\":\"https:\/\/caracolvan.com\/fr\/#\/schema\/logo\/image\/\",\"url\":\"https:\/\/caracolvan.com\/wp-content\/uploads\/2023\/08\/caracolvan-logotipo.jpg\",\"contentUrl\":\"https:\/\/caracolvan.com\/wp-content\/uploads\/2023\/08\/caracolvan-logotipo.jpg\",\"width\":696,\"height\":696,\"caption\":\"Caracolvan\"},\"image\":{\"@id\":\"https:\/\/caracolvan.com\/fr\/#\/schema\/logo\/image\/\"},\"sameAs\":[\"https:\/\/www.facebook.com\/Caracolvan\/\",\"https:\/\/x.com\/Caracolvan\"]},{\"@type\":\"Person\",\"@id\":\"https:\/\/caracolvan.com\/fr\/#\/schema\/person\/4082cf95fd1be29a0f617f570d486970\",\"name\":\"Nacho Fern\u00e1ndez del Blanco\",\"image\":{\"@type\":\"ImageObject\",\"inLanguage\":\"fr-FR\",\"@id\":\"https:\/\/secure.gravatar.com\/avatar\/5f8fedd8535cdaa35a42bf0efb2be3e81fcaa7f2be2f6f0c41a988485f85d39d?s=96&d=mm&r=g\",\"url\":\"https:\/\/secure.gravatar.com\/avatar\/5f8fedd8535cdaa35a42bf0efb2be3e81fcaa7f2be2f6f0c41a988485f85d39d?s=96&d=mm&r=g\",\"contentUrl\":\"https:\/\/secure.gravatar.com\/avatar\/5f8fedd8535cdaa35a42bf0efb2be3e81fcaa7f2be2f6f0c41a988485f85d39d?s=96&d=mm&r=g\",\"caption\":\"Nacho Fern\u00e1ndez del Blanco\"},\"url\":\"https:\/\/caracolvan.com\/fr\/author\/nacho\/\"}]}<\/script>\n<!-- \/ Yoast SEO Premium plugin. -->","yoast_head_json":{"title":"Comment laver ses v\u00eatements quand on voyage en van - Blog Caracolvan","description":"Lorsque nous partons en voyage pendant plus d\u2019une semaine, nous devons laver les v\u00eatements que nous emportons. Conseils pour faire la lessive lorsque vous \u00eates dans une camionnette !","robots":{"index":"index","follow":"follow","max-snippet":"max-snippet:-1","max-image-preview":"max-image-preview:large","max-video-preview":"max-video-preview:-1"},"canonical":"https:\/\/caracolvan.com\/fr\/comment-laver-ses-vetements-lorsquon-voyage-en-van\/","og_locale":"fr_FR","og_type":"article","og_title":"Comment laver ses v\u00eatements lorsqu'on voyage en van ?","og_description":"Lorsque nous partons en voyage pendant plus d\u2019une semaine, nous devons laver les v\u00eatements que nous emportons. Conseils pour faire la lessive lorsque vous \u00eates dans une camionnette !","og_url":"https:\/\/caracolvan.com\/fr\/comment-laver-ses-vetements-lorsquon-voyage-en-van\/","og_site_name":"Alquiler Camper Rental - Caracolvan","article_publisher":"https:\/\/www.facebook.com\/Caracolvan\/","article_published_time":"2017-12-27T09:57:56+00:00","article_modified_time":"2025-06-03T09:16:33+00:00","og_image":[{"width":800,"height":550,"url":"https:\/\/caracolvan.com\/wp-content\/uploads\/2018\/05\/logo-caracolvan-2018.jpg","type":"image\/jpeg"}],"author":"Nacho Fern\u00e1ndez del Blanco","twitter_card":"summary_large_image","twitter_creator":"@Caracolvan","twitter_site":"@Caracolvan","twitter_misc":{"\u00c9crit par":"Nacho Fern\u00e1ndez del Blanco","Dur\u00e9e de lecture estim\u00e9e":"11 minutes"},"schema":{"@context":"https:\/\/schema.org","@graph":[{"@type":"Article","@id":"https:\/\/caracolvan.com\/fr\/comment-laver-ses-vetements-lorsquon-voyage-en-van\/#article","isPartOf":{"@id":"https:\/\/caracolvan.com\/fr\/comment-laver-ses-vetements-lorsquon-voyage-en-van\/"},"author":{"name":"Nacho Fern\u00e1ndez del Blanco","@id":"https:\/\/caracolvan.com\/fr\/#\/schema\/person\/4082cf95fd1be29a0f617f570d486970"},"headline":"Comment laver ses v\u00eatements lorsqu'on voyage en van ?","datePublished":"2017-12-27T09:57:56+00:00","dateModified":"2025-06-03T09:16:33+00:00","mainEntityOfPage":{"@id":"https:\/\/caracolvan.com\/fr\/comment-laver-ses-vetements-lorsquon-voyage-en-van\/"},"wordCount":1875,"publisher":{"@id":"https:\/\/caracolvan.com\/fr\/#organization"},"image":{"@id":"https:\/\/caracolvan.com\/fr\/comment-laver-ses-vetements-lorsquon-voyage-en-van\/#primaryimage"},"thumbnailUrl":"https:\/\/caracolvan.com\/wp-content\/uploads\/2017\/12\/gasolinera-con-lavadoras.jpg","articleSection":["Conseils Camper"],"inLanguage":"fr-FR"},{"@type":"WebPage","@id":"https:\/\/caracolvan.com\/fr\/comment-laver-ses-vetements-lorsquon-voyage-en-van\/","url":"https:\/\/caracolvan.com\/fr\/comment-laver-ses-vetements-lorsquon-voyage-en-van\/","name":"Comment laver ses v\u00eatements quand on voyage en van - Blog Caracolvan","isPartOf":{"@id":"https:\/\/caracolvan.com\/fr\/#website"},"primaryImageOfPage":{"@id":"https:\/\/caracolvan.com\/fr\/comment-laver-ses-vetements-lorsquon-voyage-en-van\/#primaryimage"},"image":{"@id":"https:\/\/caracolvan.com\/fr\/comment-laver-ses-vetements-lorsquon-voyage-en-van\/#primaryimage"},"thumbnailUrl":"https:\/\/caracolvan.com\/wp-content\/uploads\/2017\/12\/gasolinera-con-lavadoras.jpg","datePublished":"2017-12-27T09:57:56+00:00","dateModified":"2025-06-03T09:16:33+00:00","description":"Lorsque nous partons en voyage pendant plus d\u2019une semaine, nous devons laver les v\u00eatements que nous emportons. Conseils pour faire la lessive lorsque vous \u00eates dans une camionnette !","breadcrumb":{"@id":"https:\/\/caracolvan.com\/fr\/comment-laver-ses-vetements-lorsquon-voyage-en-van\/#breadcrumb"},"inLanguage":"fr-FR","potentialAction":[{"@type":"ReadAction","target":["https:\/\/caracolvan.com\/fr\/comment-laver-ses-vetements-lorsquon-voyage-en-van\/"]}]},{"@type":"ImageObject","inLanguage":"fr-FR","@id":"https:\/\/caracolvan.com\/fr\/comment-laver-ses-vetements-lorsquon-voyage-en-van\/#primaryimage","url":"https:\/\/caracolvan.com\/wp-content\/uploads\/2017\/12\/gasolinera-con-lavadoras.jpg","contentUrl":"https:\/\/caracolvan.com\/wp-content\/uploads\/2017\/12\/gasolinera-con-lavadoras.jpg"},{"@type":"BreadcrumbList","@id":"https:\/\/caracolvan.com\/fr\/comment-laver-ses-vetements-lorsquon-voyage-en-van\/#breadcrumb","itemListElement":[{"@type":"ListItem","position":1,"name":"Portada","item":"https:\/\/caracolvan.com\/fr\/"},{"@type":"ListItem","position":2,"name":"Comment laver ses v\u00eatements lorsqu&#8217;on voyage en van ?"}]},{"@type":"WebSite","@id":"https:\/\/caracolvan.com\/fr\/#website","url":"https:\/\/caracolvan.com\/fr\/","name":"Alquiler Camper Rental - Caracolvan","description":"Alquiler de furgonetas camper y autocaravanas","publisher":{"@id":"https:\/\/caracolvan.com\/fr\/#organization"},"potentialAction":[{"@type":"SearchAction","target":{"@type":"EntryPoint","urlTemplate":"https:\/\/caracolvan.com\/fr\/?s={search_term_string}"},"query-input":{"@type":"PropertyValueSpecification","valueRequired":true,"valueName":"search_term_string"}}],"inLanguage":"fr-FR"},{"@type":"Organization","@id":"https:\/\/caracolvan.com\/fr\/#organization","name":"Caracolvan","url":"https:\/\/caracolvan.com\/fr\/","logo":{"@type":"ImageObject","inLanguage":"fr-FR","@id":"https:\/\/caracolvan.com\/fr\/#\/schema\/logo\/image\/","url":"https:\/\/caracolvan.com\/wp-content\/uploads\/2023\/08\/caracolvan-logotipo.jpg","contentUrl":"https:\/\/caracolvan.com\/wp-content\/uploads\/2023\/08\/caracolvan-logotipo.jpg","width":696,"height":696,"caption":"Caracolvan"},"image":{"@id":"https:\/\/caracolvan.com\/fr\/#\/schema\/logo\/image\/"},"sameAs":["https:\/\/www.facebook.com\/Caracolvan\/","https:\/\/x.com\/Caracolvan"]},{"@type":"Person","@id":"https:\/\/caracolvan.com\/fr\/#\/schema\/person\/4082cf95fd1be29a0f617f570d486970","name":"Nacho Fern\u00e1ndez del Blanco","image":{"@type":"ImageObject","inLanguage":"fr-FR","@id":"https:\/\/secure.gravatar.com\/avatar\/5f8fedd8535cdaa35a42bf0efb2be3e81fcaa7f2be2f6f0c41a988485f85d39d?s=96&d=mm&r=g","url":"https:\/\/secure.gravatar.com\/avatar\/5f8fedd8535cdaa35a42bf0efb2be3e81fcaa7f2be2f6f0c41a988485f85d39d?s=96&d=mm&r=g","contentUrl":"https:\/\/secure.gravatar.com\/avatar\/5f8fedd8535cdaa35a42bf0efb2be3e81fcaa7f2be2f6f0c41a988485f85d39d?s=96&d=mm&r=g","caption":"Nacho Fern\u00e1ndez del Blanco"},"url":"https:\/\/caracolvan.com\/fr\/author\/nacho\/"}]}},"_links":{"self":[{"href":"https:\/\/caracolvan.com\/fr\/wp-json\/wp\/v2\/posts\/15556","targetHints":{"allow":["GET"]}}],"collection":[{"href":"https:\/\/caracolvan.com\/fr\/wp-json\/wp\/v2\/posts"}],"about":[{"href":"https:\/\/caracolvan.com\/fr\/wp-json\/wp\/v2\/types\/post"}],"author":[{"embeddable":true,"href":"https:\/\/caracolvan.com\/fr\/wp-json\/wp\/v2\/users\/4"}],"replies":[{"embeddable":true,"href":"https:\/\/caracolvan.com\/fr\/wp-json\/wp\/v2\/comments?post=15556"}],"version-history":[{"count":2,"href":"https:\/\/caracolvan.com\/fr\/wp-json\/wp\/v2\/posts\/15556\/revisions"}],"predecessor-version":[{"id":15895,"href":"https:\/\/caracolvan.com\/fr\/wp-json\/wp\/v2\/posts\/15556\/revisions\/15895"}],"wp:attachment":[{"href":"https:\/\/caracolvan.com\/fr\/wp-json\/wp\/v2\/media?parent=15556"}],"wp:term":[{"taxonomy":"category","embeddable":true,"href":"https:\/\/caracolvan.com\/fr\/wp-json\/wp\/v2\/categories?post=15556"},{"taxonomy":"post_tag","embeddable":true,"href":"https:\/\/caracolvan.com\/fr\/wp-json\/wp\/v2\/tags?post=15556"}],"curies":[{"name":"wp","href":"https:\/\/api.w.org\/{rel}","templated":true}]}}