{"id":15567,"date":"2017-12-27T14:01:20","date_gmt":"2017-12-27T12:01:20","guid":{"rendered":"https:\/\/caracolvan.com\/2025\/02\/10\/experience-en-camping-car-en-andalousie-avec-canal-sur\/"},"modified":"2025-06-03T11:15:31","modified_gmt":"2025-06-03T09:15:31","slug":"experience-en-camping-car-en-andalousie-avec-canal-sur","status":"publish","type":"post","link":"https:\/\/caracolvan.com\/fr\/experience-en-camping-car-en-andalousie-avec-canal-sur\/","title":{"rendered":"\u00ab Exp\u00e9rience en camping-car en Andalousie avec Canal Sur"},"content":{"rendered":"<div>\n<div style=\"text-align: justify;\">Nous vous laissons avec ce reportage de l'\u00e9mission \u00ab <strong>Salud al d\u00eda<\/strong> \u00bb de <em>Canal Sur<\/em>. <strong>Caracolvan <\/strong>et <strong>Reel Surfoards<\/strong> ont montr\u00e9 quelques-uns des avantages d'une <strong>exp\u00e9rience de campeur.<\/strong><\/div>\n<div><\/div>\n<p>&nbsp;<\/p>\n<div><iframe src=\"https:\/\/www.youtube.com\/embed\/XxKTGycyWgA?rel=0\" width=\"533\" height=\"300\" frameborder=\"0\" allowfullscreen=\"allowfullscreen\"><\/iframe><\/div>\n<div><\/div>\n<p>&nbsp;<\/p>\n<div style=\"text-align: justify;\">Comme vous le savez tous, les <strong>camping-cars<\/strong> ne sont pas seulement un moyen de transport, mais aussi un <strong>moyen d'h\u00e9bergement<\/strong>. Ces <strong>v\u00e9hicules <\/strong>sont les compagnons parfaits pour s'\u00e9vader quelques jours \u00e0 la recherche d'aventures dans la <em>nature<\/em>. Qu'il s'agisse de <em>surf, de randonn\u00e9e, de cyclisme, d'escalade<\/em>... quel que soit le sport que nous pratiquons ou m\u00eame simplement de <strong>tourisme<\/strong>. L'essentiel est de s'amuser en pratiquant ce que l'on aime le plus. Et, bien s\u00fbr, comme point nodal de tout cela : \u00ab <strong>Vivre en bonne sant\u00e9<\/strong> \u00bb.<\/div>\n<div style=\"text-align: justify;\"><\/div>\n<p>&nbsp;<\/p>\n<h2 style=\"text-align: justify;\"><strong>Voyager en camping-car<\/strong><\/h2>\n<div style=\"text-align: justify;\"><\/div>\n<p>&nbsp;<\/p>\n<div style=\"text-align: justify;\">Il nous donne la libert\u00e9 de porter la maison sur notre dos. Profiter de tous les avantages qui en d\u00e9coulent, comme dormir, manger ou simplement se reposer o\u00f9 l'on veut. Avoir notre propre petit refuge avec les meilleures vues, profiter d'une vari\u00e9t\u00e9 de <strong>paysages et d'exp\u00e9riences<\/strong>. Quelque chose qu'il ne serait pas possible de faire autrement.<\/div>\n<div style=\"text-align: justify;\"><\/div>\n<p>&nbsp;<\/p>\n<div style=\"text-align: justify;\"><\/div>\n<div style=\"text-align: justify;\"><img decoding=\"async\" class=\"cke-resize aligncenter\" style=\"width: 533px; height: 400px;\" title=\"Caracolvan sur Canal sur\" src=\"https:\/\/caracolvan.com\/wp-content\/uploads\/2017\/12\/caracolvan-salud-al-dia-canal-sur-x5331.jpg\" alt=\"Enregistrement de l'\u00e9mission Salud al dia Canal sur Caracolvan\" width=\"533\" height=\"400\" \/><\/div>\n<div style=\"text-align: justify;\"><\/div>\n<p>&nbsp;<\/p>\n<h2 style=\"text-align: justify;\"><strong>Voyager le long de la Costa de la Luz<\/strong><\/h2>\n<div style=\"text-align: justify;\"><\/div>\n<p>&nbsp;<\/p>\n<div style=\"text-align: justify;\">De plus, nous nous trouvons sur la <strong>Costa de la Luz, \u00e0 Cadix<\/strong>. Le cadre est donc imbattable et le climat fait l'envie de tout autre pays europ\u00e9en.<\/div>\n<div><\/div>\n<p>&nbsp;<\/p>\n<div style=\"text-align: justify;\">Nous avons quelques-unes des meilleures <strong>plages <\/strong><strong>d'Andalousie<\/strong>. Nous avons quelques-unes des meilleures plages d'Andalousie. Vous pourrez \u00e9galement observer les oiseaux et les baleines. De beaux villages dans la <strong>Sierra de Grazalema<\/strong> ou dans le <strong>parc d'Alcornocales<\/strong>. Et des monuments avec des si\u00e8cles d'histoire.<\/div>\n<div><\/div>\n<p>&nbsp;<\/p>\n<div style=\"text-align: justify;\">En r\u00e9sum\u00e9, il existe de nombreuses alternatives que vous pouvez envisager avec le confort de dormir o\u00f9 et quand vous le souhaitez, en organisant votre temps comme vous l'entendez.<\/div>\n<div style=\"text-align: justify;\"><\/div>\n<p>&nbsp;<\/p>\n<h2 style=\"text-align: justify;\"><strong>Votre premi\u00e8re \u00ab exp\u00e9rience de campeur \u00bb avec Caracolvan<\/strong><\/h2>\n<p>&nbsp;<\/p>\n<div style=\"text-align: justify;\">\n<p>Caracolvan propose une large gamme de <a href=\"https:\/\/caracolvan.com\/fr\/campers\/\"><span style=\"color: #ff8c00;\"><u><strong>camping-cars \u00e0 loue<span style=\"color: #ff8c00;\">r<\/span><\/strong><\/u><\/span><\/a>. Du <strong>Vw Caddy Eco Camper<\/strong> (pour deux personnes) au dernier <a href=\"https:\/\/caracolvan.com\/fr\/volkswagen-t6-california\/\"><strong><u><span style=\"color: #ff8c00;\">VW T6 California<\/span><\/u><\/strong><\/a>, en passant par le \u00ab <strong>Large Volume Camper \u00bb ou \u00ab Maxi camper<\/strong> \u00bb, qui dispose m\u00eame d'une salle de bain, d'une douche et d'eau chaude \u00e0 l'int\u00e9rieur. Dans chacun d'entre eux, vous trouverez tout ce dont vous avez besoin pour une escapade parfaite. <em>Cuisine <\/em>enti\u00e8rement \u00e9quip\u00e9e, <em>r\u00e9frig\u00e9rateur<\/em>, <em>lits <\/em>doubles, chaises et table d'ext\u00e9rieur, ainsi que tous les ustensiles de cuisine et le linge de lit... pour que votre \u00ab <strong>exp\u00e9rience de campeur<\/strong> \u00bb soit compl\u00e8te et imbattable. <strong>Voyager dans un camping-car<\/strong> est une exp\u00e9rience formidable, nous avons d\u00e9j\u00e0 de nombreux clients qui ont achet\u00e9 leur propre v\u00e9hicule apr\u00e8s avoir pass\u00e9 des vacances dans un <strong>camping-car de location de Caracolvan<\/strong>. Il a un charme particulier qui ne peut pas \u00eatre racont\u00e9, qui doit \u00eatre exp\u00e9riment\u00e9 en premi\u00e8re personne.<\/p>\n<\/div>\n<p>&nbsp;<\/p>\n<div style=\"text-align: justify;\">Si vous \u00eates \u00e0 la recherche d'un type de <strong>vacances diff\u00e9rent<\/strong> o\u00f9 l'horaire, <em>l'itin\u00e9raire et la destination vous conviennent.<\/em><\/div>\n<div style=\"text-align: justify;\"><\/div>\n<p>&nbsp;<\/p>\n<div style=\"text-align: justify;\"><strong>Il faut essayer un camping-car !<\/strong><\/div>\n<\/div>\n<p>&nbsp;<\/p>\n<div id=\"ckimgrsz\" style=\"left: 10px; top: 580px;\">\n<div class=\"preview\"><\/div>\n<\/div>\n<p>&nbsp;<\/p>\n","protected":false},"excerpt":{"rendered":"<p>Nous vous laissons avec ce reportage de l'\u00e9mission \u00ab Salud  [...]<\/p>\n","protected":false},"author":4,"featured_media":0,"comment_status":"closed","ping_status":"open","sticky":false,"template":"","format":"standard","meta":{"_joinchat":[],"footnotes":""},"categories":[37,38],"tags":[],"class_list":["post-15567","post","type-post","status-publish","format-standard","hentry","category-decouvrir-andalousie","category-histoires-camper"],"yoast_head":"<!-- This site is optimized with the Yoast SEO Premium plugin v27.2 (Yoast SEO v27.2) - https:\/\/yoast.com\/product\/yoast-seo-premium-wordpress\/ -->\n<title>Camping-car en Andalousie avec Canal Sur - Blog Caracolvan<\/title>\n<meta name=\"description\" content=\"Nous partageons le rapport r\u00e9alis\u00e9 par Canal Sur, qui a fait appel \u00e0 Caracolvan pour parler des avantages de l&#039;exp\u00e9rience des campeurs.\" \/>\n<meta name=\"robots\" content=\"index, follow, max-snippet:-1, max-image-preview:large, max-video-preview:-1\" \/>\n<link rel=\"canonical\" href=\"https:\/\/caracolvan.com\/fr\/experience-en-camping-car-en-andalousie-avec-canal-sur\/\" \/>\n<meta property=\"og:locale\" content=\"fr_FR\" \/>\n<meta property=\"og:type\" content=\"article\" \/>\n<meta property=\"og:title\" content=\"\u00ab Exp\u00e9rience en camping-car en Andalousie avec Canal Sur\" \/>\n<meta property=\"og:description\" content=\"Nous partageons le rapport r\u00e9alis\u00e9 par Canal Sur, qui a fait appel \u00e0 Caracolvan pour parler des avantages de l&#039;exp\u00e9rience des campeurs.\" \/>\n<meta property=\"og:url\" content=\"https:\/\/caracolvan.com\/fr\/experience-en-camping-car-en-andalousie-avec-canal-sur\/\" \/>\n<meta property=\"og:site_name\" content=\"Alquiler Camper Rental - Caracolvan\" \/>\n<meta property=\"article:publisher\" content=\"https:\/\/www.facebook.com\/Caracolvan\/\" \/>\n<meta property=\"article:published_time\" content=\"2017-12-27T12:01:20+00:00\" \/>\n<meta property=\"article:modified_time\" content=\"2025-06-03T09:15:31+00:00\" \/>\n<meta property=\"og:image\" content=\"https:\/\/caracolvan.com\/wp-content\/uploads\/2017\/12\/caracolvan-salud-al-dia-canal-sur-x5331.jpg\" \/>\n<meta name=\"author\" content=\"Nacho Fern\u00e1ndez del Blanco\" \/>\n<meta name=\"twitter:card\" content=\"summary_large_image\" \/>\n<meta name=\"twitter:creator\" content=\"@Caracolvan\" \/>\n<meta name=\"twitter:site\" content=\"@Caracolvan\" \/>\n<meta name=\"twitter:label1\" content=\"\u00c9crit par\" \/>\n\t<meta name=\"twitter:data1\" content=\"Nacho Fern\u00e1ndez del Blanco\" \/>\n\t<meta name=\"twitter:label2\" content=\"Dur\u00e9e de lecture estim\u00e9e\" \/>\n\t<meta name=\"twitter:data2\" content=\"3 minutes\" \/>\n<script type=\"application\/ld+json\" class=\"yoast-schema-graph\">{\"@context\":\"https:\/\/schema.org\",\"@graph\":[{\"@type\":\"Article\",\"@id\":\"https:\/\/caracolvan.com\/fr\/experience-en-camping-car-en-andalousie-avec-canal-sur\/#article\",\"isPartOf\":{\"@id\":\"https:\/\/caracolvan.com\/fr\/experience-en-camping-car-en-andalousie-avec-canal-sur\/\"},\"author\":{\"name\":\"Nacho Fern\u00e1ndez del Blanco\",\"@id\":\"https:\/\/caracolvan.com\/fr\/#\/schema\/person\/4082cf95fd1be29a0f617f570d486970\"},\"headline\":\"\u00ab Exp\u00e9rience en camping-car en Andalousie avec Canal Sur\",\"datePublished\":\"2017-12-27T12:01:20+00:00\",\"dateModified\":\"2025-06-03T09:15:31+00:00\",\"mainEntityOfPage\":{\"@id\":\"https:\/\/caracolvan.com\/fr\/experience-en-camping-car-en-andalousie-avec-canal-sur\/\"},\"wordCount\":535,\"publisher\":{\"@id\":\"https:\/\/caracolvan.com\/fr\/#organization\"},\"image\":{\"@id\":\"https:\/\/caracolvan.com\/fr\/experience-en-camping-car-en-andalousie-avec-canal-sur\/#primaryimage\"},\"thumbnailUrl\":\"https:\/\/caracolvan.com\/wp-content\/uploads\/2017\/12\/caracolvan-salud-al-dia-canal-sur-x5331.jpg\",\"articleSection\":[\"D\u00e9couvrir Andalousie\",\"Histoires Camper\"],\"inLanguage\":\"fr-FR\"},{\"@type\":\"WebPage\",\"@id\":\"https:\/\/caracolvan.com\/fr\/experience-en-camping-car-en-andalousie-avec-canal-sur\/\",\"url\":\"https:\/\/caracolvan.com\/fr\/experience-en-camping-car-en-andalousie-avec-canal-sur\/\",\"name\":\"Camping-car en Andalousie avec Canal Sur - Blog Caracolvan\",\"isPartOf\":{\"@id\":\"https:\/\/caracolvan.com\/fr\/#website\"},\"primaryImageOfPage\":{\"@id\":\"https:\/\/caracolvan.com\/fr\/experience-en-camping-car-en-andalousie-avec-canal-sur\/#primaryimage\"},\"image\":{\"@id\":\"https:\/\/caracolvan.com\/fr\/experience-en-camping-car-en-andalousie-avec-canal-sur\/#primaryimage\"},\"thumbnailUrl\":\"https:\/\/caracolvan.com\/wp-content\/uploads\/2017\/12\/caracolvan-salud-al-dia-canal-sur-x5331.jpg\",\"datePublished\":\"2017-12-27T12:01:20+00:00\",\"dateModified\":\"2025-06-03T09:15:31+00:00\",\"description\":\"Nous partageons le rapport r\u00e9alis\u00e9 par Canal Sur, qui a fait appel \u00e0 Caracolvan pour parler des avantages de l'exp\u00e9rience des campeurs.\",\"breadcrumb\":{\"@id\":\"https:\/\/caracolvan.com\/fr\/experience-en-camping-car-en-andalousie-avec-canal-sur\/#breadcrumb\"},\"inLanguage\":\"fr-FR\",\"potentialAction\":[{\"@type\":\"ReadAction\",\"target\":[\"https:\/\/caracolvan.com\/fr\/experience-en-camping-car-en-andalousie-avec-canal-sur\/\"]}]},{\"@type\":\"ImageObject\",\"inLanguage\":\"fr-FR\",\"@id\":\"https:\/\/caracolvan.com\/fr\/experience-en-camping-car-en-andalousie-avec-canal-sur\/#primaryimage\",\"url\":\"https:\/\/caracolvan.com\/wp-content\/uploads\/2017\/12\/caracolvan-salud-al-dia-canal-sur-x5331.jpg\",\"contentUrl\":\"https:\/\/caracolvan.com\/wp-content\/uploads\/2017\/12\/caracolvan-salud-al-dia-canal-sur-x5331.jpg\"},{\"@type\":\"BreadcrumbList\",\"@id\":\"https:\/\/caracolvan.com\/fr\/experience-en-camping-car-en-andalousie-avec-canal-sur\/#breadcrumb\",\"itemListElement\":[{\"@type\":\"ListItem\",\"position\":1,\"name\":\"Portada\",\"item\":\"https:\/\/caracolvan.com\/fr\/\"},{\"@type\":\"ListItem\",\"position\":2,\"name\":\"\u00ab Exp\u00e9rience en camping-car en Andalousie avec Canal Sur\"}]},{\"@type\":\"WebSite\",\"@id\":\"https:\/\/caracolvan.com\/fr\/#website\",\"url\":\"https:\/\/caracolvan.com\/fr\/\",\"name\":\"Alquiler Camper Rental - Caracolvan\",\"description\":\"Alquiler de furgonetas camper y autocaravanas\",\"publisher\":{\"@id\":\"https:\/\/caracolvan.com\/fr\/#organization\"},\"potentialAction\":[{\"@type\":\"SearchAction\",\"target\":{\"@type\":\"EntryPoint\",\"urlTemplate\":\"https:\/\/caracolvan.com\/fr\/?s={search_term_string}\"},\"query-input\":{\"@type\":\"PropertyValueSpecification\",\"valueRequired\":true,\"valueName\":\"search_term_string\"}}],\"inLanguage\":\"fr-FR\"},{\"@type\":\"Organization\",\"@id\":\"https:\/\/caracolvan.com\/fr\/#organization\",\"name\":\"Caracolvan\",\"url\":\"https:\/\/caracolvan.com\/fr\/\",\"logo\":{\"@type\":\"ImageObject\",\"inLanguage\":\"fr-FR\",\"@id\":\"https:\/\/caracolvan.com\/fr\/#\/schema\/logo\/image\/\",\"url\":\"https:\/\/caracolvan.com\/wp-content\/uploads\/2023\/08\/caracolvan-logotipo.jpg\",\"contentUrl\":\"https:\/\/caracolvan.com\/wp-content\/uploads\/2023\/08\/caracolvan-logotipo.jpg\",\"width\":696,\"height\":696,\"caption\":\"Caracolvan\"},\"image\":{\"@id\":\"https:\/\/caracolvan.com\/fr\/#\/schema\/logo\/image\/\"},\"sameAs\":[\"https:\/\/www.facebook.com\/Caracolvan\/\",\"https:\/\/x.com\/Caracolvan\"]},{\"@type\":\"Person\",\"@id\":\"https:\/\/caracolvan.com\/fr\/#\/schema\/person\/4082cf95fd1be29a0f617f570d486970\",\"name\":\"Nacho Fern\u00e1ndez del Blanco\",\"image\":{\"@type\":\"ImageObject\",\"inLanguage\":\"fr-FR\",\"@id\":\"https:\/\/secure.gravatar.com\/avatar\/5f8fedd8535cdaa35a42bf0efb2be3e81fcaa7f2be2f6f0c41a988485f85d39d?s=96&d=mm&r=g\",\"url\":\"https:\/\/secure.gravatar.com\/avatar\/5f8fedd8535cdaa35a42bf0efb2be3e81fcaa7f2be2f6f0c41a988485f85d39d?s=96&d=mm&r=g\",\"contentUrl\":\"https:\/\/secure.gravatar.com\/avatar\/5f8fedd8535cdaa35a42bf0efb2be3e81fcaa7f2be2f6f0c41a988485f85d39d?s=96&d=mm&r=g\",\"caption\":\"Nacho Fern\u00e1ndez del Blanco\"},\"url\":\"https:\/\/caracolvan.com\/fr\/author\/nacho\/\"}]}<\/script>\n<!-- \/ Yoast SEO Premium plugin. -->","yoast_head_json":{"title":"Camping-car en Andalousie avec Canal Sur - Blog Caracolvan","description":"Nous partageons le rapport r\u00e9alis\u00e9 par Canal Sur, qui a fait appel \u00e0 Caracolvan pour parler des avantages de l'exp\u00e9rience des campeurs.","robots":{"index":"index","follow":"follow","max-snippet":"max-snippet:-1","max-image-preview":"max-image-preview:large","max-video-preview":"max-video-preview:-1"},"canonical":"https:\/\/caracolvan.com\/fr\/experience-en-camping-car-en-andalousie-avec-canal-sur\/","og_locale":"fr_FR","og_type":"article","og_title":"\u00ab Exp\u00e9rience en camping-car en Andalousie avec Canal Sur","og_description":"Nous partageons le rapport r\u00e9alis\u00e9 par Canal Sur, qui a fait appel \u00e0 Caracolvan pour parler des avantages de l'exp\u00e9rience des campeurs.","og_url":"https:\/\/caracolvan.com\/fr\/experience-en-camping-car-en-andalousie-avec-canal-sur\/","og_site_name":"Alquiler Camper Rental - Caracolvan","article_publisher":"https:\/\/www.facebook.com\/Caracolvan\/","article_published_time":"2017-12-27T12:01:20+00:00","article_modified_time":"2025-06-03T09:15:31+00:00","og_image":[{"url":"https:\/\/caracolvan.com\/wp-content\/uploads\/2017\/12\/caracolvan-salud-al-dia-canal-sur-x5331.jpg","type":"","width":"","height":""}],"author":"Nacho Fern\u00e1ndez del Blanco","twitter_card":"summary_large_image","twitter_creator":"@Caracolvan","twitter_site":"@Caracolvan","twitter_misc":{"\u00c9crit par":"Nacho Fern\u00e1ndez del Blanco","Dur\u00e9e de lecture estim\u00e9e":"3 minutes"},"schema":{"@context":"https:\/\/schema.org","@graph":[{"@type":"Article","@id":"https:\/\/caracolvan.com\/fr\/experience-en-camping-car-en-andalousie-avec-canal-sur\/#article","isPartOf":{"@id":"https:\/\/caracolvan.com\/fr\/experience-en-camping-car-en-andalousie-avec-canal-sur\/"},"author":{"name":"Nacho Fern\u00e1ndez del Blanco","@id":"https:\/\/caracolvan.com\/fr\/#\/schema\/person\/4082cf95fd1be29a0f617f570d486970"},"headline":"\u00ab Exp\u00e9rience en camping-car en Andalousie avec Canal Sur","datePublished":"2017-12-27T12:01:20+00:00","dateModified":"2025-06-03T09:15:31+00:00","mainEntityOfPage":{"@id":"https:\/\/caracolvan.com\/fr\/experience-en-camping-car-en-andalousie-avec-canal-sur\/"},"wordCount":535,"publisher":{"@id":"https:\/\/caracolvan.com\/fr\/#organization"},"image":{"@id":"https:\/\/caracolvan.com\/fr\/experience-en-camping-car-en-andalousie-avec-canal-sur\/#primaryimage"},"thumbnailUrl":"https:\/\/caracolvan.com\/wp-content\/uploads\/2017\/12\/caracolvan-salud-al-dia-canal-sur-x5331.jpg","articleSection":["D\u00e9couvrir Andalousie","Histoires Camper"],"inLanguage":"fr-FR"},{"@type":"WebPage","@id":"https:\/\/caracolvan.com\/fr\/experience-en-camping-car-en-andalousie-avec-canal-sur\/","url":"https:\/\/caracolvan.com\/fr\/experience-en-camping-car-en-andalousie-avec-canal-sur\/","name":"Camping-car en Andalousie avec Canal Sur - Blog Caracolvan","isPartOf":{"@id":"https:\/\/caracolvan.com\/fr\/#website"},"primaryImageOfPage":{"@id":"https:\/\/caracolvan.com\/fr\/experience-en-camping-car-en-andalousie-avec-canal-sur\/#primaryimage"},"image":{"@id":"https:\/\/caracolvan.com\/fr\/experience-en-camping-car-en-andalousie-avec-canal-sur\/#primaryimage"},"thumbnailUrl":"https:\/\/caracolvan.com\/wp-content\/uploads\/2017\/12\/caracolvan-salud-al-dia-canal-sur-x5331.jpg","datePublished":"2017-12-27T12:01:20+00:00","dateModified":"2025-06-03T09:15:31+00:00","description":"Nous partageons le rapport r\u00e9alis\u00e9 par Canal Sur, qui a fait appel \u00e0 Caracolvan pour parler des avantages de l'exp\u00e9rience des campeurs.","breadcrumb":{"@id":"https:\/\/caracolvan.com\/fr\/experience-en-camping-car-en-andalousie-avec-canal-sur\/#breadcrumb"},"inLanguage":"fr-FR","potentialAction":[{"@type":"ReadAction","target":["https:\/\/caracolvan.com\/fr\/experience-en-camping-car-en-andalousie-avec-canal-sur\/"]}]},{"@type":"ImageObject","inLanguage":"fr-FR","@id":"https:\/\/caracolvan.com\/fr\/experience-en-camping-car-en-andalousie-avec-canal-sur\/#primaryimage","url":"https:\/\/caracolvan.com\/wp-content\/uploads\/2017\/12\/caracolvan-salud-al-dia-canal-sur-x5331.jpg","contentUrl":"https:\/\/caracolvan.com\/wp-content\/uploads\/2017\/12\/caracolvan-salud-al-dia-canal-sur-x5331.jpg"},{"@type":"BreadcrumbList","@id":"https:\/\/caracolvan.com\/fr\/experience-en-camping-car-en-andalousie-avec-canal-sur\/#breadcrumb","itemListElement":[{"@type":"ListItem","position":1,"name":"Portada","item":"https:\/\/caracolvan.com\/fr\/"},{"@type":"ListItem","position":2,"name":"\u00ab Exp\u00e9rience en camping-car en Andalousie avec Canal Sur"}]},{"@type":"WebSite","@id":"https:\/\/caracolvan.com\/fr\/#website","url":"https:\/\/caracolvan.com\/fr\/","name":"Alquiler Camper Rental - Caracolvan","description":"Alquiler de furgonetas camper y autocaravanas","publisher":{"@id":"https:\/\/caracolvan.com\/fr\/#organization"},"potentialAction":[{"@type":"SearchAction","target":{"@type":"EntryPoint","urlTemplate":"https:\/\/caracolvan.com\/fr\/?s={search_term_string}"},"query-input":{"@type":"PropertyValueSpecification","valueRequired":true,"valueName":"search_term_string"}}],"inLanguage":"fr-FR"},{"@type":"Organization","@id":"https:\/\/caracolvan.com\/fr\/#organization","name":"Caracolvan","url":"https:\/\/caracolvan.com\/fr\/","logo":{"@type":"ImageObject","inLanguage":"fr-FR","@id":"https:\/\/caracolvan.com\/fr\/#\/schema\/logo\/image\/","url":"https:\/\/caracolvan.com\/wp-content\/uploads\/2023\/08\/caracolvan-logotipo.jpg","contentUrl":"https:\/\/caracolvan.com\/wp-content\/uploads\/2023\/08\/caracolvan-logotipo.jpg","width":696,"height":696,"caption":"Caracolvan"},"image":{"@id":"https:\/\/caracolvan.com\/fr\/#\/schema\/logo\/image\/"},"sameAs":["https:\/\/www.facebook.com\/Caracolvan\/","https:\/\/x.com\/Caracolvan"]},{"@type":"Person","@id":"https:\/\/caracolvan.com\/fr\/#\/schema\/person\/4082cf95fd1be29a0f617f570d486970","name":"Nacho Fern\u00e1ndez del Blanco","image":{"@type":"ImageObject","inLanguage":"fr-FR","@id":"https:\/\/secure.gravatar.com\/avatar\/5f8fedd8535cdaa35a42bf0efb2be3e81fcaa7f2be2f6f0c41a988485f85d39d?s=96&d=mm&r=g","url":"https:\/\/secure.gravatar.com\/avatar\/5f8fedd8535cdaa35a42bf0efb2be3e81fcaa7f2be2f6f0c41a988485f85d39d?s=96&d=mm&r=g","contentUrl":"https:\/\/secure.gravatar.com\/avatar\/5f8fedd8535cdaa35a42bf0efb2be3e81fcaa7f2be2f6f0c41a988485f85d39d?s=96&d=mm&r=g","caption":"Nacho Fern\u00e1ndez del Blanco"},"url":"https:\/\/caracolvan.com\/fr\/author\/nacho\/"}]}},"_links":{"self":[{"href":"https:\/\/caracolvan.com\/fr\/wp-json\/wp\/v2\/posts\/15567","targetHints":{"allow":["GET"]}}],"collection":[{"href":"https:\/\/caracolvan.com\/fr\/wp-json\/wp\/v2\/posts"}],"about":[{"href":"https:\/\/caracolvan.com\/fr\/wp-json\/wp\/v2\/types\/post"}],"author":[{"embeddable":true,"href":"https:\/\/caracolvan.com\/fr\/wp-json\/wp\/v2\/users\/4"}],"replies":[{"embeddable":true,"href":"https:\/\/caracolvan.com\/fr\/wp-json\/wp\/v2\/comments?post=15567"}],"version-history":[{"count":1,"href":"https:\/\/caracolvan.com\/fr\/wp-json\/wp\/v2\/posts\/15567\/revisions"}],"predecessor-version":[{"id":15892,"href":"https:\/\/caracolvan.com\/fr\/wp-json\/wp\/v2\/posts\/15567\/revisions\/15892"}],"wp:attachment":[{"href":"https:\/\/caracolvan.com\/fr\/wp-json\/wp\/v2\/media?parent=15567"}],"wp:term":[{"taxonomy":"category","embeddable":true,"href":"https:\/\/caracolvan.com\/fr\/wp-json\/wp\/v2\/categories?post=15567"},{"taxonomy":"post_tag","embeddable":true,"href":"https:\/\/caracolvan.com\/fr\/wp-json\/wp\/v2\/tags?post=15567"}],"curies":[{"name":"wp","href":"https:\/\/api.w.org\/{rel}","templated":true}]}}