{"id":15578,"date":"2017-12-27T12:39:09","date_gmt":"2017-12-27T10:39:09","guid":{"rendered":"https:\/\/caracolvan.com\/2025\/02\/17\/louer-un-camping-car-ou-une-caravane-pour-les-vacances\/"},"modified":"2025-06-03T11:10:18","modified_gmt":"2025-06-03T09:10:18","slug":"louer-un-camping-car-ou-une-caravane-pour-les-vacances","status":"publish","type":"post","link":"https:\/\/caracolvan.com\/fr\/louer-un-camping-car-ou-une-caravane-pour-les-vacances\/","title":{"rendered":"Louer un camping-car ou une caravane pour les vacances"},"content":{"rendered":"<div>\n<p style=\"text-align: justify;\"><span style=\"font-weight: normal;\"> \u00c0 l'approche des <em><strong>vacances<\/strong><\/em>, tout le monde a d\u00e9j\u00e0 pr\u00e9vu une escapade. L'essor des <em><strong>camping-cars<\/strong><\/em> en <strong>Espagne <\/strong>cr\u00e9e une nouvelle g\u00e9n\u00e9ration de \u00ab nomades de l'\u00e9t\u00e9 \u00bb qui choisissent de plus en plus ce type de <em><strong>vacances en toute libert\u00e9<\/strong><\/em> et sans attaches. <\/span><\/p>\n<p>&nbsp;<\/p>\n<p style=\"text-align: justify;\"><span style=\"font-weight: normal;\"> La fa\u00e7on la plus courante de savoir si ce type de <strong>vacances <\/strong>nous pla\u00eet est de <em><strong>louer un camping-car ou une caravane<\/strong><\/em>, car investir des milliers d'euros dans un <em><strong>camping-car ou une caravane<\/strong><\/em> neuve n'est g\u00e9n\u00e9ralement pas une bonne option.<\/span><\/p>\n<p>&nbsp;<\/p>\n<p class=\"img_redondeada_y_sombreada\"><span lang=\"es\"><span style=\"font-weight: normal;\"><span lang=\"es\"><span style=\"font-weight: normal;\"><span lang=\"es\"><span style=\"font-weight: normal;\"><span lang=\"es\"><span style=\"font-weight: normal;\"><img decoding=\"async\" id=\"Vw T5 California de alquiler\" class=\"aligncenter\" style=\"width: 533px; height: 295px;\" title=\"Location de camping-cars et de caravanes\" src=\"https:\/\/caracolvan.com\/wp-content\/uploads\/2017\/12\/autocaravana-vs-camper-533x.jpg\" alt=\"Location de camping-cars et de caravanes \" width=\"533\" height=\"295\" \/><\/span><\/span><\/span><\/span><\/span><\/span><\/span><\/span><\/p>\n<p>&nbsp;<\/p>\n<h2 style=\"text-align: justify;\"><strong>Pr\u00eat \u00e0 tenter l'exp\u00e9rience<\/strong><\/h2>\n<p>&nbsp;<\/p>\n<p style=\"text-align: justify;\"><span style=\"font-weight: normal;\"> Apr\u00e8s avoir d\u00e9cid\u00e9 de <em><strong>louer <\/strong><\/em>une maison sur roues, la question se pose de savoir ce qui est le mieux pour moi : <strong>dois-je louer un camping-car ou une camionnette <\/strong>? Nous sommes \u00e9videmment juges et parties en la mati\u00e8re, mais nous allons tenter d'expliquer les avantages et les inconv\u00e9nients de chaque option. <\/span><\/p>\n<p>&nbsp;<\/p>\n<p style=\"text-align: justify;\"><span style=\"font-weight: normal;\"> La premi\u00e8re chose \u00e0 faire, et la plus importante, est de savoir combien nous sommes, car le nombre de places assises peut directement faire pencher la balance en faveur d'une option ou d'une autre. Si nous sommes plus de quatre, le <strong>camping-car<\/strong> ne fait aucun doute. Tout simplement parce que la plupart des <em><strong>camping-cars<\/strong><\/em> ont un maximum de 4 places pour voyager ou dormir. <\/span><\/p>\n<p>&nbsp;<\/p>\n<p class=\"img_redondeada_y_sombreada\"><span lang=\"es\"><span style=\"font-weight: normal;\"><span lang=\"es\"><span style=\"font-weight: normal;\"><span lang=\"es\"><span style=\"font-weight: normal;\"><span lang=\"es\"><span style=\"font-weight: normal;\"><img decoding=\"async\" id=\"alquila una Vw California\" class=\"aligncenter\" style=\"width: 533px; height: 345px;\" title=\"Vw T5 California toit relevable ou camping-car\" src=\"https:\/\/caracolvan.com\/wp-content\/uploads\/2017\/12\/autocaravana-vs-camper-10-533x.jpg\" alt=\"Vw T5 California avec toit relevable et camping-car\" width=\"533\" height=\"345\" \/><\/span><\/span><\/span><\/span><\/span><\/span><\/span><\/span><\/p>\n<p>&nbsp;<\/p>\n<h2 style=\"text-align: justify;\"><em><span style=\"font-weight: normal;\"><em><strong>L'essentiel, c'est la taille<\/strong><\/em><\/span><\/em><\/h2>\n<p>&nbsp;<\/p>\n<p style=\"text-align: justify;\">\n<p style=\"text-align: justify;\"><span style=\"font-weight: normal;\"> Si vous \u00eates une famille nombreuse ou un groupe d'amis, le <em><strong>camping-car<\/strong><\/em> peut \u00eatre plus amusant que le <em><strong>caravane<\/strong><\/em>, car il est plus grand et dispose de plus d'espace pour les bagages, pour \u00eatre \u00e0 l'int\u00e9rieur avec les enfants, pour jouer au Monopoly \u00e0 six...<\/span><\/p>\n<p style=\"text-align: justify;\"><span style=\"font-weight: normal;\"> C'est la pr\u00e9misse principale, l'espace. Mais pour le meilleur et pour le pire. Car un <em><strong>camping-car<\/strong><\/em> est tr\u00e8s grand \u00e0 l'int\u00e9rieur, mais aussi \u00e0 l'ext\u00e9rieur, et c'est un inconv\u00e9nient lorsqu'il s'agit de se d\u00e9placer. C'est l\u00e0 qu'un <strong><em>fourgon am\u00e9nag\u00e9<\/em><\/strong> ou un camping-car gagne du terrain, lorsqu'il s'agit de prendre le volant et de voyager, ce qui est fondamentalement notre vocation. <\/span><\/p>\n<p>&nbsp;<\/p>\n<p class=\"img_redondeada_y_sombreada\"><em><span lang=\"es\"><span style=\"font-weight: normal;\"><span lang=\"es\"><span style=\"font-weight: normal;\"><span lang=\"es\"><span style=\"font-weight: normal;\"><span lang=\"es\"><span style=\"font-weight: normal;\"><img decoding=\"async\" id=\"alquila una autocaravana\" class=\"aligncenter\" style=\"width: 533px; height: 355px;\" title=\"Location de camping-cars pour les familles\" src=\"https:\/\/caracolvan.com\/wp-content\/uploads\/2017\/12\/garaje-autocaravana-533x.jpg\" alt=\"Location de camping-cars pour les familles\" width=\"533\" height=\"355\" \/><\/span><\/span><\/span><\/span><\/span><\/span><\/span><\/span><\/em><\/p>\n<p>&nbsp;<\/p>\n<h2 style=\"text-align: justify;\"><em><span style=\"font-weight: normal;\"><em><strong>Type de voyage<\/strong><\/em><\/span><\/em><\/h2>\n<p>&nbsp;<\/p>\n<p style=\"text-align: justify;\">Cela nous am\u00e8ne \u00e0 consid\u00e9rer une deuxi\u00e8me pr\u00e9misse, le type de <em><strong>voyage <\/strong><\/em>que nous allons faire. Si nous allons faire beaucoup de kilom\u00e8tres, rouler sur tous les types de routes, autoroutes, routes secondaires, cols de montagne... le <em><strong>camping-car<\/strong><\/em> est beaucoup plus agile et \u00e9conomique, car il ne faut pas oublier qu'il est limit\u00e9 aux dimensions d'une <em><strong>camionnette <\/strong><\/em>normale, sans grands porte-\u00e0-faux qui l'emp\u00eachent de passer dans des endroits \u00e9troits ou m\u00eame d'entrer dans des parkings souterrains.<\/p>\n<p>&nbsp;<\/p>\n<p style=\"text-align: justify;\">De plus, \u00e9tant plus petit, il consomme moins de carburant et est plus facile \u00e0 conduire. Ne l'oublions pas, certaines personnes sont terrifi\u00e9es \u00e0 l'id\u00e9e de conduire un <em><strong>camping-car<\/strong><\/em> de sept m\u00e8tres de long et de pr\u00e8s de deux m\u00e8tres de large ?<\/p>\n<p>&nbsp;<\/p>\n<p style=\"text-align: justify;\">En d'autres termes, si nous devons parcourir de nombreux kilom\u00e8tres, le <em><strong>camping-car<\/strong><\/em> nous offrira une plus grande polyvalence, mais si nous devons passer nos quinze jours de vacances dans un <strong>camping <\/strong>ou sur une <strong>plage<\/strong>, le <em><strong>camping-car<\/strong><\/em> sera notre appartement de vacances id\u00e9al.<\/p>\n<p>&nbsp;<\/p>\n<p class=\"img_redondeada_y_sombreada\"><em><span lang=\"es\"><span style=\"font-weight: normal;\"><span lang=\"es\"><span style=\"font-weight: normal;\"><span lang=\"es\"><span style=\"font-weight: normal;\"><span lang=\"es\"><span style=\"font-weight: normal;\"><img decoding=\"async\" id=\"alquila una furgoneta Camper\" class=\"aligncenter\" style=\"width: 533px; height: 331px;\" title=\"Tailles des camping-cars et des caravanes\" src=\"https:\/\/caracolvan.com\/wp-content\/uploads\/2017\/12\/autocaravana-vs-camper-07-533x.jpg\" alt=\"Vw T5 California \u00e0 louer et Camping-car \u00e0 louer\" width=\"533\" height=\"331\" \/><\/span><\/span><\/span><\/span><\/span><\/span><\/span><\/span><\/em><\/p>\n<p>&nbsp;<\/p>\n<h2 style=\"text-align: justify;\"><strong>Mat\u00e9riel de camping<\/strong><\/h2>\n<p>&nbsp;<\/p>\n<p style=\"text-align: justify;\">En ce qui concerne l'<em><strong>\u00e9quipement int\u00e9rieur<\/strong><\/em>, les deux sont tr\u00e8s similaires, la plupart des <em><strong>camping-cars<\/strong><\/em> disposent aujourd'hui de tout ce dont vous avez besoin pour les <em><strong>vacances<\/strong><\/em>, <strong>cuisini\u00e8re \u00e0 gaz, \u00e9vier, r\u00e9frig\u00e9rateur, chauffage, lit double<\/strong>... La principale diff\u00e9rence avec les <em><strong>camping-cars<\/strong><\/em> r\u00e9side dans l'espace : dans un <em><strong>camping-car<\/strong><\/em>, tout est plus grand, tandis que le <em><strong>camping-car<\/strong><\/em> est plus compact et g\u00e9n\u00e9ralement con\u00e7u pour un couple.<\/p>\n<p>&nbsp;<\/p>\n<p style=\"text-align: justify;\">Il convient \u00e9galement de noter que les <em><strong>camping-cars<\/strong><\/em> disposent g\u00e9n\u00e9ralement d'une salle de <strong>bains<\/strong> avec <strong>toilettes chimiques, eau chaude et douche int\u00e9rieure<\/strong>, tandis que les <em><strong>camping-cars<\/strong><\/em> plus compacts comme le <strong><a href=\"https:\/\/caracolvan.com\/fr\/volkswagen-t6-california\/\">Vw California T5<\/a><\/strong> doivent se contenter de <strong>toilettes chimiques portables et d'une douche ext\u00e9rieure.<\/strong> Ce probl\u00e8me est r\u00e9solu dans le cas des <em><strong>camping-cars<\/strong><\/em> dits \u00ab <strong>grand volume<\/strong> \u00bb qui, sur la base d'un <strong>fourgon <\/strong>l\u00e9g\u00e8rement plus grand, <strong>comprennent une salle de bain int\u00e9rieure et une douche avec eau chaude<\/strong>, comme c'est le cas du <a href=\"http:\/\/www.caracolvan.com\/es\/campervan\/alquiler-autocaravana-weinsberg-carabus\"><em><strong>Weinsberg Carabus \u00ab Maxi Camper \u00bb de Caracolvan.<\/strong><\/em><\/a><\/p>\n<p>&nbsp;<\/p>\n<p class=\"img_redondeada_y_sombreada\"><em><span lang=\"es\"><span style=\"font-weight: normal;\"><span lang=\"es\"><span style=\"font-weight: normal;\"><span lang=\"es\"><span style=\"font-weight: normal;\"><span lang=\"es\"><span style=\"font-weight: normal;\"><img decoding=\"async\" id=\"alquila una furgoneta Camper\" class=\"aligncenter\" style=\"width: 533px; height: 355px;\" title=\"L'\u00e9quipement d'un camping-car est tr\u00e8s complet\" src=\"https:\/\/caracolvan.com\/wp-content\/uploads\/2017\/12\/vw-t5-california-01-533x.jpg\" alt=\"Vw T5 California \u00e0 louer et Camping-car \u00e0 louer\" width=\"533\" height=\"355\" \/><\/span><\/span><\/span><\/span><\/span><\/span><\/span><\/span><\/em><\/p>\n<p>&nbsp;<\/p>\n<p style=\"text-align: justify;\">En r\u00e9sum\u00e9, si vous envisagez de <strong>louer un camping-car ou un motorhome pour vos vacances<\/strong>, cela d\u00e9pendra de votre nombre, du type de <strong>voyage <\/strong>que vous allez faire, mais surtout de votre d\u00e9sir de vous amuser, car les deux options ouvrent un nouvel horizon de possibilit\u00e9s pour vos <strong>vacances<\/strong>, avec beaucoup plus d'avantages que d'inconv\u00e9nients dans les deux cas et sans aucun doute, si ce que vous aimez, c'est <strong>voyager en libert\u00e9 et profiter de la nature<\/strong>, c'est sans aucun doute l'une des fa\u00e7ons les plus recommandables de passer des <strong>vacances<\/strong>.<\/p>\n<\/div>\n","protected":false},"excerpt":{"rendered":"<p>\u00c0 l'approche des vacances, tout le monde a d\u00e9j\u00e0 pr\u00e9vu  [...]<\/p>\n","protected":false},"author":4,"featured_media":0,"comment_status":"closed","ping_status":"open","sticky":false,"template":"","format":"standard","meta":{"_joinchat":[],"footnotes":""},"categories":[3],"tags":[],"class_list":["post-15578","post","type-post","status-publish","format-standard","hentry","category-non-classifiee"],"yoast_head":"<!-- This site is optimized with the Yoast SEO Premium plugin v27.2 (Yoast SEO v27.2) - https:\/\/yoast.com\/product\/yoast-seo-premium-wordpress\/ -->\n<title>Louer un camping-car ou une caravane pour les vacances - Blog<\/title>\n<meta name=\"description\" content=\"L&#039;essor de la location de camping-cars en Espagne pour les vacances cr\u00e9e une nouvelle g\u00e9n\u00e9ration de \u00ab nomades de l&#039;\u00e9t\u00e9 \u00bb.\" \/>\n<meta name=\"robots\" content=\"index, follow, max-snippet:-1, max-image-preview:large, max-video-preview:-1\" \/>\n<link rel=\"canonical\" href=\"https:\/\/caracolvan.com\/fr\/louer-un-camping-car-ou-une-caravane-pour-les-vacances\/\" \/>\n<meta property=\"og:locale\" content=\"fr_FR\" \/>\n<meta property=\"og:type\" content=\"article\" \/>\n<meta property=\"og:title\" content=\"Louer un camping-car ou une caravane pour les vacances\" \/>\n<meta property=\"og:description\" content=\"L&#039;essor de la location de camping-cars en Espagne pour les vacances cr\u00e9e une nouvelle g\u00e9n\u00e9ration de \u00ab nomades de l&#039;\u00e9t\u00e9 \u00bb.\" \/>\n<meta property=\"og:url\" content=\"https:\/\/caracolvan.com\/fr\/louer-un-camping-car-ou-une-caravane-pour-les-vacances\/\" \/>\n<meta property=\"og:site_name\" content=\"Alquiler Camper Rental - Caracolvan\" \/>\n<meta property=\"article:publisher\" content=\"https:\/\/www.facebook.com\/Caracolvan\/\" \/>\n<meta property=\"article:published_time\" content=\"2017-12-27T10:39:09+00:00\" \/>\n<meta property=\"article:modified_time\" content=\"2025-06-03T09:10:18+00:00\" \/>\n<meta property=\"og:image\" content=\"https:\/\/caracolvan.com\/wp-content\/uploads\/2017\/12\/autocaravana-vs-camper-533x.jpg\" \/>\n<meta name=\"author\" content=\"Nacho Fern\u00e1ndez del Blanco\" \/>\n<meta name=\"twitter:card\" content=\"summary_large_image\" \/>\n<meta name=\"twitter:creator\" content=\"@Caracolvan\" \/>\n<meta name=\"twitter:site\" content=\"@Caracolvan\" \/>\n<meta name=\"twitter:label1\" content=\"\u00c9crit par\" \/>\n\t<meta name=\"twitter:data1\" content=\"Nacho Fern\u00e1ndez del Blanco\" \/>\n\t<meta name=\"twitter:label2\" content=\"Dur\u00e9e de lecture estim\u00e9e\" \/>\n\t<meta name=\"twitter:data2\" content=\"5 minutes\" \/>\n<script type=\"application\/ld+json\" class=\"yoast-schema-graph\">{\"@context\":\"https:\/\/schema.org\",\"@graph\":[{\"@type\":\"Article\",\"@id\":\"https:\/\/caracolvan.com\/fr\/louer-un-camping-car-ou-une-caravane-pour-les-vacances\/#article\",\"isPartOf\":{\"@id\":\"https:\/\/caracolvan.com\/fr\/louer-un-camping-car-ou-une-caravane-pour-les-vacances\/\"},\"author\":{\"name\":\"Nacho Fern\u00e1ndez del Blanco\",\"@id\":\"https:\/\/caracolvan.com\/fr\/#\/schema\/person\/4082cf95fd1be29a0f617f570d486970\"},\"headline\":\"Louer un camping-car ou une caravane pour les vacances\",\"datePublished\":\"2017-12-27T10:39:09+00:00\",\"dateModified\":\"2025-06-03T09:10:18+00:00\",\"mainEntityOfPage\":{\"@id\":\"https:\/\/caracolvan.com\/fr\/louer-un-camping-car-ou-une-caravane-pour-les-vacances\/\"},\"wordCount\":844,\"publisher\":{\"@id\":\"https:\/\/caracolvan.com\/fr\/#organization\"},\"image\":{\"@id\":\"https:\/\/caracolvan.com\/fr\/louer-un-camping-car-ou-une-caravane-pour-les-vacances\/#primaryimage\"},\"thumbnailUrl\":\"https:\/\/caracolvan.com\/wp-content\/uploads\/2017\/12\/autocaravana-vs-camper-533x.jpg\",\"articleSection\":[\"Non classifi\u00e9(e)\"],\"inLanguage\":\"fr-FR\"},{\"@type\":\"WebPage\",\"@id\":\"https:\/\/caracolvan.com\/fr\/louer-un-camping-car-ou-une-caravane-pour-les-vacances\/\",\"url\":\"https:\/\/caracolvan.com\/fr\/louer-un-camping-car-ou-une-caravane-pour-les-vacances\/\",\"name\":\"Louer un camping-car ou une caravane pour les vacances - Blog\",\"isPartOf\":{\"@id\":\"https:\/\/caracolvan.com\/fr\/#website\"},\"primaryImageOfPage\":{\"@id\":\"https:\/\/caracolvan.com\/fr\/louer-un-camping-car-ou-une-caravane-pour-les-vacances\/#primaryimage\"},\"image\":{\"@id\":\"https:\/\/caracolvan.com\/fr\/louer-un-camping-car-ou-une-caravane-pour-les-vacances\/#primaryimage\"},\"thumbnailUrl\":\"https:\/\/caracolvan.com\/wp-content\/uploads\/2017\/12\/autocaravana-vs-camper-533x.jpg\",\"datePublished\":\"2017-12-27T10:39:09+00:00\",\"dateModified\":\"2025-06-03T09:10:18+00:00\",\"description\":\"L'essor de la location de camping-cars en Espagne pour les vacances cr\u00e9e une nouvelle g\u00e9n\u00e9ration de \u00ab nomades de l'\u00e9t\u00e9 \u00bb.\",\"breadcrumb\":{\"@id\":\"https:\/\/caracolvan.com\/fr\/louer-un-camping-car-ou-une-caravane-pour-les-vacances\/#breadcrumb\"},\"inLanguage\":\"fr-FR\",\"potentialAction\":[{\"@type\":\"ReadAction\",\"target\":[\"https:\/\/caracolvan.com\/fr\/louer-un-camping-car-ou-une-caravane-pour-les-vacances\/\"]}]},{\"@type\":\"ImageObject\",\"inLanguage\":\"fr-FR\",\"@id\":\"https:\/\/caracolvan.com\/fr\/louer-un-camping-car-ou-une-caravane-pour-les-vacances\/#primaryimage\",\"url\":\"https:\/\/caracolvan.com\/wp-content\/uploads\/2017\/12\/autocaravana-vs-camper-533x.jpg\",\"contentUrl\":\"https:\/\/caracolvan.com\/wp-content\/uploads\/2017\/12\/autocaravana-vs-camper-533x.jpg\"},{\"@type\":\"BreadcrumbList\",\"@id\":\"https:\/\/caracolvan.com\/fr\/louer-un-camping-car-ou-une-caravane-pour-les-vacances\/#breadcrumb\",\"itemListElement\":[{\"@type\":\"ListItem\",\"position\":1,\"name\":\"Portada\",\"item\":\"https:\/\/caracolvan.com\/fr\/\"},{\"@type\":\"ListItem\",\"position\":2,\"name\":\"Louer un camping-car ou une caravane pour les vacances\"}]},{\"@type\":\"WebSite\",\"@id\":\"https:\/\/caracolvan.com\/fr\/#website\",\"url\":\"https:\/\/caracolvan.com\/fr\/\",\"name\":\"Alquiler Camper Rental - Caracolvan\",\"description\":\"Alquiler de furgonetas camper y autocaravanas\",\"publisher\":{\"@id\":\"https:\/\/caracolvan.com\/fr\/#organization\"},\"potentialAction\":[{\"@type\":\"SearchAction\",\"target\":{\"@type\":\"EntryPoint\",\"urlTemplate\":\"https:\/\/caracolvan.com\/fr\/?s={search_term_string}\"},\"query-input\":{\"@type\":\"PropertyValueSpecification\",\"valueRequired\":true,\"valueName\":\"search_term_string\"}}],\"inLanguage\":\"fr-FR\"},{\"@type\":\"Organization\",\"@id\":\"https:\/\/caracolvan.com\/fr\/#organization\",\"name\":\"Caracolvan\",\"url\":\"https:\/\/caracolvan.com\/fr\/\",\"logo\":{\"@type\":\"ImageObject\",\"inLanguage\":\"fr-FR\",\"@id\":\"https:\/\/caracolvan.com\/fr\/#\/schema\/logo\/image\/\",\"url\":\"https:\/\/caracolvan.com\/wp-content\/uploads\/2023\/08\/caracolvan-logotipo.jpg\",\"contentUrl\":\"https:\/\/caracolvan.com\/wp-content\/uploads\/2023\/08\/caracolvan-logotipo.jpg\",\"width\":696,\"height\":696,\"caption\":\"Caracolvan\"},\"image\":{\"@id\":\"https:\/\/caracolvan.com\/fr\/#\/schema\/logo\/image\/\"},\"sameAs\":[\"https:\/\/www.facebook.com\/Caracolvan\/\",\"https:\/\/x.com\/Caracolvan\"]},{\"@type\":\"Person\",\"@id\":\"https:\/\/caracolvan.com\/fr\/#\/schema\/person\/4082cf95fd1be29a0f617f570d486970\",\"name\":\"Nacho Fern\u00e1ndez del Blanco\",\"image\":{\"@type\":\"ImageObject\",\"inLanguage\":\"fr-FR\",\"@id\":\"https:\/\/secure.gravatar.com\/avatar\/5f8fedd8535cdaa35a42bf0efb2be3e81fcaa7f2be2f6f0c41a988485f85d39d?s=96&d=mm&r=g\",\"url\":\"https:\/\/secure.gravatar.com\/avatar\/5f8fedd8535cdaa35a42bf0efb2be3e81fcaa7f2be2f6f0c41a988485f85d39d?s=96&d=mm&r=g\",\"contentUrl\":\"https:\/\/secure.gravatar.com\/avatar\/5f8fedd8535cdaa35a42bf0efb2be3e81fcaa7f2be2f6f0c41a988485f85d39d?s=96&d=mm&r=g\",\"caption\":\"Nacho Fern\u00e1ndez del Blanco\"},\"url\":\"https:\/\/caracolvan.com\/fr\/author\/nacho\/\"}]}<\/script>\n<!-- \/ Yoast SEO Premium plugin. -->","yoast_head_json":{"title":"Louer un camping-car ou une caravane pour les vacances - Blog","description":"L'essor de la location de camping-cars en Espagne pour les vacances cr\u00e9e une nouvelle g\u00e9n\u00e9ration de \u00ab nomades de l'\u00e9t\u00e9 \u00bb.","robots":{"index":"index","follow":"follow","max-snippet":"max-snippet:-1","max-image-preview":"max-image-preview:large","max-video-preview":"max-video-preview:-1"},"canonical":"https:\/\/caracolvan.com\/fr\/louer-un-camping-car-ou-une-caravane-pour-les-vacances\/","og_locale":"fr_FR","og_type":"article","og_title":"Louer un camping-car ou une caravane pour les vacances","og_description":"L'essor de la location de camping-cars en Espagne pour les vacances cr\u00e9e une nouvelle g\u00e9n\u00e9ration de \u00ab nomades de l'\u00e9t\u00e9 \u00bb.","og_url":"https:\/\/caracolvan.com\/fr\/louer-un-camping-car-ou-une-caravane-pour-les-vacances\/","og_site_name":"Alquiler Camper Rental - Caracolvan","article_publisher":"https:\/\/www.facebook.com\/Caracolvan\/","article_published_time":"2017-12-27T10:39:09+00:00","article_modified_time":"2025-06-03T09:10:18+00:00","og_image":[{"url":"https:\/\/caracolvan.com\/wp-content\/uploads\/2017\/12\/autocaravana-vs-camper-533x.jpg","type":"","width":"","height":""}],"author":"Nacho Fern\u00e1ndez del Blanco","twitter_card":"summary_large_image","twitter_creator":"@Caracolvan","twitter_site":"@Caracolvan","twitter_misc":{"\u00c9crit par":"Nacho Fern\u00e1ndez del Blanco","Dur\u00e9e de lecture estim\u00e9e":"5 minutes"},"schema":{"@context":"https:\/\/schema.org","@graph":[{"@type":"Article","@id":"https:\/\/caracolvan.com\/fr\/louer-un-camping-car-ou-une-caravane-pour-les-vacances\/#article","isPartOf":{"@id":"https:\/\/caracolvan.com\/fr\/louer-un-camping-car-ou-une-caravane-pour-les-vacances\/"},"author":{"name":"Nacho Fern\u00e1ndez del Blanco","@id":"https:\/\/caracolvan.com\/fr\/#\/schema\/person\/4082cf95fd1be29a0f617f570d486970"},"headline":"Louer un camping-car ou une caravane pour les vacances","datePublished":"2017-12-27T10:39:09+00:00","dateModified":"2025-06-03T09:10:18+00:00","mainEntityOfPage":{"@id":"https:\/\/caracolvan.com\/fr\/louer-un-camping-car-ou-une-caravane-pour-les-vacances\/"},"wordCount":844,"publisher":{"@id":"https:\/\/caracolvan.com\/fr\/#organization"},"image":{"@id":"https:\/\/caracolvan.com\/fr\/louer-un-camping-car-ou-une-caravane-pour-les-vacances\/#primaryimage"},"thumbnailUrl":"https:\/\/caracolvan.com\/wp-content\/uploads\/2017\/12\/autocaravana-vs-camper-533x.jpg","articleSection":["Non classifi\u00e9(e)"],"inLanguage":"fr-FR"},{"@type":"WebPage","@id":"https:\/\/caracolvan.com\/fr\/louer-un-camping-car-ou-une-caravane-pour-les-vacances\/","url":"https:\/\/caracolvan.com\/fr\/louer-un-camping-car-ou-une-caravane-pour-les-vacances\/","name":"Louer un camping-car ou une caravane pour les vacances - Blog","isPartOf":{"@id":"https:\/\/caracolvan.com\/fr\/#website"},"primaryImageOfPage":{"@id":"https:\/\/caracolvan.com\/fr\/louer-un-camping-car-ou-une-caravane-pour-les-vacances\/#primaryimage"},"image":{"@id":"https:\/\/caracolvan.com\/fr\/louer-un-camping-car-ou-une-caravane-pour-les-vacances\/#primaryimage"},"thumbnailUrl":"https:\/\/caracolvan.com\/wp-content\/uploads\/2017\/12\/autocaravana-vs-camper-533x.jpg","datePublished":"2017-12-27T10:39:09+00:00","dateModified":"2025-06-03T09:10:18+00:00","description":"L'essor de la location de camping-cars en Espagne pour les vacances cr\u00e9e une nouvelle g\u00e9n\u00e9ration de \u00ab nomades de l'\u00e9t\u00e9 \u00bb.","breadcrumb":{"@id":"https:\/\/caracolvan.com\/fr\/louer-un-camping-car-ou-une-caravane-pour-les-vacances\/#breadcrumb"},"inLanguage":"fr-FR","potentialAction":[{"@type":"ReadAction","target":["https:\/\/caracolvan.com\/fr\/louer-un-camping-car-ou-une-caravane-pour-les-vacances\/"]}]},{"@type":"ImageObject","inLanguage":"fr-FR","@id":"https:\/\/caracolvan.com\/fr\/louer-un-camping-car-ou-une-caravane-pour-les-vacances\/#primaryimage","url":"https:\/\/caracolvan.com\/wp-content\/uploads\/2017\/12\/autocaravana-vs-camper-533x.jpg","contentUrl":"https:\/\/caracolvan.com\/wp-content\/uploads\/2017\/12\/autocaravana-vs-camper-533x.jpg"},{"@type":"BreadcrumbList","@id":"https:\/\/caracolvan.com\/fr\/louer-un-camping-car-ou-une-caravane-pour-les-vacances\/#breadcrumb","itemListElement":[{"@type":"ListItem","position":1,"name":"Portada","item":"https:\/\/caracolvan.com\/fr\/"},{"@type":"ListItem","position":2,"name":"Louer un camping-car ou une caravane pour les vacances"}]},{"@type":"WebSite","@id":"https:\/\/caracolvan.com\/fr\/#website","url":"https:\/\/caracolvan.com\/fr\/","name":"Alquiler Camper Rental - Caracolvan","description":"Alquiler de furgonetas camper y autocaravanas","publisher":{"@id":"https:\/\/caracolvan.com\/fr\/#organization"},"potentialAction":[{"@type":"SearchAction","target":{"@type":"EntryPoint","urlTemplate":"https:\/\/caracolvan.com\/fr\/?s={search_term_string}"},"query-input":{"@type":"PropertyValueSpecification","valueRequired":true,"valueName":"search_term_string"}}],"inLanguage":"fr-FR"},{"@type":"Organization","@id":"https:\/\/caracolvan.com\/fr\/#organization","name":"Caracolvan","url":"https:\/\/caracolvan.com\/fr\/","logo":{"@type":"ImageObject","inLanguage":"fr-FR","@id":"https:\/\/caracolvan.com\/fr\/#\/schema\/logo\/image\/","url":"https:\/\/caracolvan.com\/wp-content\/uploads\/2023\/08\/caracolvan-logotipo.jpg","contentUrl":"https:\/\/caracolvan.com\/wp-content\/uploads\/2023\/08\/caracolvan-logotipo.jpg","width":696,"height":696,"caption":"Caracolvan"},"image":{"@id":"https:\/\/caracolvan.com\/fr\/#\/schema\/logo\/image\/"},"sameAs":["https:\/\/www.facebook.com\/Caracolvan\/","https:\/\/x.com\/Caracolvan"]},{"@type":"Person","@id":"https:\/\/caracolvan.com\/fr\/#\/schema\/person\/4082cf95fd1be29a0f617f570d486970","name":"Nacho Fern\u00e1ndez del Blanco","image":{"@type":"ImageObject","inLanguage":"fr-FR","@id":"https:\/\/secure.gravatar.com\/avatar\/5f8fedd8535cdaa35a42bf0efb2be3e81fcaa7f2be2f6f0c41a988485f85d39d?s=96&d=mm&r=g","url":"https:\/\/secure.gravatar.com\/avatar\/5f8fedd8535cdaa35a42bf0efb2be3e81fcaa7f2be2f6f0c41a988485f85d39d?s=96&d=mm&r=g","contentUrl":"https:\/\/secure.gravatar.com\/avatar\/5f8fedd8535cdaa35a42bf0efb2be3e81fcaa7f2be2f6f0c41a988485f85d39d?s=96&d=mm&r=g","caption":"Nacho Fern\u00e1ndez del Blanco"},"url":"https:\/\/caracolvan.com\/fr\/author\/nacho\/"}]}},"_links":{"self":[{"href":"https:\/\/caracolvan.com\/fr\/wp-json\/wp\/v2\/posts\/15578","targetHints":{"allow":["GET"]}}],"collection":[{"href":"https:\/\/caracolvan.com\/fr\/wp-json\/wp\/v2\/posts"}],"about":[{"href":"https:\/\/caracolvan.com\/fr\/wp-json\/wp\/v2\/types\/post"}],"author":[{"embeddable":true,"href":"https:\/\/caracolvan.com\/fr\/wp-json\/wp\/v2\/users\/4"}],"replies":[{"embeddable":true,"href":"https:\/\/caracolvan.com\/fr\/wp-json\/wp\/v2\/comments?post=15578"}],"version-history":[{"count":3,"href":"https:\/\/caracolvan.com\/fr\/wp-json\/wp\/v2\/posts\/15578\/revisions"}],"predecessor-version":[{"id":15884,"href":"https:\/\/caracolvan.com\/fr\/wp-json\/wp\/v2\/posts\/15578\/revisions\/15884"}],"wp:attachment":[{"href":"https:\/\/caracolvan.com\/fr\/wp-json\/wp\/v2\/media?parent=15578"}],"wp:term":[{"taxonomy":"category","embeddable":true,"href":"https:\/\/caracolvan.com\/fr\/wp-json\/wp\/v2\/categories?post=15578"},{"taxonomy":"post_tag","embeddable":true,"href":"https:\/\/caracolvan.com\/fr\/wp-json\/wp\/v2\/tags?post=15578"}],"curies":[{"name":"wp","href":"https:\/\/api.w.org\/{rel}","templated":true}]}}