{"id":15612,"date":"2017-12-27T12:15:43","date_gmt":"2017-12-27T10:15:43","guid":{"rendered":"https:\/\/caracolvan.com\/2025\/03\/12\/plage-de-bolonia-un-havre-de-paix-et-de-culture-sur-la-cote-de-cadix\/"},"modified":"2025-06-03T11:06:10","modified_gmt":"2025-06-03T09:06:10","slug":"plage-de-bolonia-un-havre-de-paix-et-de-culture-sur-la-cote-de-cadix","status":"publish","type":"post","link":"https:\/\/caracolvan.com\/fr\/plage-de-bolonia-un-havre-de-paix-et-de-culture-sur-la-cote-de-cadix\/","title":{"rendered":"Plage de Bolonia, un havre de paix et de culture sur la c\u00f4te de Cadix"},"content":{"rendered":"<div>\n<p style=\"text-align: justify;\">Il y a 83 <strong>plages <\/strong>qui marquent la <strong><em>c\u00f4te de Cadix<\/em><\/strong>, dans le sud de <strong><em>l'Andalousie<\/em><\/strong>, en <em><strong>Espagne<\/strong><\/em>. Aujourd'hui, nous allons nous arr\u00eater dans l'un des <b>plus beaux et des plus sauvages.<\/b><b> <\/b>C'est une plage facilement accessible avec notre <strong><em>camping-car de location<\/em><\/strong>. Nous parlons de la <strong>plage de Bolonia<\/strong>. Il est situ\u00e9 entre <strong><em>Tarifa et Zahara de los Atunes<\/em><\/strong>, ce qui pourrait bien \u00eatre consid\u00e9r\u00e9 comme son petit tr\u00e9sor.<\/p>\n<p>&nbsp;<\/p>\n<p style=\"text-align: justify;\">Situ\u00e9 dans une crique, entre la montagne San Bartolom\u00e9, qui ressemble \u00e0 la cr\u00eate d'une vague, la cha\u00eene de montagnes de la Sierra de Plata et une <b>dune scintillante<\/b> qui ne cesse de bouger lorsque souffle le vent d'est. Arriver \u00e0 <strong>Bologne<\/strong>, c'est d\u00e9couvrir <b>l'immensit\u00e9 cristalline de<\/b><strong> l'oc\u00e9an Atlantique<\/strong><b>.<\/b> Notre <em><strong>van VW California<\/strong><\/em> va gravir les collines brunes qui le pr\u00e9c\u00e8dent jusqu'\u00e0 apercevoir la <strong>mer<\/strong>.<\/p>\n<p>&nbsp;<\/p>\n<h2 style=\"text-align: justify;\"><strong>Parc naturel du d\u00e9troit<\/strong><\/h2>\n<p>&nbsp;<\/p>\n<p style=\"text-align: justify;\">La <strong><em>plage de Bolonia<\/em><\/strong> fait partie du magnifique <strong>parc naturel de l'Estrecho<\/strong>. Il s\u2019agit donc d\u2019une zone prot\u00e9g\u00e9e o\u00f9 l\u2019environnement est parfaitement pr\u00e9serv\u00e9. \u00c0 l'ouest, l'immense <strong>dune de Bolonia<\/strong>, d\u00e9clar\u00e9e monument naturel <strong><em>d'Andalousie <\/em><\/strong>en 2001, nous surveillera. Depuis sa cr\u00eate, les plus audacieux pourront profiter d'une vue magnifique, avec le <b>profil de<\/b> S\u0153ur <b>Africa <\/b>se profilant \u00e0 l'horizon.<\/p>\n<p>&nbsp;<\/p>\n<p class=\"img_redondeada_y_sombreada\"><span lang=\"es\"><span style=\"font-weight: normal;\"><span lang=\"es\"><span style=\"font-weight: normal;\"><span lang=\"es\"><span style=\"font-weight: normal;\"><span lang=\"es\"><span style=\"font-weight: normal;\"><img decoding=\"async\" id=\"Alquiler de furgonetas Camper\" style=\"width: 533px; height: 302px;\" title=\"Plage de Bolonia, Tarifa, Cadix. Parfait pour le camping-car.\" src=\"https:\/\/caracolvan.com\/wp-content\/uploads\/2017\/12\/playa-de-bolonia-tarifa1-533x.jpg\" alt=\"Plage de Bolonia, Tarifa, Cadix. Le paradis parfait pour les campeurs.\" \/><\/span><\/span><\/span><\/span><\/span><\/span><\/span><\/span><\/p>\n<p>&nbsp;<\/p>\n<p style=\"text-align: justify;\">Comme si un tel <b>cadeau de la<\/b> <em><strong>nature <\/strong><\/em>ne suffisait pas, l'homme a \u00e9galement contribu\u00e9 \u00e0 donner \u00e0 cette <em><strong>plage<\/strong><\/em> un <b>air <\/b><strong><b>magique et sp\u00e9cial<\/b><\/strong> qui la distingue des autres : les <strong>ruines de la ville romaine de Baelo Claudia<\/strong>, datant du IIe si\u00e8cle avant J.-C.<\/p>\n<p>&nbsp;<\/p>\n<h2>Les environs de la plage de Bolonia<\/h2>\n<p>&nbsp;<\/p>\n<p style=\"text-align: justify;\">Durant l'<strong>\u00e9t\u00e9<\/strong>, des <strong>concerts <\/strong>et des pi\u00e8ces de th\u00e9\u00e2tre sont organis\u00e9s sur la sc\u00e8ne romaine d'origine. Un cadre incomparable pour profiter de l'art lors d'une soir\u00e9e d'<strong>\u00e9t\u00e9<\/strong>.<\/p>\n<p>&nbsp;<\/p>\n<p class=\"img_redondeada_y_sombreada\"><span lang=\"es\"><span style=\"font-weight: normal;\"><span lang=\"es\"><span style=\"font-weight: normal;\"><span lang=\"es\"><span style=\"font-weight: normal;\"><span lang=\"es\"><span style=\"font-weight: normal;\"><img decoding=\"async\" id=\"Ruinas romanas en Bolonia, Cadiz.\" style=\"width: 533px; height: 302px;\" title=\"Ruines de Baelo Claudia sur la plage de Bolonia, Tarifa. \" src=\"https:\/\/caracolvan.com\/wp-content\/uploads\/2017\/12\/playa-de-bolonia-tarifa2-533x.jpg\" alt=\"Baelo Claudia \u00e0 la plage de Bolonia, Tarifa, Cadix, Espagne.\" \/><\/span><\/span><\/span><\/span><\/span><\/span><\/span><\/span><\/p>\n<p>&nbsp;<\/p>\n<p style=\"text-align: justify;\">Les environs de la <strong><em>plage de Bolonia<\/em><\/strong> offrent \u00e9galement d'excellentes options de <strong>loisirs et de services<\/strong>. Dans cette zone, vous pouvez garer votre <strong><em>camping-car ou camping-car de location<\/em><\/strong>. Vous pourrez \u00e9galement profiter de d\u00e9licieux restaurants, de bars de plage, de quelques boutiques locales et m\u00eame d'un <b>march\u00e9 <\/b><strong><em>hippie <\/em><\/strong>avec des articles artisanaux.<\/p>\n<p>&nbsp;<\/p>\n<p style=\"text-align: justify;\">Heureusement, la <em><strong>plage <\/strong><\/em>n'est pas trop fr\u00e9quent\u00e9e, m\u00eame pendant les mois d'<em><strong>\u00e9t\u00e9<\/strong><\/em>, vous pouvez donc prendre votre <em><strong>camping-car<\/strong><\/em> et votre serviette de <em><strong>plage<\/strong><\/em> \u00e0 tout moment et profiter de l'une des plus belles <em><strong>plages de Cadix<\/strong><\/em>, et m\u00eame <em><strong>d'Andalousie<\/strong><\/em>, sans aucun probl\u00e8me... 3 800 m\u00e8tres, c'est largement suffisant !<\/p>\n<\/div>\n<p>&nbsp;<\/p>\n","protected":false},"excerpt":{"rendered":"<p>Il y a 83 plages qui marquent la c\u00f4te de  [...]<\/p>\n","protected":false},"author":4,"featured_media":2295,"comment_status":"closed","ping_status":"open","sticky":false,"template":"","format":"standard","meta":{"_joinchat":[],"footnotes":""},"categories":[37,41,40],"tags":[],"class_list":["post-15612","post","type-post","status-publish","format-standard","has-post-thumbnail","hentry","category-decouvrir-andalousie","category-itineraires-en-camper","category-paradis-camper"],"yoast_head":"<!-- This site is optimized with the Yoast SEO Premium plugin v27.2 (Yoast SEO v27.2) - https:\/\/yoast.com\/product\/yoast-seo-premium-wordpress\/ -->\n<title>Plage de Bolonia, un havre de paix et de culture sur la c\u00f4te de Cadix - Blog<\/title>\n<meta name=\"description\" content=\"83 plages jalonnent la c\u00f4te de Cadix, dans le sud de l&#039;Andalousie. La plage de Bolonia est l&#039;une des plages les plus belles et les plus sauvages, accessible avec notre camping-car.\" \/>\n<meta name=\"robots\" content=\"index, follow, max-snippet:-1, max-image-preview:large, max-video-preview:-1\" \/>\n<link rel=\"canonical\" href=\"https:\/\/caracolvan.com\/fr\/plage-de-bolonia-un-havre-de-paix-et-de-culture-sur-la-cote-de-cadix\/\" \/>\n<meta property=\"og:locale\" content=\"fr_FR\" \/>\n<meta property=\"og:type\" content=\"article\" \/>\n<meta property=\"og:title\" content=\"Plage de Bolonia, un havre de paix et de culture sur la c\u00f4te de Cadix\" \/>\n<meta property=\"og:description\" content=\"83 plages jalonnent la c\u00f4te de Cadix, dans le sud de l&#039;Andalousie. La plage de Bolonia est l&#039;une des plages les plus belles et les plus sauvages, accessible avec notre camping-car.\" \/>\n<meta property=\"og:url\" content=\"https:\/\/caracolvan.com\/fr\/plage-de-bolonia-un-havre-de-paix-et-de-culture-sur-la-cote-de-cadix\/\" \/>\n<meta property=\"og:site_name\" content=\"Alquiler Camper Rental - Caracolvan\" \/>\n<meta property=\"article:publisher\" content=\"https:\/\/www.facebook.com\/Caracolvan\/\" \/>\n<meta property=\"article:published_time\" content=\"2017-12-27T10:15:43+00:00\" \/>\n<meta property=\"article:modified_time\" content=\"2025-06-03T09:06:10+00:00\" \/>\n<meta property=\"og:image\" content=\"https:\/\/caracolvan.com\/wp-content\/uploads\/2017\/12\/playa-de-bolonia-tarifa1-533x.jpg\" \/>\n\t<meta property=\"og:image:width\" content=\"533\" \/>\n\t<meta property=\"og:image:height\" content=\"302\" \/>\n\t<meta property=\"og:image:type\" content=\"image\/jpeg\" \/>\n<meta name=\"author\" content=\"Nacho Fern\u00e1ndez del Blanco\" \/>\n<meta name=\"twitter:card\" content=\"summary_large_image\" \/>\n<meta name=\"twitter:creator\" content=\"@Caracolvan\" \/>\n<meta name=\"twitter:site\" content=\"@Caracolvan\" \/>\n<meta name=\"twitter:label1\" content=\"\u00c9crit par\" \/>\n\t<meta name=\"twitter:data1\" content=\"Nacho Fern\u00e1ndez del Blanco\" \/>\n\t<meta name=\"twitter:label2\" content=\"Dur\u00e9e de lecture estim\u00e9e\" \/>\n\t<meta name=\"twitter:data2\" content=\"3 minutes\" \/>\n<script type=\"application\/ld+json\" class=\"yoast-schema-graph\">{\"@context\":\"https:\/\/schema.org\",\"@graph\":[{\"@type\":\"Article\",\"@id\":\"https:\/\/caracolvan.com\/fr\/plage-de-bolonia-un-havre-de-paix-et-de-culture-sur-la-cote-de-cadix\/#article\",\"isPartOf\":{\"@id\":\"https:\/\/caracolvan.com\/fr\/plage-de-bolonia-un-havre-de-paix-et-de-culture-sur-la-cote-de-cadix\/\"},\"author\":{\"name\":\"Nacho Fern\u00e1ndez del Blanco\",\"@id\":\"https:\/\/caracolvan.com\/fr\/#\/schema\/person\/4082cf95fd1be29a0f617f570d486970\"},\"headline\":\"Plage de Bolonia, un havre de paix et de culture sur la c\u00f4te de Cadix\",\"datePublished\":\"2017-12-27T10:15:43+00:00\",\"dateModified\":\"2025-06-03T09:06:10+00:00\",\"mainEntityOfPage\":{\"@id\":\"https:\/\/caracolvan.com\/fr\/plage-de-bolonia-un-havre-de-paix-et-de-culture-sur-la-cote-de-cadix\/\"},\"wordCount\":456,\"publisher\":{\"@id\":\"https:\/\/caracolvan.com\/fr\/#organization\"},\"image\":{\"@id\":\"https:\/\/caracolvan.com\/fr\/plage-de-bolonia-un-havre-de-paix-et-de-culture-sur-la-cote-de-cadix\/#primaryimage\"},\"thumbnailUrl\":\"https:\/\/caracolvan.com\/wp-content\/uploads\/2017\/12\/playa-de-bolonia-tarifa1-533x.jpg\",\"articleSection\":[\"D\u00e9couvrir Andalousie\",\"Itin\u00e9raires en Camper\",\"Paradis Camper\"],\"inLanguage\":\"fr-FR\"},{\"@type\":\"WebPage\",\"@id\":\"https:\/\/caracolvan.com\/fr\/plage-de-bolonia-un-havre-de-paix-et-de-culture-sur-la-cote-de-cadix\/\",\"url\":\"https:\/\/caracolvan.com\/fr\/plage-de-bolonia-un-havre-de-paix-et-de-culture-sur-la-cote-de-cadix\/\",\"name\":\"Plage de Bolonia, un havre de paix et de culture sur la c\u00f4te de Cadix - Blog\",\"isPartOf\":{\"@id\":\"https:\/\/caracolvan.com\/fr\/#website\"},\"primaryImageOfPage\":{\"@id\":\"https:\/\/caracolvan.com\/fr\/plage-de-bolonia-un-havre-de-paix-et-de-culture-sur-la-cote-de-cadix\/#primaryimage\"},\"image\":{\"@id\":\"https:\/\/caracolvan.com\/fr\/plage-de-bolonia-un-havre-de-paix-et-de-culture-sur-la-cote-de-cadix\/#primaryimage\"},\"thumbnailUrl\":\"https:\/\/caracolvan.com\/wp-content\/uploads\/2017\/12\/playa-de-bolonia-tarifa1-533x.jpg\",\"datePublished\":\"2017-12-27T10:15:43+00:00\",\"dateModified\":\"2025-06-03T09:06:10+00:00\",\"description\":\"83 plages jalonnent la c\u00f4te de Cadix, dans le sud de l'Andalousie. La plage de Bolonia est l'une des plages les plus belles et les plus sauvages, accessible avec notre camping-car.\",\"breadcrumb\":{\"@id\":\"https:\/\/caracolvan.com\/fr\/plage-de-bolonia-un-havre-de-paix-et-de-culture-sur-la-cote-de-cadix\/#breadcrumb\"},\"inLanguage\":\"fr-FR\",\"potentialAction\":[{\"@type\":\"ReadAction\",\"target\":[\"https:\/\/caracolvan.com\/fr\/plage-de-bolonia-un-havre-de-paix-et-de-culture-sur-la-cote-de-cadix\/\"]}]},{\"@type\":\"ImageObject\",\"inLanguage\":\"fr-FR\",\"@id\":\"https:\/\/caracolvan.com\/fr\/plage-de-bolonia-un-havre-de-paix-et-de-culture-sur-la-cote-de-cadix\/#primaryimage\",\"url\":\"https:\/\/caracolvan.com\/wp-content\/uploads\/2017\/12\/playa-de-bolonia-tarifa1-533x.jpg\",\"contentUrl\":\"https:\/\/caracolvan.com\/wp-content\/uploads\/2017\/12\/playa-de-bolonia-tarifa1-533x.jpg\",\"width\":533,\"height\":302,\"caption\":\"Bolonia Beach, un havre de paix et de culture sur la Costa de Cadix\"},{\"@type\":\"BreadcrumbList\",\"@id\":\"https:\/\/caracolvan.com\/fr\/plage-de-bolonia-un-havre-de-paix-et-de-culture-sur-la-cote-de-cadix\/#breadcrumb\",\"itemListElement\":[{\"@type\":\"ListItem\",\"position\":1,\"name\":\"Portada\",\"item\":\"https:\/\/caracolvan.com\/fr\/\"},{\"@type\":\"ListItem\",\"position\":2,\"name\":\"Plage de Bolonia, un havre de paix et de culture sur la c\u00f4te de Cadix\"}]},{\"@type\":\"WebSite\",\"@id\":\"https:\/\/caracolvan.com\/fr\/#website\",\"url\":\"https:\/\/caracolvan.com\/fr\/\",\"name\":\"Alquiler Camper Rental - Caracolvan\",\"description\":\"Alquiler de furgonetas camper y autocaravanas\",\"publisher\":{\"@id\":\"https:\/\/caracolvan.com\/fr\/#organization\"},\"potentialAction\":[{\"@type\":\"SearchAction\",\"target\":{\"@type\":\"EntryPoint\",\"urlTemplate\":\"https:\/\/caracolvan.com\/fr\/?s={search_term_string}\"},\"query-input\":{\"@type\":\"PropertyValueSpecification\",\"valueRequired\":true,\"valueName\":\"search_term_string\"}}],\"inLanguage\":\"fr-FR\"},{\"@type\":\"Organization\",\"@id\":\"https:\/\/caracolvan.com\/fr\/#organization\",\"name\":\"Caracolvan\",\"url\":\"https:\/\/caracolvan.com\/fr\/\",\"logo\":{\"@type\":\"ImageObject\",\"inLanguage\":\"fr-FR\",\"@id\":\"https:\/\/caracolvan.com\/fr\/#\/schema\/logo\/image\/\",\"url\":\"https:\/\/caracolvan.com\/wp-content\/uploads\/2023\/08\/caracolvan-logotipo.jpg\",\"contentUrl\":\"https:\/\/caracolvan.com\/wp-content\/uploads\/2023\/08\/caracolvan-logotipo.jpg\",\"width\":696,\"height\":696,\"caption\":\"Caracolvan\"},\"image\":{\"@id\":\"https:\/\/caracolvan.com\/fr\/#\/schema\/logo\/image\/\"},\"sameAs\":[\"https:\/\/www.facebook.com\/Caracolvan\/\",\"https:\/\/x.com\/Caracolvan\"]},{\"@type\":\"Person\",\"@id\":\"https:\/\/caracolvan.com\/fr\/#\/schema\/person\/4082cf95fd1be29a0f617f570d486970\",\"name\":\"Nacho Fern\u00e1ndez del Blanco\",\"image\":{\"@type\":\"ImageObject\",\"inLanguage\":\"fr-FR\",\"@id\":\"https:\/\/secure.gravatar.com\/avatar\/5f8fedd8535cdaa35a42bf0efb2be3e81fcaa7f2be2f6f0c41a988485f85d39d?s=96&d=mm&r=g\",\"url\":\"https:\/\/secure.gravatar.com\/avatar\/5f8fedd8535cdaa35a42bf0efb2be3e81fcaa7f2be2f6f0c41a988485f85d39d?s=96&d=mm&r=g\",\"contentUrl\":\"https:\/\/secure.gravatar.com\/avatar\/5f8fedd8535cdaa35a42bf0efb2be3e81fcaa7f2be2f6f0c41a988485f85d39d?s=96&d=mm&r=g\",\"caption\":\"Nacho Fern\u00e1ndez del Blanco\"},\"url\":\"https:\/\/caracolvan.com\/fr\/author\/nacho\/\"}]}<\/script>\n<!-- \/ Yoast SEO Premium plugin. -->","yoast_head_json":{"title":"Plage de Bolonia, un havre de paix et de culture sur la c\u00f4te de Cadix - Blog","description":"83 plages jalonnent la c\u00f4te de Cadix, dans le sud de l'Andalousie. La plage de Bolonia est l'une des plages les plus belles et les plus sauvages, accessible avec notre camping-car.","robots":{"index":"index","follow":"follow","max-snippet":"max-snippet:-1","max-image-preview":"max-image-preview:large","max-video-preview":"max-video-preview:-1"},"canonical":"https:\/\/caracolvan.com\/fr\/plage-de-bolonia-un-havre-de-paix-et-de-culture-sur-la-cote-de-cadix\/","og_locale":"fr_FR","og_type":"article","og_title":"Plage de Bolonia, un havre de paix et de culture sur la c\u00f4te de Cadix","og_description":"83 plages jalonnent la c\u00f4te de Cadix, dans le sud de l'Andalousie. La plage de Bolonia est l'une des plages les plus belles et les plus sauvages, accessible avec notre camping-car.","og_url":"https:\/\/caracolvan.com\/fr\/plage-de-bolonia-un-havre-de-paix-et-de-culture-sur-la-cote-de-cadix\/","og_site_name":"Alquiler Camper Rental - Caracolvan","article_publisher":"https:\/\/www.facebook.com\/Caracolvan\/","article_published_time":"2017-12-27T10:15:43+00:00","article_modified_time":"2025-06-03T09:06:10+00:00","og_image":[{"width":533,"height":302,"url":"https:\/\/caracolvan.com\/wp-content\/uploads\/2017\/12\/playa-de-bolonia-tarifa1-533x.jpg","type":"image\/jpeg"}],"author":"Nacho Fern\u00e1ndez del Blanco","twitter_card":"summary_large_image","twitter_creator":"@Caracolvan","twitter_site":"@Caracolvan","twitter_misc":{"\u00c9crit par":"Nacho Fern\u00e1ndez del Blanco","Dur\u00e9e de lecture estim\u00e9e":"3 minutes"},"schema":{"@context":"https:\/\/schema.org","@graph":[{"@type":"Article","@id":"https:\/\/caracolvan.com\/fr\/plage-de-bolonia-un-havre-de-paix-et-de-culture-sur-la-cote-de-cadix\/#article","isPartOf":{"@id":"https:\/\/caracolvan.com\/fr\/plage-de-bolonia-un-havre-de-paix-et-de-culture-sur-la-cote-de-cadix\/"},"author":{"name":"Nacho Fern\u00e1ndez del Blanco","@id":"https:\/\/caracolvan.com\/fr\/#\/schema\/person\/4082cf95fd1be29a0f617f570d486970"},"headline":"Plage de Bolonia, un havre de paix et de culture sur la c\u00f4te de Cadix","datePublished":"2017-12-27T10:15:43+00:00","dateModified":"2025-06-03T09:06:10+00:00","mainEntityOfPage":{"@id":"https:\/\/caracolvan.com\/fr\/plage-de-bolonia-un-havre-de-paix-et-de-culture-sur-la-cote-de-cadix\/"},"wordCount":456,"publisher":{"@id":"https:\/\/caracolvan.com\/fr\/#organization"},"image":{"@id":"https:\/\/caracolvan.com\/fr\/plage-de-bolonia-un-havre-de-paix-et-de-culture-sur-la-cote-de-cadix\/#primaryimage"},"thumbnailUrl":"https:\/\/caracolvan.com\/wp-content\/uploads\/2017\/12\/playa-de-bolonia-tarifa1-533x.jpg","articleSection":["D\u00e9couvrir Andalousie","Itin\u00e9raires en Camper","Paradis Camper"],"inLanguage":"fr-FR"},{"@type":"WebPage","@id":"https:\/\/caracolvan.com\/fr\/plage-de-bolonia-un-havre-de-paix-et-de-culture-sur-la-cote-de-cadix\/","url":"https:\/\/caracolvan.com\/fr\/plage-de-bolonia-un-havre-de-paix-et-de-culture-sur-la-cote-de-cadix\/","name":"Plage de Bolonia, un havre de paix et de culture sur la c\u00f4te de Cadix - Blog","isPartOf":{"@id":"https:\/\/caracolvan.com\/fr\/#website"},"primaryImageOfPage":{"@id":"https:\/\/caracolvan.com\/fr\/plage-de-bolonia-un-havre-de-paix-et-de-culture-sur-la-cote-de-cadix\/#primaryimage"},"image":{"@id":"https:\/\/caracolvan.com\/fr\/plage-de-bolonia-un-havre-de-paix-et-de-culture-sur-la-cote-de-cadix\/#primaryimage"},"thumbnailUrl":"https:\/\/caracolvan.com\/wp-content\/uploads\/2017\/12\/playa-de-bolonia-tarifa1-533x.jpg","datePublished":"2017-12-27T10:15:43+00:00","dateModified":"2025-06-03T09:06:10+00:00","description":"83 plages jalonnent la c\u00f4te de Cadix, dans le sud de l'Andalousie. La plage de Bolonia est l'une des plages les plus belles et les plus sauvages, accessible avec notre camping-car.","breadcrumb":{"@id":"https:\/\/caracolvan.com\/fr\/plage-de-bolonia-un-havre-de-paix-et-de-culture-sur-la-cote-de-cadix\/#breadcrumb"},"inLanguage":"fr-FR","potentialAction":[{"@type":"ReadAction","target":["https:\/\/caracolvan.com\/fr\/plage-de-bolonia-un-havre-de-paix-et-de-culture-sur-la-cote-de-cadix\/"]}]},{"@type":"ImageObject","inLanguage":"fr-FR","@id":"https:\/\/caracolvan.com\/fr\/plage-de-bolonia-un-havre-de-paix-et-de-culture-sur-la-cote-de-cadix\/#primaryimage","url":"https:\/\/caracolvan.com\/wp-content\/uploads\/2017\/12\/playa-de-bolonia-tarifa1-533x.jpg","contentUrl":"https:\/\/caracolvan.com\/wp-content\/uploads\/2017\/12\/playa-de-bolonia-tarifa1-533x.jpg","width":533,"height":302,"caption":"Bolonia Beach, un havre de paix et de culture sur la Costa de Cadix"},{"@type":"BreadcrumbList","@id":"https:\/\/caracolvan.com\/fr\/plage-de-bolonia-un-havre-de-paix-et-de-culture-sur-la-cote-de-cadix\/#breadcrumb","itemListElement":[{"@type":"ListItem","position":1,"name":"Portada","item":"https:\/\/caracolvan.com\/fr\/"},{"@type":"ListItem","position":2,"name":"Plage de Bolonia, un havre de paix et de culture sur la c\u00f4te de Cadix"}]},{"@type":"WebSite","@id":"https:\/\/caracolvan.com\/fr\/#website","url":"https:\/\/caracolvan.com\/fr\/","name":"Alquiler Camper Rental - Caracolvan","description":"Alquiler de furgonetas camper y autocaravanas","publisher":{"@id":"https:\/\/caracolvan.com\/fr\/#organization"},"potentialAction":[{"@type":"SearchAction","target":{"@type":"EntryPoint","urlTemplate":"https:\/\/caracolvan.com\/fr\/?s={search_term_string}"},"query-input":{"@type":"PropertyValueSpecification","valueRequired":true,"valueName":"search_term_string"}}],"inLanguage":"fr-FR"},{"@type":"Organization","@id":"https:\/\/caracolvan.com\/fr\/#organization","name":"Caracolvan","url":"https:\/\/caracolvan.com\/fr\/","logo":{"@type":"ImageObject","inLanguage":"fr-FR","@id":"https:\/\/caracolvan.com\/fr\/#\/schema\/logo\/image\/","url":"https:\/\/caracolvan.com\/wp-content\/uploads\/2023\/08\/caracolvan-logotipo.jpg","contentUrl":"https:\/\/caracolvan.com\/wp-content\/uploads\/2023\/08\/caracolvan-logotipo.jpg","width":696,"height":696,"caption":"Caracolvan"},"image":{"@id":"https:\/\/caracolvan.com\/fr\/#\/schema\/logo\/image\/"},"sameAs":["https:\/\/www.facebook.com\/Caracolvan\/","https:\/\/x.com\/Caracolvan"]},{"@type":"Person","@id":"https:\/\/caracolvan.com\/fr\/#\/schema\/person\/4082cf95fd1be29a0f617f570d486970","name":"Nacho Fern\u00e1ndez del Blanco","image":{"@type":"ImageObject","inLanguage":"fr-FR","@id":"https:\/\/secure.gravatar.com\/avatar\/5f8fedd8535cdaa35a42bf0efb2be3e81fcaa7f2be2f6f0c41a988485f85d39d?s=96&d=mm&r=g","url":"https:\/\/secure.gravatar.com\/avatar\/5f8fedd8535cdaa35a42bf0efb2be3e81fcaa7f2be2f6f0c41a988485f85d39d?s=96&d=mm&r=g","contentUrl":"https:\/\/secure.gravatar.com\/avatar\/5f8fedd8535cdaa35a42bf0efb2be3e81fcaa7f2be2f6f0c41a988485f85d39d?s=96&d=mm&r=g","caption":"Nacho Fern\u00e1ndez del Blanco"},"url":"https:\/\/caracolvan.com\/fr\/author\/nacho\/"}]}},"_links":{"self":[{"href":"https:\/\/caracolvan.com\/fr\/wp-json\/wp\/v2\/posts\/15612","targetHints":{"allow":["GET"]}}],"collection":[{"href":"https:\/\/caracolvan.com\/fr\/wp-json\/wp\/v2\/posts"}],"about":[{"href":"https:\/\/caracolvan.com\/fr\/wp-json\/wp\/v2\/types\/post"}],"author":[{"embeddable":true,"href":"https:\/\/caracolvan.com\/fr\/wp-json\/wp\/v2\/users\/4"}],"replies":[{"embeddable":true,"href":"https:\/\/caracolvan.com\/fr\/wp-json\/wp\/v2\/comments?post=15612"}],"version-history":[{"count":1,"href":"https:\/\/caracolvan.com\/fr\/wp-json\/wp\/v2\/posts\/15612\/revisions"}],"predecessor-version":[{"id":15869,"href":"https:\/\/caracolvan.com\/fr\/wp-json\/wp\/v2\/posts\/15612\/revisions\/15869"}],"wp:featuredmedia":[{"embeddable":true,"href":"https:\/\/caracolvan.com\/fr\/wp-json\/wp\/v2\/media\/2295"}],"wp:attachment":[{"href":"https:\/\/caracolvan.com\/fr\/wp-json\/wp\/v2\/media?parent=15612"}],"wp:term":[{"taxonomy":"category","embeddable":true,"href":"https:\/\/caracolvan.com\/fr\/wp-json\/wp\/v2\/categories?post=15612"},{"taxonomy":"post_tag","embeddable":true,"href":"https:\/\/caracolvan.com\/fr\/wp-json\/wp\/v2\/tags?post=15612"}],"curies":[{"name":"wp","href":"https:\/\/api.w.org\/{rel}","templated":true}]}}