{"id":15618,"date":"2017-12-27T13:17:00","date_gmt":"2017-12-27T11:17:00","guid":{"rendered":"https:\/\/caracolvan.com\/2025\/03\/12\/la-vuelta-2014-part-de-cadix\/"},"modified":"2025-06-03T11:05:48","modified_gmt":"2025-06-03T09:05:48","slug":"la-vuelta-2014-part-de-cadix","status":"publish","type":"post","link":"https:\/\/caracolvan.com\/fr\/la-vuelta-2014-part-de-cadix\/","title":{"rendered":"La Vuelta 2014 part de Cadix"},"content":{"rendered":"<p>&nbsp;<\/p>\n<div>\n<p style=\"margin-bottom: 0cm; font-weight: normal; text-align: justify;\"><strong>Le Tour<\/strong> <em><strong>d'Espagne <\/strong><\/em>cycliste d\u00e9butera cette ann\u00e9e dans la province de <em><strong>Cadix<\/strong><\/em>. Plus pr\u00e9cis\u00e9ment, avec un contre-la-montre par \u00e9quipes qui aura lieu \u00e0 <em><strong>Jerez de la Frontera.<\/strong><\/em> Les deux prochaines \u00e9tapes se d\u00e9rouleront \u00e9galement dans la province de <em><strong>Cadix<\/strong><\/em>. La deuxi\u00e8me s'\u00e9tendra d'<strong><em>Alg\u00e9siras \u00e0 San Fernando<\/em><\/strong>, parcourant toute la <em><strong>c\u00f4te gaditane<\/strong><\/em>, <em><strong>Tarifa, Zahara, Barbate, El Puerto de Santa Mar\u00eda<\/strong><\/em>\u2026 et une troisi\u00e8me \u00e9tape de montagne, qui partira de <em><strong>Cadix<\/strong><\/em>, capitale, pour rejoindre <em><strong>Arcos de la Frontera<\/strong><\/em>, avec un magnifique parcours \u00e0 travers la <strong><em>Sierra de Grazalema.<\/em><\/strong><\/p>\n<p>&nbsp;<\/p>\n<p style=\"margin-bottom: 0cm; font-weight: normal; text-align: justify;\">Cette ann\u00e9e, <strong>la Vuelta<\/strong> a Espa\u00f1a (Vuelta a Espa\u00f1a) d\u00e9butera le 23 ao\u00fbt en <em><strong>Andalousie<\/strong><\/em>, dans le sud de <em><strong>l'Espagne<\/strong><\/em>, et se terminera, apr\u00e8s plus de 3 000 km, le 14 septembre au nord de la <em><strong>Galice<\/strong><\/em>, en arrivant \u00e0 <strong>Saint-Jacques-de-Compostelle<\/strong>. Si vous n'en avez pas assez du Tour et du Giro, cela pourrait \u00eatre une bonne excuse pour vous rendre \u00e0 Cadix et voir les meilleurs cyclistes de la sc\u00e8ne internationale dans un cadre magnifique. Et quelle meilleure fa\u00e7on de le faire qu'\u00e0 bord de l'un de nos <em><strong>camping-cars de location Caracolvan<\/strong><\/em> ! Vous dormirez dans un endroit diff\u00e9rent chaque jour, mais sans faire vos valises, vous aurez toujours votre maison derri\u00e8re vous.<\/p>\n<p>&nbsp;<\/p>\n<h2>Vid\u00e9o de La Vuelta 2014 :<\/h2>\n<p>&nbsp;<\/p>\n<div><iframe src=\"\/\/www.youtube.com\/embed\/l8YQh6CAwFY?rel=0\" width=\"533\" height=\"300\" frameborder=\"0\" allowfullscreen=\"allowfullscreen\"><\/iframe><\/div>\n<div><\/div>\n<p style=\"margin-bottom: 0cm; font-weight: normal; text-align: justify;\">Nous vous laissons avec cette belle vid\u00e9o promotionnelle de la <em><strong>Vuelta <\/strong><\/em>a Espa\u00f1a 2014, film\u00e9e \u00e0 Cadix. La danseuse <em><strong>Sara Baras<\/strong><\/em> est la star. Voyons si vous pouvez deviner quelle <em><strong>plage <\/strong><\/em>lui sert de d\u00e9cor. C'est tr\u00e8s facile pour vous, c'est l'une des plus belles plages de <em><strong>Cadix<\/strong><\/em>. Il vous suffit de revenir sur quelques articles de notre blog...<\/p>\n<\/div>\n<p>&nbsp;<\/p>\n","protected":false},"excerpt":{"rendered":"<p>&nbsp; Le Tour d'Espagne cycliste d\u00e9butera cette ann\u00e9e dans la  [...]<\/p>\n","protected":false},"author":4,"featured_media":0,"comment_status":"closed","ping_status":"open","sticky":false,"template":"","format":"standard","meta":{"_joinchat":[],"footnotes":""},"categories":[37],"tags":[],"class_list":["post-15618","post","type-post","status-publish","format-standard","hentry","category-decouvrir-andalousie"],"yoast_head":"<!-- This site is optimized with the Yoast SEO Premium plugin v27.2 (Yoast SEO v27.2) - https:\/\/yoast.com\/product\/yoast-seo-premium-wordpress\/ -->\n<title>La Vuelta 2014 part de Cadix - Blog Caracolvan - Location de fourgonnettes<\/title>\n<meta name=\"description\" content=\"La course cycliste Vuelta a Espa\u00f1a d\u00e9butera cette ann\u00e9e dans la province de Cadix, avec un contre-la-montre par \u00e9quipes organis\u00e9 \u00e0 Jerez de la Frontera.\" \/>\n<meta name=\"robots\" content=\"index, follow, max-snippet:-1, max-image-preview:large, max-video-preview:-1\" \/>\n<link rel=\"canonical\" href=\"https:\/\/caracolvan.com\/fr\/la-vuelta-2014-part-de-cadix\/\" \/>\n<meta property=\"og:locale\" content=\"fr_FR\" \/>\n<meta property=\"og:type\" content=\"article\" \/>\n<meta property=\"og:title\" content=\"La Vuelta 2014 part de Cadix\" \/>\n<meta property=\"og:description\" content=\"La course cycliste Vuelta a Espa\u00f1a d\u00e9butera cette ann\u00e9e dans la province de Cadix, avec un contre-la-montre par \u00e9quipes organis\u00e9 \u00e0 Jerez de la Frontera.\" \/>\n<meta property=\"og:url\" content=\"https:\/\/caracolvan.com\/fr\/la-vuelta-2014-part-de-cadix\/\" \/>\n<meta property=\"og:site_name\" content=\"Alquiler Camper Rental - Caracolvan\" \/>\n<meta property=\"article:publisher\" content=\"https:\/\/www.facebook.com\/Caracolvan\/\" \/>\n<meta property=\"article:published_time\" content=\"2017-12-27T11:17:00+00:00\" \/>\n<meta property=\"article:modified_time\" content=\"2025-06-03T09:05:48+00:00\" \/>\n<meta property=\"og:image\" content=\"https:\/\/caracolvan.com\/wp-content\/uploads\/2018\/05\/logo-caracolvan-2018.jpg\" \/>\n\t<meta property=\"og:image:width\" content=\"800\" \/>\n\t<meta property=\"og:image:height\" content=\"550\" \/>\n\t<meta property=\"og:image:type\" content=\"image\/jpeg\" \/>\n<meta name=\"author\" content=\"Nacho Fern\u00e1ndez del Blanco\" \/>\n<meta name=\"twitter:card\" content=\"summary_large_image\" \/>\n<meta name=\"twitter:creator\" content=\"@Caracolvan\" \/>\n<meta name=\"twitter:site\" content=\"@Caracolvan\" \/>\n<meta name=\"twitter:label1\" content=\"\u00c9crit par\" \/>\n\t<meta name=\"twitter:data1\" content=\"Nacho Fern\u00e1ndez del Blanco\" \/>\n\t<meta name=\"twitter:label2\" content=\"Dur\u00e9e de lecture estim\u00e9e\" \/>\n\t<meta name=\"twitter:data2\" content=\"2 minutes\" \/>\n<script type=\"application\/ld+json\" class=\"yoast-schema-graph\">{\"@context\":\"https:\/\/schema.org\",\"@graph\":[{\"@type\":\"Article\",\"@id\":\"https:\/\/caracolvan.com\/fr\/la-vuelta-2014-part-de-cadix\/#article\",\"isPartOf\":{\"@id\":\"https:\/\/caracolvan.com\/fr\/la-vuelta-2014-part-de-cadix\/\"},\"author\":{\"name\":\"Nacho Fern\u00e1ndez del Blanco\",\"@id\":\"https:\/\/caracolvan.com\/fr\/#\/schema\/person\/4082cf95fd1be29a0f617f570d486970\"},\"headline\":\"La Vuelta 2014 part de Cadix\",\"datePublished\":\"2017-12-27T11:17:00+00:00\",\"dateModified\":\"2025-06-03T09:05:48+00:00\",\"mainEntityOfPage\":{\"@id\":\"https:\/\/caracolvan.com\/fr\/la-vuelta-2014-part-de-cadix\/\"},\"wordCount\":296,\"publisher\":{\"@id\":\"https:\/\/caracolvan.com\/fr\/#organization\"},\"articleSection\":[\"D\u00e9couvrir Andalousie\"],\"inLanguage\":\"fr-FR\"},{\"@type\":\"WebPage\",\"@id\":\"https:\/\/caracolvan.com\/fr\/la-vuelta-2014-part-de-cadix\/\",\"url\":\"https:\/\/caracolvan.com\/fr\/la-vuelta-2014-part-de-cadix\/\",\"name\":\"La Vuelta 2014 part de Cadix - Blog Caracolvan - Location de fourgonnettes\",\"isPartOf\":{\"@id\":\"https:\/\/caracolvan.com\/fr\/#website\"},\"datePublished\":\"2017-12-27T11:17:00+00:00\",\"dateModified\":\"2025-06-03T09:05:48+00:00\",\"description\":\"La course cycliste Vuelta a Espa\u00f1a d\u00e9butera cette ann\u00e9e dans la province de Cadix, avec un contre-la-montre par \u00e9quipes organis\u00e9 \u00e0 Jerez de la Frontera.\",\"breadcrumb\":{\"@id\":\"https:\/\/caracolvan.com\/fr\/la-vuelta-2014-part-de-cadix\/#breadcrumb\"},\"inLanguage\":\"fr-FR\",\"potentialAction\":[{\"@type\":\"ReadAction\",\"target\":[\"https:\/\/caracolvan.com\/fr\/la-vuelta-2014-part-de-cadix\/\"]}]},{\"@type\":\"BreadcrumbList\",\"@id\":\"https:\/\/caracolvan.com\/fr\/la-vuelta-2014-part-de-cadix\/#breadcrumb\",\"itemListElement\":[{\"@type\":\"ListItem\",\"position\":1,\"name\":\"Portada\",\"item\":\"https:\/\/caracolvan.com\/fr\/\"},{\"@type\":\"ListItem\",\"position\":2,\"name\":\"La Vuelta 2014 part de Cadix\"}]},{\"@type\":\"WebSite\",\"@id\":\"https:\/\/caracolvan.com\/fr\/#website\",\"url\":\"https:\/\/caracolvan.com\/fr\/\",\"name\":\"Alquiler Camper Rental - Caracolvan\",\"description\":\"Alquiler de furgonetas camper y autocaravanas\",\"publisher\":{\"@id\":\"https:\/\/caracolvan.com\/fr\/#organization\"},\"potentialAction\":[{\"@type\":\"SearchAction\",\"target\":{\"@type\":\"EntryPoint\",\"urlTemplate\":\"https:\/\/caracolvan.com\/fr\/?s={search_term_string}\"},\"query-input\":{\"@type\":\"PropertyValueSpecification\",\"valueRequired\":true,\"valueName\":\"search_term_string\"}}],\"inLanguage\":\"fr-FR\"},{\"@type\":\"Organization\",\"@id\":\"https:\/\/caracolvan.com\/fr\/#organization\",\"name\":\"Caracolvan\",\"url\":\"https:\/\/caracolvan.com\/fr\/\",\"logo\":{\"@type\":\"ImageObject\",\"inLanguage\":\"fr-FR\",\"@id\":\"https:\/\/caracolvan.com\/fr\/#\/schema\/logo\/image\/\",\"url\":\"https:\/\/caracolvan.com\/wp-content\/uploads\/2023\/08\/caracolvan-logotipo.jpg\",\"contentUrl\":\"https:\/\/caracolvan.com\/wp-content\/uploads\/2023\/08\/caracolvan-logotipo.jpg\",\"width\":696,\"height\":696,\"caption\":\"Caracolvan\"},\"image\":{\"@id\":\"https:\/\/caracolvan.com\/fr\/#\/schema\/logo\/image\/\"},\"sameAs\":[\"https:\/\/www.facebook.com\/Caracolvan\/\",\"https:\/\/x.com\/Caracolvan\"]},{\"@type\":\"Person\",\"@id\":\"https:\/\/caracolvan.com\/fr\/#\/schema\/person\/4082cf95fd1be29a0f617f570d486970\",\"name\":\"Nacho Fern\u00e1ndez del Blanco\",\"image\":{\"@type\":\"ImageObject\",\"inLanguage\":\"fr-FR\",\"@id\":\"https:\/\/secure.gravatar.com\/avatar\/5f8fedd8535cdaa35a42bf0efb2be3e81fcaa7f2be2f6f0c41a988485f85d39d?s=96&d=mm&r=g\",\"url\":\"https:\/\/secure.gravatar.com\/avatar\/5f8fedd8535cdaa35a42bf0efb2be3e81fcaa7f2be2f6f0c41a988485f85d39d?s=96&d=mm&r=g\",\"contentUrl\":\"https:\/\/secure.gravatar.com\/avatar\/5f8fedd8535cdaa35a42bf0efb2be3e81fcaa7f2be2f6f0c41a988485f85d39d?s=96&d=mm&r=g\",\"caption\":\"Nacho Fern\u00e1ndez del Blanco\"},\"url\":\"https:\/\/caracolvan.com\/fr\/author\/nacho\/\"}]}<\/script>\n<!-- \/ Yoast SEO Premium plugin. -->","yoast_head_json":{"title":"La Vuelta 2014 part de Cadix - Blog Caracolvan - Location de fourgonnettes","description":"La course cycliste Vuelta a Espa\u00f1a d\u00e9butera cette ann\u00e9e dans la province de Cadix, avec un contre-la-montre par \u00e9quipes organis\u00e9 \u00e0 Jerez de la Frontera.","robots":{"index":"index","follow":"follow","max-snippet":"max-snippet:-1","max-image-preview":"max-image-preview:large","max-video-preview":"max-video-preview:-1"},"canonical":"https:\/\/caracolvan.com\/fr\/la-vuelta-2014-part-de-cadix\/","og_locale":"fr_FR","og_type":"article","og_title":"La Vuelta 2014 part de Cadix","og_description":"La course cycliste Vuelta a Espa\u00f1a d\u00e9butera cette ann\u00e9e dans la province de Cadix, avec un contre-la-montre par \u00e9quipes organis\u00e9 \u00e0 Jerez de la Frontera.","og_url":"https:\/\/caracolvan.com\/fr\/la-vuelta-2014-part-de-cadix\/","og_site_name":"Alquiler Camper Rental - Caracolvan","article_publisher":"https:\/\/www.facebook.com\/Caracolvan\/","article_published_time":"2017-12-27T11:17:00+00:00","article_modified_time":"2025-06-03T09:05:48+00:00","og_image":[{"width":800,"height":550,"url":"https:\/\/caracolvan.com\/wp-content\/uploads\/2018\/05\/logo-caracolvan-2018.jpg","type":"image\/jpeg"}],"author":"Nacho Fern\u00e1ndez del Blanco","twitter_card":"summary_large_image","twitter_creator":"@Caracolvan","twitter_site":"@Caracolvan","twitter_misc":{"\u00c9crit par":"Nacho Fern\u00e1ndez del Blanco","Dur\u00e9e de lecture estim\u00e9e":"2 minutes"},"schema":{"@context":"https:\/\/schema.org","@graph":[{"@type":"Article","@id":"https:\/\/caracolvan.com\/fr\/la-vuelta-2014-part-de-cadix\/#article","isPartOf":{"@id":"https:\/\/caracolvan.com\/fr\/la-vuelta-2014-part-de-cadix\/"},"author":{"name":"Nacho Fern\u00e1ndez del Blanco","@id":"https:\/\/caracolvan.com\/fr\/#\/schema\/person\/4082cf95fd1be29a0f617f570d486970"},"headline":"La Vuelta 2014 part de Cadix","datePublished":"2017-12-27T11:17:00+00:00","dateModified":"2025-06-03T09:05:48+00:00","mainEntityOfPage":{"@id":"https:\/\/caracolvan.com\/fr\/la-vuelta-2014-part-de-cadix\/"},"wordCount":296,"publisher":{"@id":"https:\/\/caracolvan.com\/fr\/#organization"},"articleSection":["D\u00e9couvrir Andalousie"],"inLanguage":"fr-FR"},{"@type":"WebPage","@id":"https:\/\/caracolvan.com\/fr\/la-vuelta-2014-part-de-cadix\/","url":"https:\/\/caracolvan.com\/fr\/la-vuelta-2014-part-de-cadix\/","name":"La Vuelta 2014 part de Cadix - Blog Caracolvan - Location de fourgonnettes","isPartOf":{"@id":"https:\/\/caracolvan.com\/fr\/#website"},"datePublished":"2017-12-27T11:17:00+00:00","dateModified":"2025-06-03T09:05:48+00:00","description":"La course cycliste Vuelta a Espa\u00f1a d\u00e9butera cette ann\u00e9e dans la province de Cadix, avec un contre-la-montre par \u00e9quipes organis\u00e9 \u00e0 Jerez de la Frontera.","breadcrumb":{"@id":"https:\/\/caracolvan.com\/fr\/la-vuelta-2014-part-de-cadix\/#breadcrumb"},"inLanguage":"fr-FR","potentialAction":[{"@type":"ReadAction","target":["https:\/\/caracolvan.com\/fr\/la-vuelta-2014-part-de-cadix\/"]}]},{"@type":"BreadcrumbList","@id":"https:\/\/caracolvan.com\/fr\/la-vuelta-2014-part-de-cadix\/#breadcrumb","itemListElement":[{"@type":"ListItem","position":1,"name":"Portada","item":"https:\/\/caracolvan.com\/fr\/"},{"@type":"ListItem","position":2,"name":"La Vuelta 2014 part de Cadix"}]},{"@type":"WebSite","@id":"https:\/\/caracolvan.com\/fr\/#website","url":"https:\/\/caracolvan.com\/fr\/","name":"Alquiler Camper Rental - Caracolvan","description":"Alquiler de furgonetas camper y autocaravanas","publisher":{"@id":"https:\/\/caracolvan.com\/fr\/#organization"},"potentialAction":[{"@type":"SearchAction","target":{"@type":"EntryPoint","urlTemplate":"https:\/\/caracolvan.com\/fr\/?s={search_term_string}"},"query-input":{"@type":"PropertyValueSpecification","valueRequired":true,"valueName":"search_term_string"}}],"inLanguage":"fr-FR"},{"@type":"Organization","@id":"https:\/\/caracolvan.com\/fr\/#organization","name":"Caracolvan","url":"https:\/\/caracolvan.com\/fr\/","logo":{"@type":"ImageObject","inLanguage":"fr-FR","@id":"https:\/\/caracolvan.com\/fr\/#\/schema\/logo\/image\/","url":"https:\/\/caracolvan.com\/wp-content\/uploads\/2023\/08\/caracolvan-logotipo.jpg","contentUrl":"https:\/\/caracolvan.com\/wp-content\/uploads\/2023\/08\/caracolvan-logotipo.jpg","width":696,"height":696,"caption":"Caracolvan"},"image":{"@id":"https:\/\/caracolvan.com\/fr\/#\/schema\/logo\/image\/"},"sameAs":["https:\/\/www.facebook.com\/Caracolvan\/","https:\/\/x.com\/Caracolvan"]},{"@type":"Person","@id":"https:\/\/caracolvan.com\/fr\/#\/schema\/person\/4082cf95fd1be29a0f617f570d486970","name":"Nacho Fern\u00e1ndez del Blanco","image":{"@type":"ImageObject","inLanguage":"fr-FR","@id":"https:\/\/secure.gravatar.com\/avatar\/5f8fedd8535cdaa35a42bf0efb2be3e81fcaa7f2be2f6f0c41a988485f85d39d?s=96&d=mm&r=g","url":"https:\/\/secure.gravatar.com\/avatar\/5f8fedd8535cdaa35a42bf0efb2be3e81fcaa7f2be2f6f0c41a988485f85d39d?s=96&d=mm&r=g","contentUrl":"https:\/\/secure.gravatar.com\/avatar\/5f8fedd8535cdaa35a42bf0efb2be3e81fcaa7f2be2f6f0c41a988485f85d39d?s=96&d=mm&r=g","caption":"Nacho Fern\u00e1ndez del Blanco"},"url":"https:\/\/caracolvan.com\/fr\/author\/nacho\/"}]}},"_links":{"self":[{"href":"https:\/\/caracolvan.com\/fr\/wp-json\/wp\/v2\/posts\/15618","targetHints":{"allow":["GET"]}}],"collection":[{"href":"https:\/\/caracolvan.com\/fr\/wp-json\/wp\/v2\/posts"}],"about":[{"href":"https:\/\/caracolvan.com\/fr\/wp-json\/wp\/v2\/types\/post"}],"author":[{"embeddable":true,"href":"https:\/\/caracolvan.com\/fr\/wp-json\/wp\/v2\/users\/4"}],"replies":[{"embeddable":true,"href":"https:\/\/caracolvan.com\/fr\/wp-json\/wp\/v2\/comments?post=15618"}],"version-history":[{"count":1,"href":"https:\/\/caracolvan.com\/fr\/wp-json\/wp\/v2\/posts\/15618\/revisions"}],"predecessor-version":[{"id":15867,"href":"https:\/\/caracolvan.com\/fr\/wp-json\/wp\/v2\/posts\/15618\/revisions\/15867"}],"wp:attachment":[{"href":"https:\/\/caracolvan.com\/fr\/wp-json\/wp\/v2\/media?parent=15618"}],"wp:term":[{"taxonomy":"category","embeddable":true,"href":"https:\/\/caracolvan.com\/fr\/wp-json\/wp\/v2\/categories?post=15618"},{"taxonomy":"post_tag","embeddable":true,"href":"https:\/\/caracolvan.com\/fr\/wp-json\/wp\/v2\/tags?post=15618"}],"curies":[{"name":"wp","href":"https:\/\/api.w.org\/{rel}","templated":true}]}}