{"id":15650,"date":"2017-12-27T12:44:26","date_gmt":"2017-12-27T10:44:26","guid":{"rendered":"https:\/\/caracolvan.com\/2025\/03\/19\/tarifa-bat-un-record-352-kiters-en-meme-temps\/"},"modified":"2025-06-03T11:02:49","modified_gmt":"2025-06-03T09:02:49","slug":"tarifa-bat-un-record-352-kiters-en-meme-temps","status":"publish","type":"post","link":"https:\/\/caracolvan.com\/fr\/tarifa-bat-un-record-352-kiters-en-meme-temps\/","title":{"rendered":"Tarifa bat un record : 352 kiters en m\u00eame temps !"},"content":{"rendered":"<p style=\"margin-bottom: 0cm; text-align: left;\"><span style=\"font-weight: normal;\">Le <em><strong>record du monde Guinness<\/strong><\/em> du plus grand nombre de <em><strong>kitesurfeurs <\/strong><\/em>parcourant le m\u00eame kilom\u00e8tre en m\u00eame temps a \u00e9t\u00e9 battu \u00e0 <em><strong>Tarifa, Cadix, Espagne<\/strong><\/em>, lors de la<\/span> neuvi\u00e8me manche du PKRA - <em><strong>Championnat du monde de kitesurf.<\/strong><\/em><\/p>\n<p>&nbsp;<\/p>\n<p style=\"margin-bottom: 0cm; text-align: left;\">Le dernier \u00e9v\u00e9nement <em><strong>Virgin Kite Surfing Armada<\/strong><\/em> n'a pas pu accueillir Sir Richard Branson en raison de conflits d'horaire, mais a \u00e9t\u00e9 excellemment dirig\u00e9 par la neuf fois championne du monde <em><strong>Gisela Pulido<\/strong><\/em>, et Javier P\u00e9rez Dolset, pr\u00e9sident de la Professional Kiteboard Riders Association (PKRA), a dirig\u00e9 l'\"Armada\" de <em><strong>352 riders<\/strong><\/em> qui ont parcouru simultan\u00e9ment un mile de distance.<\/p>\n<p>&nbsp;<\/p>\n<div><iframe src=\"\/\/www.youtube.com\/embed\/QBUMM42j62k?list=UUJQqXyOErExlc_wxpQgAYDA\" width=\"533\" height=\"300\" frameborder=\"0\" allowfullscreen=\"allowfullscreen\"><\/iframe><\/div>\n<p>&nbsp;<\/p>\n<div>\n<p style=\"text-align: left;\">Des riders du monde entier, professionnels et amateurs, se sont unis pour une bonne cause et sont venus \u00e0 <em><strong>Tarifa, Cadix, Espagne<\/strong><\/em>, pour participer \u00e0 cette initiative passionnante qui est entr\u00e9e dans l'histoire du <em><strong>kitesurf<\/strong><\/em>.<\/p>\n<p>&nbsp;<\/p>\n<p style=\"text-align: left;\">Tout au long de la course, un <em><strong>fort vent de Levante<\/strong><\/em> a pr\u00e9valu, et dans la derni\u00e8re partie, il est devenu rafaleux, rendant l'arriv\u00e9e difficile. Malgr\u00e9 cela, ce <em><strong>record a \u00e9t\u00e9 battu<\/strong><\/em>, pour la premi\u00e8re fois dans les <em><strong>eaux espagnoles.<\/strong><\/em><\/p>\n<\/div>\n","protected":false},"excerpt":{"rendered":"<p>Le record du monde Guinness du plus grand nombre de  [...]<\/p>\n","protected":false},"author":4,"featured_media":0,"comment_status":"closed","ping_status":"open","sticky":false,"template":"","format":"standard","meta":{"_joinchat":[],"footnotes":""},"categories":[37,35],"tags":[],"class_list":["post-15650","post","type-post","status-publish","format-standard","hentry","category-decouvrir-andalousie","category-rendez-vous-en-camper"],"yoast_head":"<!-- This site is optimized with the Yoast SEO Premium plugin v27.2 (Yoast SEO v27.2) - https:\/\/yoast.com\/product\/yoast-seo-premium-wordpress\/ -->\n<title>Tarifa bat un record : 352 kiters en m\u00eame temps ! - Blog Caracolvan<\/title>\n<meta name=\"description\" content=\"Le record du monde Guinness du plus grand nombre de kitesurfeurs parcourant le m\u00eame mile en m\u00eame temps a \u00e9t\u00e9 battu \u00e0 Tarifa, Cadix, Espagne.\" \/>\n<meta name=\"robots\" content=\"index, follow, max-snippet:-1, max-image-preview:large, max-video-preview:-1\" \/>\n<link rel=\"canonical\" href=\"https:\/\/caracolvan.com\/fr\/tarifa-bat-un-record-352-kiters-en-meme-temps\/\" \/>\n<meta property=\"og:locale\" content=\"fr_FR\" \/>\n<meta property=\"og:type\" content=\"article\" \/>\n<meta property=\"og:title\" content=\"Tarifa bat un record : 352 kiters en m\u00eame temps !\" \/>\n<meta property=\"og:description\" content=\"Le record du monde Guinness du plus grand nombre de kitesurfeurs parcourant le m\u00eame mile en m\u00eame temps a \u00e9t\u00e9 battu \u00e0 Tarifa, Cadix, Espagne.\" \/>\n<meta property=\"og:url\" content=\"https:\/\/caracolvan.com\/fr\/tarifa-bat-un-record-352-kiters-en-meme-temps\/\" \/>\n<meta property=\"og:site_name\" content=\"Alquiler Camper Rental - Caracolvan\" \/>\n<meta property=\"article:publisher\" content=\"https:\/\/www.facebook.com\/Caracolvan\/\" \/>\n<meta property=\"article:published_time\" content=\"2017-12-27T10:44:26+00:00\" \/>\n<meta property=\"article:modified_time\" content=\"2025-06-03T09:02:49+00:00\" \/>\n<meta property=\"og:image\" content=\"https:\/\/caracolvan.com\/wp-content\/uploads\/2018\/05\/logo-caracolvan-2018.jpg\" \/>\n\t<meta property=\"og:image:width\" content=\"800\" \/>\n\t<meta property=\"og:image:height\" content=\"550\" \/>\n\t<meta property=\"og:image:type\" content=\"image\/jpeg\" \/>\n<meta name=\"author\" content=\"Nacho Fern\u00e1ndez del Blanco\" \/>\n<meta name=\"twitter:card\" content=\"summary_large_image\" \/>\n<meta name=\"twitter:creator\" content=\"@Caracolvan\" \/>\n<meta name=\"twitter:site\" content=\"@Caracolvan\" \/>\n<meta name=\"twitter:label1\" content=\"\u00c9crit par\" \/>\n\t<meta name=\"twitter:data1\" content=\"Nacho Fern\u00e1ndez del Blanco\" \/>\n\t<meta name=\"twitter:label2\" content=\"Dur\u00e9e de lecture estim\u00e9e\" \/>\n\t<meta name=\"twitter:data2\" content=\"1 minute\" \/>\n<script type=\"application\/ld+json\" class=\"yoast-schema-graph\">{\"@context\":\"https:\/\/schema.org\",\"@graph\":[{\"@type\":\"Article\",\"@id\":\"https:\/\/caracolvan.com\/fr\/tarifa-bat-un-record-352-kiters-en-meme-temps\/#article\",\"isPartOf\":{\"@id\":\"https:\/\/caracolvan.com\/fr\/tarifa-bat-un-record-352-kiters-en-meme-temps\/\"},\"author\":{\"name\":\"Nacho Fern\u00e1ndez del Blanco\",\"@id\":\"https:\/\/caracolvan.com\/fr\/#\/schema\/person\/4082cf95fd1be29a0f617f570d486970\"},\"headline\":\"Tarifa bat un record : 352 kiters en m\u00eame temps !\",\"datePublished\":\"2017-12-27T10:44:26+00:00\",\"dateModified\":\"2025-06-03T09:02:49+00:00\",\"mainEntityOfPage\":{\"@id\":\"https:\/\/caracolvan.com\/fr\/tarifa-bat-un-record-352-kiters-en-meme-temps\/\"},\"wordCount\":199,\"publisher\":{\"@id\":\"https:\/\/caracolvan.com\/fr\/#organization\"},\"articleSection\":[\"D\u00e9couvrir Andalousie\",\"Rendez-vous en Camper\"],\"inLanguage\":\"fr-FR\"},{\"@type\":\"WebPage\",\"@id\":\"https:\/\/caracolvan.com\/fr\/tarifa-bat-un-record-352-kiters-en-meme-temps\/\",\"url\":\"https:\/\/caracolvan.com\/fr\/tarifa-bat-un-record-352-kiters-en-meme-temps\/\",\"name\":\"Tarifa bat un record : 352 kiters en m\u00eame temps ! - Blog Caracolvan\",\"isPartOf\":{\"@id\":\"https:\/\/caracolvan.com\/fr\/#website\"},\"datePublished\":\"2017-12-27T10:44:26+00:00\",\"dateModified\":\"2025-06-03T09:02:49+00:00\",\"description\":\"Le record du monde Guinness du plus grand nombre de kitesurfeurs parcourant le m\u00eame mile en m\u00eame temps a \u00e9t\u00e9 battu \u00e0 Tarifa, Cadix, Espagne.\",\"breadcrumb\":{\"@id\":\"https:\/\/caracolvan.com\/fr\/tarifa-bat-un-record-352-kiters-en-meme-temps\/#breadcrumb\"},\"inLanguage\":\"fr-FR\",\"potentialAction\":[{\"@type\":\"ReadAction\",\"target\":[\"https:\/\/caracolvan.com\/fr\/tarifa-bat-un-record-352-kiters-en-meme-temps\/\"]}]},{\"@type\":\"BreadcrumbList\",\"@id\":\"https:\/\/caracolvan.com\/fr\/tarifa-bat-un-record-352-kiters-en-meme-temps\/#breadcrumb\",\"itemListElement\":[{\"@type\":\"ListItem\",\"position\":1,\"name\":\"Portada\",\"item\":\"https:\/\/caracolvan.com\/fr\/\"},{\"@type\":\"ListItem\",\"position\":2,\"name\":\"Tarifa bat un record : 352 kiters en m\u00eame temps !\"}]},{\"@type\":\"WebSite\",\"@id\":\"https:\/\/caracolvan.com\/fr\/#website\",\"url\":\"https:\/\/caracolvan.com\/fr\/\",\"name\":\"Alquiler Camper Rental - Caracolvan\",\"description\":\"Alquiler de furgonetas camper y autocaravanas\",\"publisher\":{\"@id\":\"https:\/\/caracolvan.com\/fr\/#organization\"},\"potentialAction\":[{\"@type\":\"SearchAction\",\"target\":{\"@type\":\"EntryPoint\",\"urlTemplate\":\"https:\/\/caracolvan.com\/fr\/?s={search_term_string}\"},\"query-input\":{\"@type\":\"PropertyValueSpecification\",\"valueRequired\":true,\"valueName\":\"search_term_string\"}}],\"inLanguage\":\"fr-FR\"},{\"@type\":\"Organization\",\"@id\":\"https:\/\/caracolvan.com\/fr\/#organization\",\"name\":\"Caracolvan\",\"url\":\"https:\/\/caracolvan.com\/fr\/\",\"logo\":{\"@type\":\"ImageObject\",\"inLanguage\":\"fr-FR\",\"@id\":\"https:\/\/caracolvan.com\/fr\/#\/schema\/logo\/image\/\",\"url\":\"https:\/\/caracolvan.com\/wp-content\/uploads\/2023\/08\/caracolvan-logotipo.jpg\",\"contentUrl\":\"https:\/\/caracolvan.com\/wp-content\/uploads\/2023\/08\/caracolvan-logotipo.jpg\",\"width\":696,\"height\":696,\"caption\":\"Caracolvan\"},\"image\":{\"@id\":\"https:\/\/caracolvan.com\/fr\/#\/schema\/logo\/image\/\"},\"sameAs\":[\"https:\/\/www.facebook.com\/Caracolvan\/\",\"https:\/\/x.com\/Caracolvan\"]},{\"@type\":\"Person\",\"@id\":\"https:\/\/caracolvan.com\/fr\/#\/schema\/person\/4082cf95fd1be29a0f617f570d486970\",\"name\":\"Nacho Fern\u00e1ndez del Blanco\",\"image\":{\"@type\":\"ImageObject\",\"inLanguage\":\"fr-FR\",\"@id\":\"https:\/\/secure.gravatar.com\/avatar\/5f8fedd8535cdaa35a42bf0efb2be3e81fcaa7f2be2f6f0c41a988485f85d39d?s=96&d=mm&r=g\",\"url\":\"https:\/\/secure.gravatar.com\/avatar\/5f8fedd8535cdaa35a42bf0efb2be3e81fcaa7f2be2f6f0c41a988485f85d39d?s=96&d=mm&r=g\",\"contentUrl\":\"https:\/\/secure.gravatar.com\/avatar\/5f8fedd8535cdaa35a42bf0efb2be3e81fcaa7f2be2f6f0c41a988485f85d39d?s=96&d=mm&r=g\",\"caption\":\"Nacho Fern\u00e1ndez del Blanco\"},\"url\":\"https:\/\/caracolvan.com\/fr\/author\/nacho\/\"}]}<\/script>\n<!-- \/ Yoast SEO Premium plugin. -->","yoast_head_json":{"title":"Tarifa bat un record : 352 kiters en m\u00eame temps ! - Blog Caracolvan","description":"Le record du monde Guinness du plus grand nombre de kitesurfeurs parcourant le m\u00eame mile en m\u00eame temps a \u00e9t\u00e9 battu \u00e0 Tarifa, Cadix, Espagne.","robots":{"index":"index","follow":"follow","max-snippet":"max-snippet:-1","max-image-preview":"max-image-preview:large","max-video-preview":"max-video-preview:-1"},"canonical":"https:\/\/caracolvan.com\/fr\/tarifa-bat-un-record-352-kiters-en-meme-temps\/","og_locale":"fr_FR","og_type":"article","og_title":"Tarifa bat un record : 352 kiters en m\u00eame temps !","og_description":"Le record du monde Guinness du plus grand nombre de kitesurfeurs parcourant le m\u00eame mile en m\u00eame temps a \u00e9t\u00e9 battu \u00e0 Tarifa, Cadix, Espagne.","og_url":"https:\/\/caracolvan.com\/fr\/tarifa-bat-un-record-352-kiters-en-meme-temps\/","og_site_name":"Alquiler Camper Rental - Caracolvan","article_publisher":"https:\/\/www.facebook.com\/Caracolvan\/","article_published_time":"2017-12-27T10:44:26+00:00","article_modified_time":"2025-06-03T09:02:49+00:00","og_image":[{"width":800,"height":550,"url":"https:\/\/caracolvan.com\/wp-content\/uploads\/2018\/05\/logo-caracolvan-2018.jpg","type":"image\/jpeg"}],"author":"Nacho Fern\u00e1ndez del Blanco","twitter_card":"summary_large_image","twitter_creator":"@Caracolvan","twitter_site":"@Caracolvan","twitter_misc":{"\u00c9crit par":"Nacho Fern\u00e1ndez del Blanco","Dur\u00e9e de lecture estim\u00e9e":"1 minute"},"schema":{"@context":"https:\/\/schema.org","@graph":[{"@type":"Article","@id":"https:\/\/caracolvan.com\/fr\/tarifa-bat-un-record-352-kiters-en-meme-temps\/#article","isPartOf":{"@id":"https:\/\/caracolvan.com\/fr\/tarifa-bat-un-record-352-kiters-en-meme-temps\/"},"author":{"name":"Nacho Fern\u00e1ndez del Blanco","@id":"https:\/\/caracolvan.com\/fr\/#\/schema\/person\/4082cf95fd1be29a0f617f570d486970"},"headline":"Tarifa bat un record : 352 kiters en m\u00eame temps !","datePublished":"2017-12-27T10:44:26+00:00","dateModified":"2025-06-03T09:02:49+00:00","mainEntityOfPage":{"@id":"https:\/\/caracolvan.com\/fr\/tarifa-bat-un-record-352-kiters-en-meme-temps\/"},"wordCount":199,"publisher":{"@id":"https:\/\/caracolvan.com\/fr\/#organization"},"articleSection":["D\u00e9couvrir Andalousie","Rendez-vous en Camper"],"inLanguage":"fr-FR"},{"@type":"WebPage","@id":"https:\/\/caracolvan.com\/fr\/tarifa-bat-un-record-352-kiters-en-meme-temps\/","url":"https:\/\/caracolvan.com\/fr\/tarifa-bat-un-record-352-kiters-en-meme-temps\/","name":"Tarifa bat un record : 352 kiters en m\u00eame temps ! - Blog Caracolvan","isPartOf":{"@id":"https:\/\/caracolvan.com\/fr\/#website"},"datePublished":"2017-12-27T10:44:26+00:00","dateModified":"2025-06-03T09:02:49+00:00","description":"Le record du monde Guinness du plus grand nombre de kitesurfeurs parcourant le m\u00eame mile en m\u00eame temps a \u00e9t\u00e9 battu \u00e0 Tarifa, Cadix, Espagne.","breadcrumb":{"@id":"https:\/\/caracolvan.com\/fr\/tarifa-bat-un-record-352-kiters-en-meme-temps\/#breadcrumb"},"inLanguage":"fr-FR","potentialAction":[{"@type":"ReadAction","target":["https:\/\/caracolvan.com\/fr\/tarifa-bat-un-record-352-kiters-en-meme-temps\/"]}]},{"@type":"BreadcrumbList","@id":"https:\/\/caracolvan.com\/fr\/tarifa-bat-un-record-352-kiters-en-meme-temps\/#breadcrumb","itemListElement":[{"@type":"ListItem","position":1,"name":"Portada","item":"https:\/\/caracolvan.com\/fr\/"},{"@type":"ListItem","position":2,"name":"Tarifa bat un record : 352 kiters en m\u00eame temps !"}]},{"@type":"WebSite","@id":"https:\/\/caracolvan.com\/fr\/#website","url":"https:\/\/caracolvan.com\/fr\/","name":"Alquiler Camper Rental - Caracolvan","description":"Alquiler de furgonetas camper y autocaravanas","publisher":{"@id":"https:\/\/caracolvan.com\/fr\/#organization"},"potentialAction":[{"@type":"SearchAction","target":{"@type":"EntryPoint","urlTemplate":"https:\/\/caracolvan.com\/fr\/?s={search_term_string}"},"query-input":{"@type":"PropertyValueSpecification","valueRequired":true,"valueName":"search_term_string"}}],"inLanguage":"fr-FR"},{"@type":"Organization","@id":"https:\/\/caracolvan.com\/fr\/#organization","name":"Caracolvan","url":"https:\/\/caracolvan.com\/fr\/","logo":{"@type":"ImageObject","inLanguage":"fr-FR","@id":"https:\/\/caracolvan.com\/fr\/#\/schema\/logo\/image\/","url":"https:\/\/caracolvan.com\/wp-content\/uploads\/2023\/08\/caracolvan-logotipo.jpg","contentUrl":"https:\/\/caracolvan.com\/wp-content\/uploads\/2023\/08\/caracolvan-logotipo.jpg","width":696,"height":696,"caption":"Caracolvan"},"image":{"@id":"https:\/\/caracolvan.com\/fr\/#\/schema\/logo\/image\/"},"sameAs":["https:\/\/www.facebook.com\/Caracolvan\/","https:\/\/x.com\/Caracolvan"]},{"@type":"Person","@id":"https:\/\/caracolvan.com\/fr\/#\/schema\/person\/4082cf95fd1be29a0f617f570d486970","name":"Nacho Fern\u00e1ndez del Blanco","image":{"@type":"ImageObject","inLanguage":"fr-FR","@id":"https:\/\/secure.gravatar.com\/avatar\/5f8fedd8535cdaa35a42bf0efb2be3e81fcaa7f2be2f6f0c41a988485f85d39d?s=96&d=mm&r=g","url":"https:\/\/secure.gravatar.com\/avatar\/5f8fedd8535cdaa35a42bf0efb2be3e81fcaa7f2be2f6f0c41a988485f85d39d?s=96&d=mm&r=g","contentUrl":"https:\/\/secure.gravatar.com\/avatar\/5f8fedd8535cdaa35a42bf0efb2be3e81fcaa7f2be2f6f0c41a988485f85d39d?s=96&d=mm&r=g","caption":"Nacho Fern\u00e1ndez del Blanco"},"url":"https:\/\/caracolvan.com\/fr\/author\/nacho\/"}]}},"_links":{"self":[{"href":"https:\/\/caracolvan.com\/fr\/wp-json\/wp\/v2\/posts\/15650","targetHints":{"allow":["GET"]}}],"collection":[{"href":"https:\/\/caracolvan.com\/fr\/wp-json\/wp\/v2\/posts"}],"about":[{"href":"https:\/\/caracolvan.com\/fr\/wp-json\/wp\/v2\/types\/post"}],"author":[{"embeddable":true,"href":"https:\/\/caracolvan.com\/fr\/wp-json\/wp\/v2\/users\/4"}],"replies":[{"embeddable":true,"href":"https:\/\/caracolvan.com\/fr\/wp-json\/wp\/v2\/comments?post=15650"}],"version-history":[{"count":1,"href":"https:\/\/caracolvan.com\/fr\/wp-json\/wp\/v2\/posts\/15650\/revisions"}],"predecessor-version":[{"id":15857,"href":"https:\/\/caracolvan.com\/fr\/wp-json\/wp\/v2\/posts\/15650\/revisions\/15857"}],"wp:attachment":[{"href":"https:\/\/caracolvan.com\/fr\/wp-json\/wp\/v2\/media?parent=15650"}],"wp:term":[{"taxonomy":"category","embeddable":true,"href":"https:\/\/caracolvan.com\/fr\/wp-json\/wp\/v2\/categories?post=15650"},{"taxonomy":"post_tag","embeddable":true,"href":"https:\/\/caracolvan.com\/fr\/wp-json\/wp\/v2\/tags?post=15650"}],"curies":[{"name":"wp","href":"https:\/\/api.w.org\/{rel}","templated":true}]}}