{"id":15695,"date":"2017-12-27T14:35:54","date_gmt":"2017-12-27T12:35:54","guid":{"rendered":"https:\/\/caracolvan.com\/2025\/03\/20\/en-hiver-vous-pouvez-egalement-sortir-en-camping-car\/"},"modified":"2025-06-03T10:57:56","modified_gmt":"2025-06-03T08:57:56","slug":"en-hiver-vous-pouvez-egalement-sortir-en-camping-car","status":"publish","type":"post","link":"https:\/\/caracolvan.com\/fr\/en-hiver-vous-pouvez-egalement-sortir-en-camping-car\/","title":{"rendered":"En hiver, vous pouvez \u00e9galement sortir en camping-car."},"content":{"rendered":"<p style=\"margin-bottom: 0cm; text-align: justify;\"><span lang=\"en\"><span style=\"font-weight: normal;\">Les <em><strong>amateurs <\/strong><\/em>de <em><strong>camping-cars<\/strong><\/em> savent qu'en hiver, on peut aussi sortir en camping-car. M\u00eame si c'est l'hiver et que l'on a surtout envie d'un canap\u00e9 et d'une couverture. Pendant cette saison, vous pouvez sortir dans la campagne et profiter de <em><strong>l'ind\u00e9pendance <\/strong><\/em>que vous offre un <em><strong>van \u00e9quip\u00e9 comme une maison.<\/strong><\/em> <\/span><\/span><\/p>\n<p>&nbsp;<\/p>\n<h2>En hiver, vous pouvez \u00e9galement partir en camping-car s'il est bien \u00e9quip\u00e9.<\/h2>\n<p>&nbsp;<\/p>\n<p style=\"margin-bottom: 0cm; text-align: justify;\"><span lang=\"en\"><span style=\"font-weight: normal;\">Actuellement, la plupart des <em><strong>camping-cars compacts<\/strong><\/em> ou des <em><strong>camping-cars<\/strong><\/em>, y compris ceux de <em><strong>location<\/strong><\/em>, sont \u00e9quip\u00e9s d'un <strong><em>chauffage autonome<\/em><\/strong> ou stationnaire, au diesel ou au gaz. Cela signifie que m\u00eame si nous sommes gar\u00e9s, avec le moteur de notre <em><strong>fourgonnette <\/strong><\/em>\u00e9teint, ce syst\u00e8me nous permet de rester au <em><strong>chaud \u00e0 l'int\u00e9rieur du fourgon<\/strong><\/em>, peu importe le froid qu'il fait dehors. <\/span><\/span><\/p>\n<p>&nbsp;<\/p>\n<p style=\"margin-bottom: 0cm; text-align: justify;\"><span lang=\"en\"><span style=\"font-weight: normal;\">Bien s\u00fbr, apr\u00e8s une belle <strong>balade dans la neige<\/strong> ou dans les <strong>bois<\/strong>, un jeu de cartes sera bien utile pour profiter de la chaleur de notre<strong><em> camping-car<\/em> en bonne compagnie<\/strong>. Une soupe chaude pr\u00e9par\u00e9e dans notre <strong>cuisine <\/strong>et un bon c\u00e2lin sous la <strong>couette <\/strong>nous feront oublier notre canap\u00e9 \u00e0 la maison. <\/span><\/span><\/p>\n<p>&nbsp;<\/p>\n<p class=\"img_redondeada_y_sombreada\"><span lang=\"en\"><span style=\"font-weight: normal;\"><span lang=\"en\"><span style=\"font-weight: normal;\"><img decoding=\"async\" style=\"width: 530px; height: 307px;\" title=\"Location de camping-car en hiver\" src=\"https:\/\/caracolvan.com\/wp-content\/uploads\/2017\/12\/camper-invierno.jpg\" alt=\"Location de camping-car en hiver\" \/><\/span><\/span><\/span><\/span><\/p>\n<p>&nbsp;<\/p>\n","protected":false},"excerpt":{"rendered":"<p>Les amateurs de camping-cars savent qu'en hiver, on peut aussi  [...]<\/p>\n","protected":false},"author":4,"featured_media":2235,"comment_status":"closed","ping_status":"open","sticky":false,"template":"","format":"standard","meta":{"_joinchat":[],"footnotes":""},"categories":[36,41],"tags":[],"class_list":["post-15695","post","type-post","status-publish","format-standard","has-post-thumbnail","hentry","category-conseils-camper","category-itineraires-en-camper"],"yoast_head":"<!-- This site is optimized with the Yoast SEO Premium plugin v27.2 (Yoast SEO v27.2) - https:\/\/yoast.com\/product\/yoast-seo-premium-wordpress\/ -->\n<title>En hiver, vous pouvez aussi sortir en camping-car - Blog Caracolvan<\/title>\n<meta name=\"description\" content=\"M\u00eame si c&#039;est l&#039;hiver et que vous avez envie d&#039;un canap\u00e9 et d&#039;une couverture, les amateurs de camping-cars savent qu&#039;en hiver, on peut aussi sortir en camping-car.\" \/>\n<meta name=\"robots\" content=\"index, follow, max-snippet:-1, max-image-preview:large, max-video-preview:-1\" \/>\n<link rel=\"canonical\" href=\"https:\/\/caracolvan.com\/fr\/en-hiver-vous-pouvez-egalement-sortir-en-camping-car\/\" \/>\n<meta property=\"og:locale\" content=\"fr_FR\" \/>\n<meta property=\"og:type\" content=\"article\" \/>\n<meta property=\"og:title\" content=\"En hiver, vous pouvez \u00e9galement sortir en camping-car.\" \/>\n<meta property=\"og:description\" content=\"M\u00eame si c&#039;est l&#039;hiver et que vous avez envie d&#039;un canap\u00e9 et d&#039;une couverture, les amateurs de camping-cars savent qu&#039;en hiver, on peut aussi sortir en camping-car.\" \/>\n<meta property=\"og:url\" content=\"https:\/\/caracolvan.com\/fr\/en-hiver-vous-pouvez-egalement-sortir-en-camping-car\/\" \/>\n<meta property=\"og:site_name\" content=\"Alquiler Camper Rental - Caracolvan\" \/>\n<meta property=\"article:publisher\" content=\"https:\/\/www.facebook.com\/Caracolvan\/\" \/>\n<meta property=\"article:published_time\" content=\"2017-12-27T12:35:54+00:00\" \/>\n<meta property=\"article:modified_time\" content=\"2025-06-03T08:57:56+00:00\" \/>\n<meta property=\"og:image\" content=\"https:\/\/caracolvan.com\/wp-content\/uploads\/2017\/12\/camper-invierno.jpg\" \/>\n\t<meta property=\"og:image:width\" content=\"764\" \/>\n\t<meta property=\"og:image:height\" content=\"443\" \/>\n\t<meta property=\"og:image:type\" content=\"image\/jpeg\" \/>\n<meta name=\"author\" content=\"Nacho Fern\u00e1ndez del Blanco\" \/>\n<meta name=\"twitter:card\" content=\"summary_large_image\" \/>\n<meta name=\"twitter:creator\" content=\"@Caracolvan\" \/>\n<meta name=\"twitter:site\" content=\"@Caracolvan\" \/>\n<meta name=\"twitter:label1\" content=\"\u00c9crit par\" \/>\n\t<meta name=\"twitter:data1\" content=\"Nacho Fern\u00e1ndez del Blanco\" \/>\n\t<meta name=\"twitter:label2\" content=\"Dur\u00e9e de lecture estim\u00e9e\" \/>\n\t<meta name=\"twitter:data2\" content=\"2 minutes\" \/>\n<script type=\"application\/ld+json\" class=\"yoast-schema-graph\">{\"@context\":\"https:\/\/schema.org\",\"@graph\":[{\"@type\":\"Article\",\"@id\":\"https:\/\/caracolvan.com\/fr\/en-hiver-vous-pouvez-egalement-sortir-en-camping-car\/#article\",\"isPartOf\":{\"@id\":\"https:\/\/caracolvan.com\/fr\/en-hiver-vous-pouvez-egalement-sortir-en-camping-car\/\"},\"author\":{\"name\":\"Nacho Fern\u00e1ndez del Blanco\",\"@id\":\"https:\/\/caracolvan.com\/fr\/#\/schema\/person\/4082cf95fd1be29a0f617f570d486970\"},\"headline\":\"En hiver, vous pouvez \u00e9galement sortir en camping-car.\",\"datePublished\":\"2017-12-27T12:35:54+00:00\",\"dateModified\":\"2025-06-03T08:57:56+00:00\",\"mainEntityOfPage\":{\"@id\":\"https:\/\/caracolvan.com\/fr\/en-hiver-vous-pouvez-egalement-sortir-en-camping-car\/\"},\"wordCount\":209,\"publisher\":{\"@id\":\"https:\/\/caracolvan.com\/fr\/#organization\"},\"image\":{\"@id\":\"https:\/\/caracolvan.com\/fr\/en-hiver-vous-pouvez-egalement-sortir-en-camping-car\/#primaryimage\"},\"thumbnailUrl\":\"https:\/\/caracolvan.com\/wp-content\/uploads\/2017\/12\/camper-invierno.jpg\",\"articleSection\":[\"Conseils Camper\",\"Itin\u00e9raires en Camper\"],\"inLanguage\":\"fr-FR\"},{\"@type\":\"WebPage\",\"@id\":\"https:\/\/caracolvan.com\/fr\/en-hiver-vous-pouvez-egalement-sortir-en-camping-car\/\",\"url\":\"https:\/\/caracolvan.com\/fr\/en-hiver-vous-pouvez-egalement-sortir-en-camping-car\/\",\"name\":\"En hiver, vous pouvez aussi sortir en camping-car - Blog Caracolvan\",\"isPartOf\":{\"@id\":\"https:\/\/caracolvan.com\/fr\/#website\"},\"primaryImageOfPage\":{\"@id\":\"https:\/\/caracolvan.com\/fr\/en-hiver-vous-pouvez-egalement-sortir-en-camping-car\/#primaryimage\"},\"image\":{\"@id\":\"https:\/\/caracolvan.com\/fr\/en-hiver-vous-pouvez-egalement-sortir-en-camping-car\/#primaryimage\"},\"thumbnailUrl\":\"https:\/\/caracolvan.com\/wp-content\/uploads\/2017\/12\/camper-invierno.jpg\",\"datePublished\":\"2017-12-27T12:35:54+00:00\",\"dateModified\":\"2025-06-03T08:57:56+00:00\",\"description\":\"M\u00eame si c'est l'hiver et que vous avez envie d'un canap\u00e9 et d'une couverture, les amateurs de camping-cars savent qu'en hiver, on peut aussi sortir en camping-car.\",\"breadcrumb\":{\"@id\":\"https:\/\/caracolvan.com\/fr\/en-hiver-vous-pouvez-egalement-sortir-en-camping-car\/#breadcrumb\"},\"inLanguage\":\"fr-FR\",\"potentialAction\":[{\"@type\":\"ReadAction\",\"target\":[\"https:\/\/caracolvan.com\/fr\/en-hiver-vous-pouvez-egalement-sortir-en-camping-car\/\"]}]},{\"@type\":\"ImageObject\",\"inLanguage\":\"fr-FR\",\"@id\":\"https:\/\/caracolvan.com\/fr\/en-hiver-vous-pouvez-egalement-sortir-en-camping-car\/#primaryimage\",\"url\":\"https:\/\/caracolvan.com\/wp-content\/uploads\/2017\/12\/camper-invierno.jpg\",\"contentUrl\":\"https:\/\/caracolvan.com\/wp-content\/uploads\/2017\/12\/camper-invierno.jpg\",\"width\":764,\"height\":443,\"caption\":\"En hiver, vous pouvez \u00e9galement sortir \u00e0 Camper\"},{\"@type\":\"BreadcrumbList\",\"@id\":\"https:\/\/caracolvan.com\/fr\/en-hiver-vous-pouvez-egalement-sortir-en-camping-car\/#breadcrumb\",\"itemListElement\":[{\"@type\":\"ListItem\",\"position\":1,\"name\":\"Portada\",\"item\":\"https:\/\/caracolvan.com\/fr\/\"},{\"@type\":\"ListItem\",\"position\":2,\"name\":\"En hiver, vous pouvez \u00e9galement sortir en camping-car.\"}]},{\"@type\":\"WebSite\",\"@id\":\"https:\/\/caracolvan.com\/fr\/#website\",\"url\":\"https:\/\/caracolvan.com\/fr\/\",\"name\":\"Alquiler Camper Rental - Caracolvan\",\"description\":\"Alquiler de furgonetas camper y autocaravanas\",\"publisher\":{\"@id\":\"https:\/\/caracolvan.com\/fr\/#organization\"},\"potentialAction\":[{\"@type\":\"SearchAction\",\"target\":{\"@type\":\"EntryPoint\",\"urlTemplate\":\"https:\/\/caracolvan.com\/fr\/?s={search_term_string}\"},\"query-input\":{\"@type\":\"PropertyValueSpecification\",\"valueRequired\":true,\"valueName\":\"search_term_string\"}}],\"inLanguage\":\"fr-FR\"},{\"@type\":\"Organization\",\"@id\":\"https:\/\/caracolvan.com\/fr\/#organization\",\"name\":\"Caracolvan\",\"url\":\"https:\/\/caracolvan.com\/fr\/\",\"logo\":{\"@type\":\"ImageObject\",\"inLanguage\":\"fr-FR\",\"@id\":\"https:\/\/caracolvan.com\/fr\/#\/schema\/logo\/image\/\",\"url\":\"https:\/\/caracolvan.com\/wp-content\/uploads\/2023\/08\/caracolvan-logotipo.jpg\",\"contentUrl\":\"https:\/\/caracolvan.com\/wp-content\/uploads\/2023\/08\/caracolvan-logotipo.jpg\",\"width\":696,\"height\":696,\"caption\":\"Caracolvan\"},\"image\":{\"@id\":\"https:\/\/caracolvan.com\/fr\/#\/schema\/logo\/image\/\"},\"sameAs\":[\"https:\/\/www.facebook.com\/Caracolvan\/\",\"https:\/\/x.com\/Caracolvan\"]},{\"@type\":\"Person\",\"@id\":\"https:\/\/caracolvan.com\/fr\/#\/schema\/person\/4082cf95fd1be29a0f617f570d486970\",\"name\":\"Nacho Fern\u00e1ndez del Blanco\",\"image\":{\"@type\":\"ImageObject\",\"inLanguage\":\"fr-FR\",\"@id\":\"https:\/\/secure.gravatar.com\/avatar\/5f8fedd8535cdaa35a42bf0efb2be3e81fcaa7f2be2f6f0c41a988485f85d39d?s=96&d=mm&r=g\",\"url\":\"https:\/\/secure.gravatar.com\/avatar\/5f8fedd8535cdaa35a42bf0efb2be3e81fcaa7f2be2f6f0c41a988485f85d39d?s=96&d=mm&r=g\",\"contentUrl\":\"https:\/\/secure.gravatar.com\/avatar\/5f8fedd8535cdaa35a42bf0efb2be3e81fcaa7f2be2f6f0c41a988485f85d39d?s=96&d=mm&r=g\",\"caption\":\"Nacho Fern\u00e1ndez del Blanco\"},\"url\":\"https:\/\/caracolvan.com\/fr\/author\/nacho\/\"}]}<\/script>\n<!-- \/ Yoast SEO Premium plugin. -->","yoast_head_json":{"title":"En hiver, vous pouvez aussi sortir en camping-car - Blog Caracolvan","description":"M\u00eame si c'est l'hiver et que vous avez envie d'un canap\u00e9 et d'une couverture, les amateurs de camping-cars savent qu'en hiver, on peut aussi sortir en camping-car.","robots":{"index":"index","follow":"follow","max-snippet":"max-snippet:-1","max-image-preview":"max-image-preview:large","max-video-preview":"max-video-preview:-1"},"canonical":"https:\/\/caracolvan.com\/fr\/en-hiver-vous-pouvez-egalement-sortir-en-camping-car\/","og_locale":"fr_FR","og_type":"article","og_title":"En hiver, vous pouvez \u00e9galement sortir en camping-car.","og_description":"M\u00eame si c'est l'hiver et que vous avez envie d'un canap\u00e9 et d'une couverture, les amateurs de camping-cars savent qu'en hiver, on peut aussi sortir en camping-car.","og_url":"https:\/\/caracolvan.com\/fr\/en-hiver-vous-pouvez-egalement-sortir-en-camping-car\/","og_site_name":"Alquiler Camper Rental - Caracolvan","article_publisher":"https:\/\/www.facebook.com\/Caracolvan\/","article_published_time":"2017-12-27T12:35:54+00:00","article_modified_time":"2025-06-03T08:57:56+00:00","og_image":[{"width":764,"height":443,"url":"https:\/\/caracolvan.com\/wp-content\/uploads\/2017\/12\/camper-invierno.jpg","type":"image\/jpeg"}],"author":"Nacho Fern\u00e1ndez del Blanco","twitter_card":"summary_large_image","twitter_creator":"@Caracolvan","twitter_site":"@Caracolvan","twitter_misc":{"\u00c9crit par":"Nacho Fern\u00e1ndez del Blanco","Dur\u00e9e de lecture estim\u00e9e":"2 minutes"},"schema":{"@context":"https:\/\/schema.org","@graph":[{"@type":"Article","@id":"https:\/\/caracolvan.com\/fr\/en-hiver-vous-pouvez-egalement-sortir-en-camping-car\/#article","isPartOf":{"@id":"https:\/\/caracolvan.com\/fr\/en-hiver-vous-pouvez-egalement-sortir-en-camping-car\/"},"author":{"name":"Nacho Fern\u00e1ndez del Blanco","@id":"https:\/\/caracolvan.com\/fr\/#\/schema\/person\/4082cf95fd1be29a0f617f570d486970"},"headline":"En hiver, vous pouvez \u00e9galement sortir en camping-car.","datePublished":"2017-12-27T12:35:54+00:00","dateModified":"2025-06-03T08:57:56+00:00","mainEntityOfPage":{"@id":"https:\/\/caracolvan.com\/fr\/en-hiver-vous-pouvez-egalement-sortir-en-camping-car\/"},"wordCount":209,"publisher":{"@id":"https:\/\/caracolvan.com\/fr\/#organization"},"image":{"@id":"https:\/\/caracolvan.com\/fr\/en-hiver-vous-pouvez-egalement-sortir-en-camping-car\/#primaryimage"},"thumbnailUrl":"https:\/\/caracolvan.com\/wp-content\/uploads\/2017\/12\/camper-invierno.jpg","articleSection":["Conseils Camper","Itin\u00e9raires en Camper"],"inLanguage":"fr-FR"},{"@type":"WebPage","@id":"https:\/\/caracolvan.com\/fr\/en-hiver-vous-pouvez-egalement-sortir-en-camping-car\/","url":"https:\/\/caracolvan.com\/fr\/en-hiver-vous-pouvez-egalement-sortir-en-camping-car\/","name":"En hiver, vous pouvez aussi sortir en camping-car - Blog Caracolvan","isPartOf":{"@id":"https:\/\/caracolvan.com\/fr\/#website"},"primaryImageOfPage":{"@id":"https:\/\/caracolvan.com\/fr\/en-hiver-vous-pouvez-egalement-sortir-en-camping-car\/#primaryimage"},"image":{"@id":"https:\/\/caracolvan.com\/fr\/en-hiver-vous-pouvez-egalement-sortir-en-camping-car\/#primaryimage"},"thumbnailUrl":"https:\/\/caracolvan.com\/wp-content\/uploads\/2017\/12\/camper-invierno.jpg","datePublished":"2017-12-27T12:35:54+00:00","dateModified":"2025-06-03T08:57:56+00:00","description":"M\u00eame si c'est l'hiver et que vous avez envie d'un canap\u00e9 et d'une couverture, les amateurs de camping-cars savent qu'en hiver, on peut aussi sortir en camping-car.","breadcrumb":{"@id":"https:\/\/caracolvan.com\/fr\/en-hiver-vous-pouvez-egalement-sortir-en-camping-car\/#breadcrumb"},"inLanguage":"fr-FR","potentialAction":[{"@type":"ReadAction","target":["https:\/\/caracolvan.com\/fr\/en-hiver-vous-pouvez-egalement-sortir-en-camping-car\/"]}]},{"@type":"ImageObject","inLanguage":"fr-FR","@id":"https:\/\/caracolvan.com\/fr\/en-hiver-vous-pouvez-egalement-sortir-en-camping-car\/#primaryimage","url":"https:\/\/caracolvan.com\/wp-content\/uploads\/2017\/12\/camper-invierno.jpg","contentUrl":"https:\/\/caracolvan.com\/wp-content\/uploads\/2017\/12\/camper-invierno.jpg","width":764,"height":443,"caption":"En hiver, vous pouvez \u00e9galement sortir \u00e0 Camper"},{"@type":"BreadcrumbList","@id":"https:\/\/caracolvan.com\/fr\/en-hiver-vous-pouvez-egalement-sortir-en-camping-car\/#breadcrumb","itemListElement":[{"@type":"ListItem","position":1,"name":"Portada","item":"https:\/\/caracolvan.com\/fr\/"},{"@type":"ListItem","position":2,"name":"En hiver, vous pouvez \u00e9galement sortir en camping-car."}]},{"@type":"WebSite","@id":"https:\/\/caracolvan.com\/fr\/#website","url":"https:\/\/caracolvan.com\/fr\/","name":"Alquiler Camper Rental - Caracolvan","description":"Alquiler de furgonetas camper y autocaravanas","publisher":{"@id":"https:\/\/caracolvan.com\/fr\/#organization"},"potentialAction":[{"@type":"SearchAction","target":{"@type":"EntryPoint","urlTemplate":"https:\/\/caracolvan.com\/fr\/?s={search_term_string}"},"query-input":{"@type":"PropertyValueSpecification","valueRequired":true,"valueName":"search_term_string"}}],"inLanguage":"fr-FR"},{"@type":"Organization","@id":"https:\/\/caracolvan.com\/fr\/#organization","name":"Caracolvan","url":"https:\/\/caracolvan.com\/fr\/","logo":{"@type":"ImageObject","inLanguage":"fr-FR","@id":"https:\/\/caracolvan.com\/fr\/#\/schema\/logo\/image\/","url":"https:\/\/caracolvan.com\/wp-content\/uploads\/2023\/08\/caracolvan-logotipo.jpg","contentUrl":"https:\/\/caracolvan.com\/wp-content\/uploads\/2023\/08\/caracolvan-logotipo.jpg","width":696,"height":696,"caption":"Caracolvan"},"image":{"@id":"https:\/\/caracolvan.com\/fr\/#\/schema\/logo\/image\/"},"sameAs":["https:\/\/www.facebook.com\/Caracolvan\/","https:\/\/x.com\/Caracolvan"]},{"@type":"Person","@id":"https:\/\/caracolvan.com\/fr\/#\/schema\/person\/4082cf95fd1be29a0f617f570d486970","name":"Nacho Fern\u00e1ndez del Blanco","image":{"@type":"ImageObject","inLanguage":"fr-FR","@id":"https:\/\/secure.gravatar.com\/avatar\/5f8fedd8535cdaa35a42bf0efb2be3e81fcaa7f2be2f6f0c41a988485f85d39d?s=96&d=mm&r=g","url":"https:\/\/secure.gravatar.com\/avatar\/5f8fedd8535cdaa35a42bf0efb2be3e81fcaa7f2be2f6f0c41a988485f85d39d?s=96&d=mm&r=g","contentUrl":"https:\/\/secure.gravatar.com\/avatar\/5f8fedd8535cdaa35a42bf0efb2be3e81fcaa7f2be2f6f0c41a988485f85d39d?s=96&d=mm&r=g","caption":"Nacho Fern\u00e1ndez del Blanco"},"url":"https:\/\/caracolvan.com\/fr\/author\/nacho\/"}]}},"_links":{"self":[{"href":"https:\/\/caracolvan.com\/fr\/wp-json\/wp\/v2\/posts\/15695","targetHints":{"allow":["GET"]}}],"collection":[{"href":"https:\/\/caracolvan.com\/fr\/wp-json\/wp\/v2\/posts"}],"about":[{"href":"https:\/\/caracolvan.com\/fr\/wp-json\/wp\/v2\/types\/post"}],"author":[{"embeddable":true,"href":"https:\/\/caracolvan.com\/fr\/wp-json\/wp\/v2\/users\/4"}],"replies":[{"embeddable":true,"href":"https:\/\/caracolvan.com\/fr\/wp-json\/wp\/v2\/comments?post=15695"}],"version-history":[{"count":1,"href":"https:\/\/caracolvan.com\/fr\/wp-json\/wp\/v2\/posts\/15695\/revisions"}],"predecessor-version":[{"id":15840,"href":"https:\/\/caracolvan.com\/fr\/wp-json\/wp\/v2\/posts\/15695\/revisions\/15840"}],"wp:featuredmedia":[{"embeddable":true,"href":"https:\/\/caracolvan.com\/fr\/wp-json\/wp\/v2\/media\/2235"}],"wp:attachment":[{"href":"https:\/\/caracolvan.com\/fr\/wp-json\/wp\/v2\/media?parent=15695"}],"wp:term":[{"taxonomy":"category","embeddable":true,"href":"https:\/\/caracolvan.com\/fr\/wp-json\/wp\/v2\/categories?post=15695"},{"taxonomy":"post_tag","embeddable":true,"href":"https:\/\/caracolvan.com\/fr\/wp-json\/wp\/v2\/tags?post=15695"}],"curies":[{"name":"wp","href":"https:\/\/api.w.org\/{rel}","templated":true}]}}