{"id":15721,"date":"2017-12-27T14:48:22","date_gmt":"2017-12-27T12:48:22","guid":{"rendered":"https:\/\/caracolvan.com\/2025\/03\/24\/cadix-plus-au-nord-en-train\/"},"modified":"2025-05-30T12:13:22","modified_gmt":"2025-05-30T10:13:22","slug":"cadix-plus-au-nord-en-train","status":"publish","type":"post","link":"https:\/\/caracolvan.com\/fr\/cadix-plus-au-nord-en-train\/","title":{"rendered":"Cadix, plus au nord, en train"},"content":{"rendered":"<h2><strong>Renfe rapproche Cadix du nord de l'Espagne<\/strong><\/h2>\n<p>&nbsp;<\/p>\n<p style=\"margin-bottom: 0cm; text-align: justify;\"><span lang=\"en\"><span style=\"font-weight: normal;\">Cet \u00e9t\u00e9, <strong>Renfe <\/strong>a rapproch\u00e9 nos <em><strong>camping-cars<\/strong><\/em> Caracolvan du nord de l'Espagne. Gr\u00e2ce aux nouveaux <strong>trains <\/strong><strong>directs <\/strong>Alvia reliant <strong>Santander et Gij\u00f3n \u00e0 Cadix.<\/strong> <\/span><\/span><\/p>\n<p>&nbsp;<\/p>\n<h2>Visiter le sud en camping-car avec Caracolvan<\/h2>\n<p>&nbsp;<\/p>\n<p style=\"margin-bottom: 0cm; text-align: justify;\"><span lang=\"en\"><span style=\"font-weight: normal;\">Si vous habitez sur la c\u00f4te cantabrique ou \u00e0 un point de passage de la voie ferr\u00e9e, vous pouvez d\u00e9sormais profiter de vos vacances avec un camping-car Caracolvan. <\/span><\/span><\/p>\n<p>&nbsp;<\/p>\n<p style=\"margin-bottom: 0cm; text-align: justify;\"><span lang=\"en\"><span style=\"font-weight: normal;\">Nous vous encourageons \u00e0 tenter l'exp\u00e9rience de voyager en camping-car le long de la <em><strong>c\u00f4te de Cadix<\/strong><\/em>. Pour cela, il vous suffit de prendre votre maillot de bain et de monter dans le train pour <em><strong>Cadix<\/strong><\/em>. <\/span><\/span><\/p>\n<p>&nbsp;<\/p>\n<p style=\"margin-bottom: 0cm; text-align: justify;\"><span lang=\"en\"><span style=\"font-weight: normal;\">A la gare de <em><strong>El Puerto de Santa Maria<\/strong><\/em>, nous vous attendrons avec votre <em><strong>camping-car Caracolvan<\/strong><\/em> et vous pourrez profiter des belles <strong>plages sauvages de Tarifa, Conil, El Palmar, Bolonia...<\/strong> <\/span><\/span><\/p>\n<p>&nbsp;<\/p>\n<p style=\"margin-bottom: 0cm; text-align: justify;\"><span lang=\"en\"><span style=\"font-weight: normal;\">N'h\u00e9sitez pas \u00e0 prendre votre billet de train, \u00e0 <em><strong>louer votre camping-car Caracolvan<\/strong><\/em> et \u00e0 partir vers le sud !<\/span><\/span><\/p>\n<p>&nbsp;<\/p>\n<p class=\"img_redondeada_y_sombreada\"><img decoding=\"async\" style=\"width: 550px; height: 309px;\" src=\"https:\/\/caracolvan.com\/wp-content\/uploads\/2017\/12\/alvia-santander-madrid-cadiz.jpg\" alt=\"\" \/><\/p>\n","protected":false},"excerpt":{"rendered":"<p>Renfe rapproche Cadix du nord de l'Espagne &nbsp; Cet \u00e9t\u00e9,  [...]<\/p>\n","protected":false},"author":4,"featured_media":2204,"comment_status":"closed","ping_status":"open","sticky":false,"template":"","format":"standard","meta":{"_joinchat":[],"footnotes":""},"categories":[37,3],"tags":[],"class_list":["post-15721","post","type-post","status-publish","format-standard","has-post-thumbnail","hentry","category-decouvrir-andalousie","category-non-classifiee"],"yoast_head":"<!-- This site is optimized with the Yoast SEO Premium plugin v27.2 (Yoast SEO v27.2) - https:\/\/yoast.com\/product\/yoast-seo-premium-wordpress\/ -->\n<title>Cadix plus proche du nord, en train - Blog Caracolvan<\/title>\n<meta name=\"description\" content=\"Renfe rapproche Cadix du nord gr\u00e2ce \u00e0 ses nouveaux trains Alvia. Venez dans le sud et visitez-le avec l&#039;un de nos camping-cars \u00e0 louer !\" \/>\n<meta name=\"robots\" content=\"index, follow, max-snippet:-1, max-image-preview:large, max-video-preview:-1\" \/>\n<link rel=\"canonical\" href=\"https:\/\/caracolvan.com\/fr\/cadix-plus-au-nord-en-train\/\" \/>\n<meta property=\"og:locale\" content=\"fr_FR\" \/>\n<meta property=\"og:type\" content=\"article\" \/>\n<meta property=\"og:title\" content=\"Cadix, plus au nord, en train\" \/>\n<meta property=\"og:description\" content=\"Renfe rapproche Cadix du nord gr\u00e2ce \u00e0 ses nouveaux trains Alvia. Venez dans le sud et visitez-le avec l&#039;un de nos camping-cars \u00e0 louer !\" \/>\n<meta property=\"og:url\" content=\"https:\/\/caracolvan.com\/fr\/cadix-plus-au-nord-en-train\/\" \/>\n<meta property=\"og:site_name\" content=\"Alquiler Camper Rental - Caracolvan\" \/>\n<meta property=\"article:publisher\" content=\"https:\/\/www.facebook.com\/Caracolvan\/\" \/>\n<meta property=\"article:published_time\" content=\"2017-12-27T12:48:22+00:00\" \/>\n<meta property=\"article:modified_time\" content=\"2025-05-30T10:13:22+00:00\" \/>\n<meta property=\"og:image\" content=\"https:\/\/caracolvan.com\/wp-content\/uploads\/2017\/12\/alvia-santander-madrid-cadiz.jpg\" \/>\n\t<meta property=\"og:image:width\" content=\"627\" \/>\n\t<meta property=\"og:image:height\" content=\"352\" \/>\n\t<meta property=\"og:image:type\" content=\"image\/jpeg\" \/>\n<meta name=\"author\" content=\"Nacho Fern\u00e1ndez del Blanco\" \/>\n<meta name=\"twitter:card\" content=\"summary_large_image\" \/>\n<meta name=\"twitter:creator\" content=\"@Caracolvan\" \/>\n<meta name=\"twitter:site\" content=\"@Caracolvan\" \/>\n<meta name=\"twitter:label1\" content=\"\u00c9crit par\" \/>\n\t<meta name=\"twitter:data1\" content=\"Nacho Fern\u00e1ndez del Blanco\" \/>\n\t<meta name=\"twitter:label2\" content=\"Dur\u00e9e de lecture estim\u00e9e\" \/>\n\t<meta name=\"twitter:data2\" content=\"2 minutes\" \/>\n<script type=\"application\/ld+json\" class=\"yoast-schema-graph\">{\"@context\":\"https:\/\/schema.org\",\"@graph\":[{\"@type\":\"Article\",\"@id\":\"https:\/\/caracolvan.com\/fr\/cadix-plus-au-nord-en-train\/#article\",\"isPartOf\":{\"@id\":\"https:\/\/caracolvan.com\/fr\/cadix-plus-au-nord-en-train\/\"},\"author\":{\"name\":\"Nacho Fern\u00e1ndez del Blanco\",\"@id\":\"https:\/\/caracolvan.com\/fr\/#\/schema\/person\/4082cf95fd1be29a0f617f570d486970\"},\"headline\":\"Cadix, plus au nord, en train\",\"datePublished\":\"2017-12-27T12:48:22+00:00\",\"dateModified\":\"2025-05-30T10:13:22+00:00\",\"mainEntityOfPage\":{\"@id\":\"https:\/\/caracolvan.com\/fr\/cadix-plus-au-nord-en-train\/\"},\"wordCount\":170,\"publisher\":{\"@id\":\"https:\/\/caracolvan.com\/fr\/#organization\"},\"image\":{\"@id\":\"https:\/\/caracolvan.com\/fr\/cadix-plus-au-nord-en-train\/#primaryimage\"},\"thumbnailUrl\":\"https:\/\/caracolvan.com\/wp-content\/uploads\/2017\/12\/alvia-santander-madrid-cadiz.jpg\",\"articleSection\":[\"D\u00e9couvrir Andalousie\",\"Non classifi\u00e9(e)\"],\"inLanguage\":\"fr-FR\"},{\"@type\":\"WebPage\",\"@id\":\"https:\/\/caracolvan.com\/fr\/cadix-plus-au-nord-en-train\/\",\"url\":\"https:\/\/caracolvan.com\/fr\/cadix-plus-au-nord-en-train\/\",\"name\":\"Cadix plus proche du nord, en train - Blog Caracolvan\",\"isPartOf\":{\"@id\":\"https:\/\/caracolvan.com\/fr\/#website\"},\"primaryImageOfPage\":{\"@id\":\"https:\/\/caracolvan.com\/fr\/cadix-plus-au-nord-en-train\/#primaryimage\"},\"image\":{\"@id\":\"https:\/\/caracolvan.com\/fr\/cadix-plus-au-nord-en-train\/#primaryimage\"},\"thumbnailUrl\":\"https:\/\/caracolvan.com\/wp-content\/uploads\/2017\/12\/alvia-santander-madrid-cadiz.jpg\",\"datePublished\":\"2017-12-27T12:48:22+00:00\",\"dateModified\":\"2025-05-30T10:13:22+00:00\",\"description\":\"Renfe rapproche Cadix du nord gr\u00e2ce \u00e0 ses nouveaux trains Alvia. Venez dans le sud et visitez-le avec l'un de nos camping-cars \u00e0 louer !\",\"breadcrumb\":{\"@id\":\"https:\/\/caracolvan.com\/fr\/cadix-plus-au-nord-en-train\/#breadcrumb\"},\"inLanguage\":\"fr-FR\",\"potentialAction\":[{\"@type\":\"ReadAction\",\"target\":[\"https:\/\/caracolvan.com\/fr\/cadix-plus-au-nord-en-train\/\"]}]},{\"@type\":\"ImageObject\",\"inLanguage\":\"fr-FR\",\"@id\":\"https:\/\/caracolvan.com\/fr\/cadix-plus-au-nord-en-train\/#primaryimage\",\"url\":\"https:\/\/caracolvan.com\/wp-content\/uploads\/2017\/12\/alvia-santander-madrid-cadiz.jpg\",\"contentUrl\":\"https:\/\/caracolvan.com\/wp-content\/uploads\/2017\/12\/alvia-santander-madrid-cadiz.jpg\",\"width\":627,\"height\":352,\"caption\":\"Cadix plus au nord, en train\"},{\"@type\":\"BreadcrumbList\",\"@id\":\"https:\/\/caracolvan.com\/fr\/cadix-plus-au-nord-en-train\/#breadcrumb\",\"itemListElement\":[{\"@type\":\"ListItem\",\"position\":1,\"name\":\"Portada\",\"item\":\"https:\/\/caracolvan.com\/fr\/\"},{\"@type\":\"ListItem\",\"position\":2,\"name\":\"Cadix, plus au nord, en train\"}]},{\"@type\":\"WebSite\",\"@id\":\"https:\/\/caracolvan.com\/fr\/#website\",\"url\":\"https:\/\/caracolvan.com\/fr\/\",\"name\":\"Alquiler Camper Rental - Caracolvan\",\"description\":\"Alquiler de furgonetas camper y autocaravanas\",\"publisher\":{\"@id\":\"https:\/\/caracolvan.com\/fr\/#organization\"},\"potentialAction\":[{\"@type\":\"SearchAction\",\"target\":{\"@type\":\"EntryPoint\",\"urlTemplate\":\"https:\/\/caracolvan.com\/fr\/?s={search_term_string}\"},\"query-input\":{\"@type\":\"PropertyValueSpecification\",\"valueRequired\":true,\"valueName\":\"search_term_string\"}}],\"inLanguage\":\"fr-FR\"},{\"@type\":\"Organization\",\"@id\":\"https:\/\/caracolvan.com\/fr\/#organization\",\"name\":\"Caracolvan\",\"url\":\"https:\/\/caracolvan.com\/fr\/\",\"logo\":{\"@type\":\"ImageObject\",\"inLanguage\":\"fr-FR\",\"@id\":\"https:\/\/caracolvan.com\/fr\/#\/schema\/logo\/image\/\",\"url\":\"https:\/\/caracolvan.com\/wp-content\/uploads\/2023\/08\/caracolvan-logotipo.jpg\",\"contentUrl\":\"https:\/\/caracolvan.com\/wp-content\/uploads\/2023\/08\/caracolvan-logotipo.jpg\",\"width\":696,\"height\":696,\"caption\":\"Caracolvan\"},\"image\":{\"@id\":\"https:\/\/caracolvan.com\/fr\/#\/schema\/logo\/image\/\"},\"sameAs\":[\"https:\/\/www.facebook.com\/Caracolvan\/\",\"https:\/\/x.com\/Caracolvan\"]},{\"@type\":\"Person\",\"@id\":\"https:\/\/caracolvan.com\/fr\/#\/schema\/person\/4082cf95fd1be29a0f617f570d486970\",\"name\":\"Nacho Fern\u00e1ndez del Blanco\",\"image\":{\"@type\":\"ImageObject\",\"inLanguage\":\"fr-FR\",\"@id\":\"https:\/\/secure.gravatar.com\/avatar\/5f8fedd8535cdaa35a42bf0efb2be3e81fcaa7f2be2f6f0c41a988485f85d39d?s=96&d=mm&r=g\",\"url\":\"https:\/\/secure.gravatar.com\/avatar\/5f8fedd8535cdaa35a42bf0efb2be3e81fcaa7f2be2f6f0c41a988485f85d39d?s=96&d=mm&r=g\",\"contentUrl\":\"https:\/\/secure.gravatar.com\/avatar\/5f8fedd8535cdaa35a42bf0efb2be3e81fcaa7f2be2f6f0c41a988485f85d39d?s=96&d=mm&r=g\",\"caption\":\"Nacho Fern\u00e1ndez del Blanco\"},\"url\":\"https:\/\/caracolvan.com\/fr\/author\/nacho\/\"}]}<\/script>\n<!-- \/ Yoast SEO Premium plugin. -->","yoast_head_json":{"title":"Cadix plus proche du nord, en train - Blog Caracolvan","description":"Renfe rapproche Cadix du nord gr\u00e2ce \u00e0 ses nouveaux trains Alvia. Venez dans le sud et visitez-le avec l'un de nos camping-cars \u00e0 louer !","robots":{"index":"index","follow":"follow","max-snippet":"max-snippet:-1","max-image-preview":"max-image-preview:large","max-video-preview":"max-video-preview:-1"},"canonical":"https:\/\/caracolvan.com\/fr\/cadix-plus-au-nord-en-train\/","og_locale":"fr_FR","og_type":"article","og_title":"Cadix, plus au nord, en train","og_description":"Renfe rapproche Cadix du nord gr\u00e2ce \u00e0 ses nouveaux trains Alvia. Venez dans le sud et visitez-le avec l'un de nos camping-cars \u00e0 louer !","og_url":"https:\/\/caracolvan.com\/fr\/cadix-plus-au-nord-en-train\/","og_site_name":"Alquiler Camper Rental - Caracolvan","article_publisher":"https:\/\/www.facebook.com\/Caracolvan\/","article_published_time":"2017-12-27T12:48:22+00:00","article_modified_time":"2025-05-30T10:13:22+00:00","og_image":[{"width":627,"height":352,"url":"https:\/\/caracolvan.com\/wp-content\/uploads\/2017\/12\/alvia-santander-madrid-cadiz.jpg","type":"image\/jpeg"}],"author":"Nacho Fern\u00e1ndez del Blanco","twitter_card":"summary_large_image","twitter_creator":"@Caracolvan","twitter_site":"@Caracolvan","twitter_misc":{"\u00c9crit par":"Nacho Fern\u00e1ndez del Blanco","Dur\u00e9e de lecture estim\u00e9e":"2 minutes"},"schema":{"@context":"https:\/\/schema.org","@graph":[{"@type":"Article","@id":"https:\/\/caracolvan.com\/fr\/cadix-plus-au-nord-en-train\/#article","isPartOf":{"@id":"https:\/\/caracolvan.com\/fr\/cadix-plus-au-nord-en-train\/"},"author":{"name":"Nacho Fern\u00e1ndez del Blanco","@id":"https:\/\/caracolvan.com\/fr\/#\/schema\/person\/4082cf95fd1be29a0f617f570d486970"},"headline":"Cadix, plus au nord, en train","datePublished":"2017-12-27T12:48:22+00:00","dateModified":"2025-05-30T10:13:22+00:00","mainEntityOfPage":{"@id":"https:\/\/caracolvan.com\/fr\/cadix-plus-au-nord-en-train\/"},"wordCount":170,"publisher":{"@id":"https:\/\/caracolvan.com\/fr\/#organization"},"image":{"@id":"https:\/\/caracolvan.com\/fr\/cadix-plus-au-nord-en-train\/#primaryimage"},"thumbnailUrl":"https:\/\/caracolvan.com\/wp-content\/uploads\/2017\/12\/alvia-santander-madrid-cadiz.jpg","articleSection":["D\u00e9couvrir Andalousie","Non classifi\u00e9(e)"],"inLanguage":"fr-FR"},{"@type":"WebPage","@id":"https:\/\/caracolvan.com\/fr\/cadix-plus-au-nord-en-train\/","url":"https:\/\/caracolvan.com\/fr\/cadix-plus-au-nord-en-train\/","name":"Cadix plus proche du nord, en train - Blog Caracolvan","isPartOf":{"@id":"https:\/\/caracolvan.com\/fr\/#website"},"primaryImageOfPage":{"@id":"https:\/\/caracolvan.com\/fr\/cadix-plus-au-nord-en-train\/#primaryimage"},"image":{"@id":"https:\/\/caracolvan.com\/fr\/cadix-plus-au-nord-en-train\/#primaryimage"},"thumbnailUrl":"https:\/\/caracolvan.com\/wp-content\/uploads\/2017\/12\/alvia-santander-madrid-cadiz.jpg","datePublished":"2017-12-27T12:48:22+00:00","dateModified":"2025-05-30T10:13:22+00:00","description":"Renfe rapproche Cadix du nord gr\u00e2ce \u00e0 ses nouveaux trains Alvia. Venez dans le sud et visitez-le avec l'un de nos camping-cars \u00e0 louer !","breadcrumb":{"@id":"https:\/\/caracolvan.com\/fr\/cadix-plus-au-nord-en-train\/#breadcrumb"},"inLanguage":"fr-FR","potentialAction":[{"@type":"ReadAction","target":["https:\/\/caracolvan.com\/fr\/cadix-plus-au-nord-en-train\/"]}]},{"@type":"ImageObject","inLanguage":"fr-FR","@id":"https:\/\/caracolvan.com\/fr\/cadix-plus-au-nord-en-train\/#primaryimage","url":"https:\/\/caracolvan.com\/wp-content\/uploads\/2017\/12\/alvia-santander-madrid-cadiz.jpg","contentUrl":"https:\/\/caracolvan.com\/wp-content\/uploads\/2017\/12\/alvia-santander-madrid-cadiz.jpg","width":627,"height":352,"caption":"Cadix plus au nord, en train"},{"@type":"BreadcrumbList","@id":"https:\/\/caracolvan.com\/fr\/cadix-plus-au-nord-en-train\/#breadcrumb","itemListElement":[{"@type":"ListItem","position":1,"name":"Portada","item":"https:\/\/caracolvan.com\/fr\/"},{"@type":"ListItem","position":2,"name":"Cadix, plus au nord, en train"}]},{"@type":"WebSite","@id":"https:\/\/caracolvan.com\/fr\/#website","url":"https:\/\/caracolvan.com\/fr\/","name":"Alquiler Camper Rental - Caracolvan","description":"Alquiler de furgonetas camper y autocaravanas","publisher":{"@id":"https:\/\/caracolvan.com\/fr\/#organization"},"potentialAction":[{"@type":"SearchAction","target":{"@type":"EntryPoint","urlTemplate":"https:\/\/caracolvan.com\/fr\/?s={search_term_string}"},"query-input":{"@type":"PropertyValueSpecification","valueRequired":true,"valueName":"search_term_string"}}],"inLanguage":"fr-FR"},{"@type":"Organization","@id":"https:\/\/caracolvan.com\/fr\/#organization","name":"Caracolvan","url":"https:\/\/caracolvan.com\/fr\/","logo":{"@type":"ImageObject","inLanguage":"fr-FR","@id":"https:\/\/caracolvan.com\/fr\/#\/schema\/logo\/image\/","url":"https:\/\/caracolvan.com\/wp-content\/uploads\/2023\/08\/caracolvan-logotipo.jpg","contentUrl":"https:\/\/caracolvan.com\/wp-content\/uploads\/2023\/08\/caracolvan-logotipo.jpg","width":696,"height":696,"caption":"Caracolvan"},"image":{"@id":"https:\/\/caracolvan.com\/fr\/#\/schema\/logo\/image\/"},"sameAs":["https:\/\/www.facebook.com\/Caracolvan\/","https:\/\/x.com\/Caracolvan"]},{"@type":"Person","@id":"https:\/\/caracolvan.com\/fr\/#\/schema\/person\/4082cf95fd1be29a0f617f570d486970","name":"Nacho Fern\u00e1ndez del Blanco","image":{"@type":"ImageObject","inLanguage":"fr-FR","@id":"https:\/\/secure.gravatar.com\/avatar\/5f8fedd8535cdaa35a42bf0efb2be3e81fcaa7f2be2f6f0c41a988485f85d39d?s=96&d=mm&r=g","url":"https:\/\/secure.gravatar.com\/avatar\/5f8fedd8535cdaa35a42bf0efb2be3e81fcaa7f2be2f6f0c41a988485f85d39d?s=96&d=mm&r=g","contentUrl":"https:\/\/secure.gravatar.com\/avatar\/5f8fedd8535cdaa35a42bf0efb2be3e81fcaa7f2be2f6f0c41a988485f85d39d?s=96&d=mm&r=g","caption":"Nacho Fern\u00e1ndez del Blanco"},"url":"https:\/\/caracolvan.com\/fr\/author\/nacho\/"}]}},"_links":{"self":[{"href":"https:\/\/caracolvan.com\/fr\/wp-json\/wp\/v2\/posts\/15721","targetHints":{"allow":["GET"]}}],"collection":[{"href":"https:\/\/caracolvan.com\/fr\/wp-json\/wp\/v2\/posts"}],"about":[{"href":"https:\/\/caracolvan.com\/fr\/wp-json\/wp\/v2\/types\/post"}],"author":[{"embeddable":true,"href":"https:\/\/caracolvan.com\/fr\/wp-json\/wp\/v2\/users\/4"}],"replies":[{"embeddable":true,"href":"https:\/\/caracolvan.com\/fr\/wp-json\/wp\/v2\/comments?post=15721"}],"version-history":[{"count":1,"href":"https:\/\/caracolvan.com\/fr\/wp-json\/wp\/v2\/posts\/15721\/revisions"}],"predecessor-version":[{"id":15763,"href":"https:\/\/caracolvan.com\/fr\/wp-json\/wp\/v2\/posts\/15721\/revisions\/15763"}],"wp:featuredmedia":[{"embeddable":true,"href":"https:\/\/caracolvan.com\/fr\/wp-json\/wp\/v2\/media\/2204"}],"wp:attachment":[{"href":"https:\/\/caracolvan.com\/fr\/wp-json\/wp\/v2\/media?parent=15721"}],"wp:term":[{"taxonomy":"category","embeddable":true,"href":"https:\/\/caracolvan.com\/fr\/wp-json\/wp\/v2\/categories?post=15721"},{"taxonomy":"post_tag","embeddable":true,"href":"https:\/\/caracolvan.com\/fr\/wp-json\/wp\/v2\/tags?post=15721"}],"curies":[{"name":"wp","href":"https:\/\/api.w.org\/{rel}","templated":true}]}}