{"id":3314,"date":"2017-12-27T23:55:36","date_gmt":"2017-12-27T23:55:36","guid":{"rendered":"https:\/\/www.caracolvan.com\/2017\/12\/27\/50-000-unites-du-vw-california-t5\/"},"modified":"2023-09-27T11:15:11","modified_gmt":"2023-09-27T09:15:11","slug":"50-000-unites-du-vw-california-t5","status":"publish","type":"post","link":"https:\/\/caracolvan.com\/fr\/50-000-unites-du-vw-california-t5\/","title":{"rendered":"50 000 unit\u00e9s du Vw California T5"},"content":{"rendered":"<p>&nbsp;<\/p>\n<p style=\"text-align: justify;\">Au cours de cette 2014, a bris\u00e9 le record de production de <strong>camping-cars Vw California<\/strong> atteignant pas moins de 50.000 unit\u00e9s de VW T5 California.<\/p>\n<p class=\"img_redondeada_y_sombreada\"><span lang=\"es\"><span style=\"font-weight: normal;\"><span lang=\"es\"><span style=\"font-weight: normal;\"><span lang=\"es\"><span style=\"font-weight: normal;\"><span lang=\"es\"><span style=\"font-weight: normal;\"><img decoding=\"async\" id=\"Vw T5 California de alquiler\" style=\"width: 533px; height: 355px;\" title=\"50000 unidades de Vw T5 California \" src=\"https:\/\/caracolvan.com\/wp-content\/uploads\/2017\/12\/volkswagen-unidad-50-000-vw-california-533x.jpg\" alt=\"50000 unidades de Vw T5 California \" \/><\/span><\/span><\/span><\/span><\/span><\/span><\/span><\/span><\/p>\n<div style=\"text-align: justify;\"><strong>Vw T5 Californie<\/strong> a commenc\u00e9 \u00e0 se produire en 2004, \u00e0 l'\u00e9tage principal de Hanovre St\u00f6cken, le partage de la production de son corps avec ses fr\u00e8res vont, Volkwagen Transporter, Caravelle et Multivan. Apr\u00e8s le montage du corps, il fait son premier voyage par camion aux installations de production de v\u00e9hicules Volkswagen V\u00e9hicules Utilitaires sp\u00e9ciaux dans le quartier Limmer \u00e0 Hanovre.<\/div>\n<div style=\"text-align: justify;\"><\/div>\n<div style=\"text-align: justify;\">Il est ajout\u00e9 un toit l\u00e9ger en aluminium de pop-up, aussi des armoires en aluminium, un compresseur de r\u00e9frig\u00e9rateur, une cuisine et un lit confortable. Transporter et Multivan l\u00e0, les plages pour des usages sp\u00e9cifiques, tels que les v\u00e9hicules de police, des postes et des douanes, sont \u00e9galement \u00e9quip\u00e9s en plus de taxis, v\u00e9hicules pour handicap\u00e9s, le Multivan affaires et surtout la <strong>VW T5 Californie<\/strong>. <span style=\"font-weight: normal;\">\u00a0\u00a0\u00a0 <\/span><\/div>\n<div><\/div>\n<div><\/div>\n<p class=\"img_redondeada_y_sombreada\"><span lang=\"es\"><span style=\"font-weight: normal;\"><span lang=\"es\"><span style=\"font-weight: normal;\"><span lang=\"es\"><span style=\"font-weight: normal;\"><span lang=\"es\"><span style=\"font-weight: normal;\"><img decoding=\"async\" id=\"alquila una Vw California\" style=\"width: 533px; height: 426px;\" title=\"Vw T5 California techo elevable\" src=\"https:\/\/caracolvan.com\/wp-content\/uploads\/2017\/12\/volkswagen-50-000-vw-california-techo-533xr.jpg\" alt=\"Vw T5 California techo elevable\" \/><\/span><\/span><\/span><\/span><\/span><\/span><\/span><\/span><\/p>\n<p class=\"img_redondeada_y_sombreada\"><em><span lang=\"es\"><span style=\"font-weight: normal;\"><span lang=\"es\"><span style=\"font-weight: normal;\"><span lang=\"es\"><span style=\"font-weight: normal;\"><span lang=\"es\"><span style=\"font-weight: normal;\"><img decoding=\"async\" id=\"alquila una Vw California\" style=\"width: 533px; height: 355px;\" title=\"montaje interior Vw California\" src=\"https:\/\/caracolvan.com\/wp-content\/uploads\/2017\/12\/volkswagen-50-000-vw-california-2-533x.jpg\" alt=\"Vw T5 California de alquiler\" \/><\/span><\/span><\/span><\/span><\/span><\/span><\/span><\/span><\/em><\/p>\n<p class=\"img_redondeada_y_sombreada\"><em><span lang=\"es\"><span style=\"font-weight: normal;\"><span lang=\"es\"><span style=\"font-weight: normal;\"><span lang=\"es\"><span style=\"font-weight: normal;\"><span lang=\"es\"><span style=\"font-weight: normal;\"><img decoding=\"async\" id=\"alquila una Vw California\" style=\"width: 533px; height: 355px;\" title=\"Vw T3 y T5 California de alquiler\" src=\"https:\/\/caracolvan.com\/wp-content\/uploads\/2017\/12\/vwt5-vwt4-vwt3-california-533x.jpg\" alt=\"Vw T3 y T5 California de alquiler\" \/><\/span><\/span><\/span><\/span><\/span><\/span><\/span><\/span><\/em><\/p>\n<div style=\"text-align: justify;\">Construit \u00e0 partir de la base du Transporter Vw et li\u00e9 \u00e0 un esprit de libert\u00e9 et d'aventure, l'introduction de loisirs et de la mobilit\u00e9 notion la plus moderne. 26 ans plus tard, et de devenir l'un des mod\u00e8les les plus embl\u00e9matiques de la marque, Vw California reste le v\u00e9hicule le plus de succ\u00e8s dans ses loisirs de segment.<\/div>\n<div style=\"text-align: justify;\"><\/div>\n<div style=\"text-align: justify;\">Nous avons d\u00e9j\u00e0 un T6, vous ne voulez savoir?<strong><a href=\"https:\/\/caracolvan.com\/fr\/volkswagen-t6-california\/\"> vw T6<\/a><\/strong><\/div>\n<p>&nbsp;<\/p>\n","protected":false},"excerpt":{"rendered":"<p>&nbsp; Au cours de cette 2014, a bris\u00e9 le record  [...]<\/p>\n","protected":false},"author":4,"featured_media":3315,"comment_status":"closed","ping_status":"open","sticky":false,"template":"","format":"standard","meta":{"_joinchat":[],"footnotes":""},"categories":[39],"tags":[],"class_list":["post-3314","post","type-post","status-publish","format-standard","has-post-thumbnail","hentry","category-nouveautes-caracolvan"],"yoast_head":"<!-- This site is optimized with the Yoast SEO Premium plugin v27.2 (Yoast SEO v27.2) - https:\/\/yoast.com\/product\/yoast-seo-premium-wordpress\/ -->\n<title>50 000 unit\u00e9s du Vw California T5 - Le blog de Caracolvan<\/title>\n<meta name=\"description\" content=\"Au cours de cette 2014, a bris\u00e9 le record de production de camping-cars Vw California atteignant pas moins de 50.000 unit\u00e9s de VW T5 California.\" \/>\n<meta name=\"robots\" content=\"index, follow, max-snippet:-1, max-image-preview:large, max-video-preview:-1\" \/>\n<link rel=\"canonical\" href=\"https:\/\/caracolvan.com\/fr\/50-000-unites-du-vw-california-t5\/\" \/>\n<meta property=\"og:locale\" content=\"fr_FR\" \/>\n<meta property=\"og:type\" content=\"article\" \/>\n<meta property=\"og:title\" content=\"50 000 unit\u00e9s du Vw California T5\" \/>\n<meta property=\"og:description\" content=\"Au cours de cette 2014, a bris\u00e9 le record de production de camping-cars Vw California atteignant pas moins de 50.000 unit\u00e9s de VW T5 California.\" \/>\n<meta property=\"og:url\" content=\"https:\/\/caracolvan.com\/fr\/50-000-unites-du-vw-california-t5\/\" \/>\n<meta property=\"og:site_name\" content=\"Alquiler Camper Rental - Caracolvan\" \/>\n<meta property=\"article:publisher\" content=\"https:\/\/www.facebook.com\/Caracolvan\/\" \/>\n<meta property=\"article:published_time\" content=\"2017-12-27T23:55:36+00:00\" \/>\n<meta property=\"article:modified_time\" content=\"2023-09-27T09:15:11+00:00\" \/>\n<meta property=\"og:image\" content=\"https:\/\/caracolvan.com\/wp-content\/uploads\/2017\/12\/volkswagen-unidad-50-000-vw-california-533x-2.jpg\" \/>\n\t<meta property=\"og:image:width\" content=\"533\" \/>\n\t<meta property=\"og:image:height\" content=\"355\" \/>\n\t<meta property=\"og:image:type\" content=\"image\/jpeg\" \/>\n<meta name=\"author\" content=\"Nacho Fern\u00e1ndez del Blanco\" \/>\n<meta name=\"twitter:card\" content=\"summary_large_image\" \/>\n<meta name=\"twitter:creator\" content=\"@Caracolvan\" \/>\n<meta name=\"twitter:site\" content=\"@Caracolvan\" \/>\n<meta name=\"twitter:label1\" content=\"\u00c9crit par\" \/>\n\t<meta name=\"twitter:data1\" content=\"Nacho Fern\u00e1ndez del Blanco\" \/>\n\t<meta name=\"twitter:label2\" content=\"Dur\u00e9e de lecture estim\u00e9e\" \/>\n\t<meta name=\"twitter:data2\" content=\"2 minutes\" \/>\n<script type=\"application\/ld+json\" class=\"yoast-schema-graph\">{\"@context\":\"https:\/\/schema.org\",\"@graph\":[{\"@type\":\"Article\",\"@id\":\"https:\/\/caracolvan.com\/fr\/50-000-unites-du-vw-california-t5\/#article\",\"isPartOf\":{\"@id\":\"https:\/\/caracolvan.com\/fr\/50-000-unites-du-vw-california-t5\/\"},\"author\":{\"name\":\"Nacho Fern\u00e1ndez del Blanco\",\"@id\":\"https:\/\/caracolvan.com\/fr\/#\/schema\/person\/4082cf95fd1be29a0f617f570d486970\"},\"headline\":\"50 000 unit\u00e9s du Vw California T5\",\"datePublished\":\"2017-12-27T23:55:36+00:00\",\"dateModified\":\"2023-09-27T09:15:11+00:00\",\"mainEntityOfPage\":{\"@id\":\"https:\/\/caracolvan.com\/fr\/50-000-unites-du-vw-california-t5\/\"},\"wordCount\":244,\"publisher\":{\"@id\":\"https:\/\/caracolvan.com\/fr\/#organization\"},\"image\":{\"@id\":\"https:\/\/caracolvan.com\/fr\/50-000-unites-du-vw-california-t5\/#primaryimage\"},\"thumbnailUrl\":\"https:\/\/caracolvan.com\/wp-content\/uploads\/2017\/12\/volkswagen-unidad-50-000-vw-california-533x-2.jpg\",\"articleSection\":[\"Nouveaut\u00e9s Caracolvan\"],\"inLanguage\":\"fr-FR\"},{\"@type\":\"WebPage\",\"@id\":\"https:\/\/caracolvan.com\/fr\/50-000-unites-du-vw-california-t5\/\",\"url\":\"https:\/\/caracolvan.com\/fr\/50-000-unites-du-vw-california-t5\/\",\"name\":\"50 000 unit\u00e9s du Vw California T5 - Le blog de Caracolvan\",\"isPartOf\":{\"@id\":\"https:\/\/caracolvan.com\/fr\/#website\"},\"primaryImageOfPage\":{\"@id\":\"https:\/\/caracolvan.com\/fr\/50-000-unites-du-vw-california-t5\/#primaryimage\"},\"image\":{\"@id\":\"https:\/\/caracolvan.com\/fr\/50-000-unites-du-vw-california-t5\/#primaryimage\"},\"thumbnailUrl\":\"https:\/\/caracolvan.com\/wp-content\/uploads\/2017\/12\/volkswagen-unidad-50-000-vw-california-533x-2.jpg\",\"datePublished\":\"2017-12-27T23:55:36+00:00\",\"dateModified\":\"2023-09-27T09:15:11+00:00\",\"description\":\"Au cours de cette 2014, a bris\u00e9 le record de production de camping-cars Vw California atteignant pas moins de 50.000 unit\u00e9s de VW T5 California.\",\"breadcrumb\":{\"@id\":\"https:\/\/caracolvan.com\/fr\/50-000-unites-du-vw-california-t5\/#breadcrumb\"},\"inLanguage\":\"fr-FR\",\"potentialAction\":[{\"@type\":\"ReadAction\",\"target\":[\"https:\/\/caracolvan.com\/fr\/50-000-unites-du-vw-california-t5\/\"]}]},{\"@type\":\"ImageObject\",\"inLanguage\":\"fr-FR\",\"@id\":\"https:\/\/caracolvan.com\/fr\/50-000-unites-du-vw-california-t5\/#primaryimage\",\"url\":\"https:\/\/caracolvan.com\/wp-content\/uploads\/2017\/12\/volkswagen-unidad-50-000-vw-california-533x-2.jpg\",\"contentUrl\":\"https:\/\/caracolvan.com\/wp-content\/uploads\/2017\/12\/volkswagen-unidad-50-000-vw-california-533x-2.jpg\",\"width\":533,\"height\":355,\"caption\":\"50 000 unit\u00e9s de Vw T5 Californie\"},{\"@type\":\"BreadcrumbList\",\"@id\":\"https:\/\/caracolvan.com\/fr\/50-000-unites-du-vw-california-t5\/#breadcrumb\",\"itemListElement\":[{\"@type\":\"ListItem\",\"position\":1,\"name\":\"Portada\",\"item\":\"https:\/\/caracolvan.com\/fr\/\"},{\"@type\":\"ListItem\",\"position\":2,\"name\":\"50 000 unit\u00e9s du Vw California T5\"}]},{\"@type\":\"WebSite\",\"@id\":\"https:\/\/caracolvan.com\/fr\/#website\",\"url\":\"https:\/\/caracolvan.com\/fr\/\",\"name\":\"Alquiler Camper Rental - Caracolvan\",\"description\":\"Alquiler de furgonetas camper y autocaravanas\",\"publisher\":{\"@id\":\"https:\/\/caracolvan.com\/fr\/#organization\"},\"potentialAction\":[{\"@type\":\"SearchAction\",\"target\":{\"@type\":\"EntryPoint\",\"urlTemplate\":\"https:\/\/caracolvan.com\/fr\/?s={search_term_string}\"},\"query-input\":{\"@type\":\"PropertyValueSpecification\",\"valueRequired\":true,\"valueName\":\"search_term_string\"}}],\"inLanguage\":\"fr-FR\"},{\"@type\":\"Organization\",\"@id\":\"https:\/\/caracolvan.com\/fr\/#organization\",\"name\":\"Caracolvan\",\"url\":\"https:\/\/caracolvan.com\/fr\/\",\"logo\":{\"@type\":\"ImageObject\",\"inLanguage\":\"fr-FR\",\"@id\":\"https:\/\/caracolvan.com\/fr\/#\/schema\/logo\/image\/\",\"url\":\"https:\/\/caracolvan.com\/wp-content\/uploads\/2023\/08\/caracolvan-logotipo.jpg\",\"contentUrl\":\"https:\/\/caracolvan.com\/wp-content\/uploads\/2023\/08\/caracolvan-logotipo.jpg\",\"width\":696,\"height\":696,\"caption\":\"Caracolvan\"},\"image\":{\"@id\":\"https:\/\/caracolvan.com\/fr\/#\/schema\/logo\/image\/\"},\"sameAs\":[\"https:\/\/www.facebook.com\/Caracolvan\/\",\"https:\/\/x.com\/Caracolvan\"]},{\"@type\":\"Person\",\"@id\":\"https:\/\/caracolvan.com\/fr\/#\/schema\/person\/4082cf95fd1be29a0f617f570d486970\",\"name\":\"Nacho Fern\u00e1ndez del Blanco\",\"image\":{\"@type\":\"ImageObject\",\"inLanguage\":\"fr-FR\",\"@id\":\"https:\/\/secure.gravatar.com\/avatar\/5f8fedd8535cdaa35a42bf0efb2be3e81fcaa7f2be2f6f0c41a988485f85d39d?s=96&d=mm&r=g\",\"url\":\"https:\/\/secure.gravatar.com\/avatar\/5f8fedd8535cdaa35a42bf0efb2be3e81fcaa7f2be2f6f0c41a988485f85d39d?s=96&d=mm&r=g\",\"contentUrl\":\"https:\/\/secure.gravatar.com\/avatar\/5f8fedd8535cdaa35a42bf0efb2be3e81fcaa7f2be2f6f0c41a988485f85d39d?s=96&d=mm&r=g\",\"caption\":\"Nacho Fern\u00e1ndez del Blanco\"},\"url\":\"https:\/\/caracolvan.com\/fr\/author\/nacho\/\"}]}<\/script>\n<!-- \/ Yoast SEO Premium plugin. -->","yoast_head_json":{"title":"50 000 unit\u00e9s du Vw California T5 - Le blog de Caracolvan","description":"Au cours de cette 2014, a bris\u00e9 le record de production de camping-cars Vw California atteignant pas moins de 50.000 unit\u00e9s de VW T5 California.","robots":{"index":"index","follow":"follow","max-snippet":"max-snippet:-1","max-image-preview":"max-image-preview:large","max-video-preview":"max-video-preview:-1"},"canonical":"https:\/\/caracolvan.com\/fr\/50-000-unites-du-vw-california-t5\/","og_locale":"fr_FR","og_type":"article","og_title":"50 000 unit\u00e9s du Vw California T5","og_description":"Au cours de cette 2014, a bris\u00e9 le record de production de camping-cars Vw California atteignant pas moins de 50.000 unit\u00e9s de VW T5 California.","og_url":"https:\/\/caracolvan.com\/fr\/50-000-unites-du-vw-california-t5\/","og_site_name":"Alquiler Camper Rental - Caracolvan","article_publisher":"https:\/\/www.facebook.com\/Caracolvan\/","article_published_time":"2017-12-27T23:55:36+00:00","article_modified_time":"2023-09-27T09:15:11+00:00","og_image":[{"width":533,"height":355,"url":"https:\/\/caracolvan.com\/wp-content\/uploads\/2017\/12\/volkswagen-unidad-50-000-vw-california-533x-2.jpg","type":"image\/jpeg"}],"author":"Nacho Fern\u00e1ndez del Blanco","twitter_card":"summary_large_image","twitter_creator":"@Caracolvan","twitter_site":"@Caracolvan","twitter_misc":{"\u00c9crit par":"Nacho Fern\u00e1ndez del Blanco","Dur\u00e9e de lecture estim\u00e9e":"2 minutes"},"schema":{"@context":"https:\/\/schema.org","@graph":[{"@type":"Article","@id":"https:\/\/caracolvan.com\/fr\/50-000-unites-du-vw-california-t5\/#article","isPartOf":{"@id":"https:\/\/caracolvan.com\/fr\/50-000-unites-du-vw-california-t5\/"},"author":{"name":"Nacho Fern\u00e1ndez del Blanco","@id":"https:\/\/caracolvan.com\/fr\/#\/schema\/person\/4082cf95fd1be29a0f617f570d486970"},"headline":"50 000 unit\u00e9s du Vw California T5","datePublished":"2017-12-27T23:55:36+00:00","dateModified":"2023-09-27T09:15:11+00:00","mainEntityOfPage":{"@id":"https:\/\/caracolvan.com\/fr\/50-000-unites-du-vw-california-t5\/"},"wordCount":244,"publisher":{"@id":"https:\/\/caracolvan.com\/fr\/#organization"},"image":{"@id":"https:\/\/caracolvan.com\/fr\/50-000-unites-du-vw-california-t5\/#primaryimage"},"thumbnailUrl":"https:\/\/caracolvan.com\/wp-content\/uploads\/2017\/12\/volkswagen-unidad-50-000-vw-california-533x-2.jpg","articleSection":["Nouveaut\u00e9s Caracolvan"],"inLanguage":"fr-FR"},{"@type":"WebPage","@id":"https:\/\/caracolvan.com\/fr\/50-000-unites-du-vw-california-t5\/","url":"https:\/\/caracolvan.com\/fr\/50-000-unites-du-vw-california-t5\/","name":"50 000 unit\u00e9s du Vw California T5 - Le blog de Caracolvan","isPartOf":{"@id":"https:\/\/caracolvan.com\/fr\/#website"},"primaryImageOfPage":{"@id":"https:\/\/caracolvan.com\/fr\/50-000-unites-du-vw-california-t5\/#primaryimage"},"image":{"@id":"https:\/\/caracolvan.com\/fr\/50-000-unites-du-vw-california-t5\/#primaryimage"},"thumbnailUrl":"https:\/\/caracolvan.com\/wp-content\/uploads\/2017\/12\/volkswagen-unidad-50-000-vw-california-533x-2.jpg","datePublished":"2017-12-27T23:55:36+00:00","dateModified":"2023-09-27T09:15:11+00:00","description":"Au cours de cette 2014, a bris\u00e9 le record de production de camping-cars Vw California atteignant pas moins de 50.000 unit\u00e9s de VW T5 California.","breadcrumb":{"@id":"https:\/\/caracolvan.com\/fr\/50-000-unites-du-vw-california-t5\/#breadcrumb"},"inLanguage":"fr-FR","potentialAction":[{"@type":"ReadAction","target":["https:\/\/caracolvan.com\/fr\/50-000-unites-du-vw-california-t5\/"]}]},{"@type":"ImageObject","inLanguage":"fr-FR","@id":"https:\/\/caracolvan.com\/fr\/50-000-unites-du-vw-california-t5\/#primaryimage","url":"https:\/\/caracolvan.com\/wp-content\/uploads\/2017\/12\/volkswagen-unidad-50-000-vw-california-533x-2.jpg","contentUrl":"https:\/\/caracolvan.com\/wp-content\/uploads\/2017\/12\/volkswagen-unidad-50-000-vw-california-533x-2.jpg","width":533,"height":355,"caption":"50 000 unit\u00e9s de Vw T5 Californie"},{"@type":"BreadcrumbList","@id":"https:\/\/caracolvan.com\/fr\/50-000-unites-du-vw-california-t5\/#breadcrumb","itemListElement":[{"@type":"ListItem","position":1,"name":"Portada","item":"https:\/\/caracolvan.com\/fr\/"},{"@type":"ListItem","position":2,"name":"50 000 unit\u00e9s du Vw California T5"}]},{"@type":"WebSite","@id":"https:\/\/caracolvan.com\/fr\/#website","url":"https:\/\/caracolvan.com\/fr\/","name":"Alquiler Camper Rental - Caracolvan","description":"Alquiler de furgonetas camper y autocaravanas","publisher":{"@id":"https:\/\/caracolvan.com\/fr\/#organization"},"potentialAction":[{"@type":"SearchAction","target":{"@type":"EntryPoint","urlTemplate":"https:\/\/caracolvan.com\/fr\/?s={search_term_string}"},"query-input":{"@type":"PropertyValueSpecification","valueRequired":true,"valueName":"search_term_string"}}],"inLanguage":"fr-FR"},{"@type":"Organization","@id":"https:\/\/caracolvan.com\/fr\/#organization","name":"Caracolvan","url":"https:\/\/caracolvan.com\/fr\/","logo":{"@type":"ImageObject","inLanguage":"fr-FR","@id":"https:\/\/caracolvan.com\/fr\/#\/schema\/logo\/image\/","url":"https:\/\/caracolvan.com\/wp-content\/uploads\/2023\/08\/caracolvan-logotipo.jpg","contentUrl":"https:\/\/caracolvan.com\/wp-content\/uploads\/2023\/08\/caracolvan-logotipo.jpg","width":696,"height":696,"caption":"Caracolvan"},"image":{"@id":"https:\/\/caracolvan.com\/fr\/#\/schema\/logo\/image\/"},"sameAs":["https:\/\/www.facebook.com\/Caracolvan\/","https:\/\/x.com\/Caracolvan"]},{"@type":"Person","@id":"https:\/\/caracolvan.com\/fr\/#\/schema\/person\/4082cf95fd1be29a0f617f570d486970","name":"Nacho Fern\u00e1ndez del Blanco","image":{"@type":"ImageObject","inLanguage":"fr-FR","@id":"https:\/\/secure.gravatar.com\/avatar\/5f8fedd8535cdaa35a42bf0efb2be3e81fcaa7f2be2f6f0c41a988485f85d39d?s=96&d=mm&r=g","url":"https:\/\/secure.gravatar.com\/avatar\/5f8fedd8535cdaa35a42bf0efb2be3e81fcaa7f2be2f6f0c41a988485f85d39d?s=96&d=mm&r=g","contentUrl":"https:\/\/secure.gravatar.com\/avatar\/5f8fedd8535cdaa35a42bf0efb2be3e81fcaa7f2be2f6f0c41a988485f85d39d?s=96&d=mm&r=g","caption":"Nacho Fern\u00e1ndez del Blanco"},"url":"https:\/\/caracolvan.com\/fr\/author\/nacho\/"}]}},"_links":{"self":[{"href":"https:\/\/caracolvan.com\/fr\/wp-json\/wp\/v2\/posts\/3314","targetHints":{"allow":["GET"]}}],"collection":[{"href":"https:\/\/caracolvan.com\/fr\/wp-json\/wp\/v2\/posts"}],"about":[{"href":"https:\/\/caracolvan.com\/fr\/wp-json\/wp\/v2\/types\/post"}],"author":[{"embeddable":true,"href":"https:\/\/caracolvan.com\/fr\/wp-json\/wp\/v2\/users\/4"}],"replies":[{"embeddable":true,"href":"https:\/\/caracolvan.com\/fr\/wp-json\/wp\/v2\/comments?post=3314"}],"version-history":[{"count":3,"href":"https:\/\/caracolvan.com\/fr\/wp-json\/wp\/v2\/posts\/3314\/revisions"}],"predecessor-version":[{"id":14489,"href":"https:\/\/caracolvan.com\/fr\/wp-json\/wp\/v2\/posts\/3314\/revisions\/14489"}],"wp:featuredmedia":[{"embeddable":true,"href":"https:\/\/caracolvan.com\/fr\/wp-json\/wp\/v2\/media\/3315"}],"wp:attachment":[{"href":"https:\/\/caracolvan.com\/fr\/wp-json\/wp\/v2\/media?parent=3314"}],"wp:term":[{"taxonomy":"category","embeddable":true,"href":"https:\/\/caracolvan.com\/fr\/wp-json\/wp\/v2\/categories?post=3314"},{"taxonomy":"post_tag","embeddable":true,"href":"https:\/\/caracolvan.com\/fr\/wp-json\/wp\/v2\/tags?post=3314"}],"curies":[{"name":"wp","href":"https:\/\/api.w.org\/{rel}","templated":true}]}}