{"id":3331,"date":"2017-12-27T23:55:36","date_gmt":"2017-12-27T23:55:36","guid":{"rendered":"https:\/\/www.caracolvan.com\/2017\/12\/27\/vw-vintage-location-sur-le-podium\/"},"modified":"2018-05-14T08:51:10","modified_gmt":"2018-05-14T08:51:10","slug":"vw-vintage-location-sur-le-podium","status":"publish","type":"post","link":"https:\/\/caracolvan.com\/fr\/vw-vintage-location-sur-le-podium\/","title":{"rendered":"Vw Vintage location sur le podium"},"content":{"rendered":"<p>&nbsp;<\/p>\n<div>\n<p style=\"margin-bottom: 0cm; text-align: justify;\"><span id=\"result_box\" lang=\"fr\"><span class=\"hps\">\u00a0 Notre<\/span> <em><strong><span class=\"hps\">van<\/span> <span class=\"hps\">de loyer<\/span> <span class=\"hps\">\"vintage\"<\/span><\/strong><\/em>, <strong><span class=\"hps\">Vw<\/span> <span class=\"hps\">Camper<\/span> <span class=\"hps\">T2<\/span> <span class=\"hps\">1977<\/span><\/strong> <span class=\"hps\">n'a pas \u00e9t\u00e9 \u00e0<\/span> <span class=\"hps\">la c\u00e9r\u00e9monie des Oscars<\/span>, mais <span class=\"hps\">ne voulait<\/span> <span class=\"hps\">pas manquer une<\/span> <span class=\"hps atn\">\"<\/span>photoshoot\" <span class=\"hps\">comme un mod\u00e8le<\/span> <span class=\"hps\">par <strong>Esther<\/strong><\/span><strong> <span class=\"hps\">Garc\u00eda<\/span><\/strong>, <span class=\"hps\">qui accompagne<\/span> <span class=\"hps\">l'image<\/span> <span class=\"hps atn\">\"<\/span><strong>hippie<\/strong>\" <span class=\"hps\">du concepteur<\/span> <strong><span class=\"hps\">Cadix<\/span><\/strong>.<\/span><\/p>\n<p class=\"img_redondeada_y_sombreada\" style=\"text-align: justify;\">\n<span lang=\"fr\"><span style=\"font-weight: normal;\"><span lang=\"fr\"><span style=\"font-weight: normal;\"><span lang=\"fr\"><span style=\"font-weight: normal;\"><span lang=\"fr\"><span style=\"font-weight: normal;\"><img decoding=\"async\" id=\"Vw T2 hippie location\" style=\"width: 533px; height: 355px;\" title=\"fourgonnette Vw hippie\" src=\"https:\/\/caracolvan.com\/wp-content\/uploads\/2017\/12\/vw-vintage-alquiler-533x5.jpg\" alt=\"Vw vintage a louer\" \/><\/span><\/span><\/span><\/span><\/span><\/span><\/span><\/span><\/p>\n<p style=\"text-align: justify;\">\n<p style=\"text-align: justify;\"><span style=\"font-size: 12px;\"><span style=\"font-family: arial,helvetica,sans-serif;\"><span lang=\"fr\">\u00a0\u00a0\u00a0\u00a0 <\/span><\/span><\/span><\/p>\n<p style=\"margin-bottom: 0cm; text-align: justify;\">\u00a0\u00a0\u00a0 <span id=\"result_box\" lang=\"fr\"><span class=\"hps\">Pour c\u00e9l\u00e9brer<\/span> <span class=\"hps\">l'ouverture de son<\/span> <span class=\"hps alt-edited\">nouvelle boutique<\/span> <span class=\"hps\">de la mode<\/span> <span class=\"hps\">et accessoires \u00e0<\/span> <em><strong><span class=\"hps\">El<\/span> <span class=\"hps\">Puerto de Santa Mar\u00eda<\/span>, <span class=\"hps\">Cadix, Andalousie<\/span>, Espagne<\/strong><\/em>, <strong><span class=\"hps\">Esther<\/span> <span class=\"hps\">Garc\u00eda<\/span><\/strong> <span class=\"hps\">a pr\u00e9sent\u00e9<\/span> <span class=\"hps\">une nouvelle collection de<\/span> <span class=\"hps alt-edited\">robes et d'accessoires<\/span>.<\/span><\/p>\n<p style=\"text-align: justify;\">\n<p class=\"img_redondeada_y_sombreada\"><span lang=\"fr\"><span style=\"font-weight: normal;\"><span lang=\"fr\"><span style=\"font-weight: normal;\"><span lang=\"fr\"><span style=\"font-weight: normal;\"><span lang=\"fr\"><span style=\"font-weight: normal;\"><img decoding=\"async\" id=\"location Vw vintage\" style=\"width: 533px; height: 324px;\" title=\"location vintage van\" src=\"https:\/\/caracolvan.com\/wp-content\/uploads\/2017\/12\/vw-vintage-alquiler-533x1.jpg\" alt=\"Vw kombi vintage\" \/><\/span><\/span><\/span><\/span><\/span><\/span><\/span><\/span><\/p>\n<p style=\"text-align: justify;\">\n<p style=\"text-align: justify;\"><span style=\"font-size: 12px;\"><span style=\"font-family: arial,helvetica,sans-serif;\"><span lang=\"fr\"><em><strong>70's Vw hippie van<\/strong><\/em><\/span><\/span><\/span><\/p>\n<p style=\"text-align: justify;\"><span style=\"font-size: 12px;\"><span style=\"font-family: arial,helvetica,sans-serif;\"><span lang=\"fr\">\u00a0\u00a0 <\/span><\/span><\/span><\/p>\n<p style=\"margin-bottom: 0cm; text-align: justify;\">\u00a0\u00a0\u00a0 <span id=\"result_box\" lang=\"fr\" tabindex=\"-1\"><strong><span class=\"hps alt-edited\">Puntilla<\/span> <span class=\"hps\">plage<\/span><\/strong> <span class=\"hps\">\u00e0 <em><strong>Puerto de<\/strong><\/em><\/span><em><strong> <span class=\"hps\">Santa Mar\u00eda<\/span>, <span class=\"hps\">Cadix, Andalousie<\/span>, Espagne<\/strong><\/em> <span class=\"hps alt-edited\">fut le cadre<\/span> <span class=\"hps\">pour la s\u00e9ance photo<\/span> <span class=\"hps\">o\u00f9<\/span> <strong><span class=\"hps\">Esther<\/span> <span class=\"hps\">Garc\u00eda<\/span><\/strong>, le mod\u00e8le et <span class=\"hps\">concepteur,<\/span> <span class=\"hps\">avec notre<\/span> <em><strong><span class=\"hps\">fourgonnette de location<\/span> <\/strong><\/em><span class=\"hps\"><em><strong>vintage<\/strong><\/em>,<\/span> <span class=\"hps\">pr\u00e9sent\u00e9<\/span> <span class=\"hps\">sa robe de soie<\/span> <span class=\"hps\">fuchsia<\/span> <span class=\"hps\">\u00e0 pois<\/span> <span class=\"hps\">cordes<\/span> <span class=\"hps\">de couronnes<\/span> <span class=\"hps\">blanche<\/span> <span class=\"hps\">et de la lavande<\/span> <span class=\"hps\">et<\/span> <span class=\"hps alt-edited\">marguerites.<\/span><\/span><\/p>\n<p style=\"margin-bottom: 0cm; text-align: justify;\">\n<p class=\"img_redondeada_y_sombreada\"><em><span lang=\"fr\"><span style=\"font-weight: normal;\"><span lang=\"fr\"><span style=\"font-weight: normal;\"><span lang=\"fr\"><span style=\"font-weight: normal;\"><span lang=\"fr\"><span style=\"font-weight: normal;\"><img decoding=\"async\" id=\"location fourgonnette classique\" style=\"width: 533px; height: 355px;\" title=\"louer Vw vintage \" src=\"https:\/\/caracolvan.com\/wp-content\/uploads\/2017\/12\/vw-vintage-for-hire-533x4.jpg\" alt=\"Vw vintage a louer en espagne\" \/><\/span><\/span><\/span><\/span><\/span><\/span><\/span><\/span><\/em><\/p>\n<p style=\"text-align: justify;\">\n<p style=\"text-align: justify;\">\n<p style=\"margin-bottom: 0cm; text-align: justify;\">\u00a0\u00a0\u00a0 <span id=\"result_box\" lang=\"fr\" tabindex=\"-1\"><span class=\"hps\">Le<\/span> <span class=\"hps\">beau design<\/span> <span class=\"hps\">avec le<\/span> <em><strong><span class=\"hps\">VW<\/span> <span class=\"hps\">T2<\/span> Kombi<\/strong><\/em> <strong><span class=\"hps\">Caracolvan<\/span> <\/strong><span class=\"hps\">et d'accessoires<\/span> <span class=\"hps\">nous emmener \u00e0<\/span> <span class=\"hps\">70<\/span>, <span class=\"hps\">d\u00e9but de la construction<\/span> <span class=\"hps\">de la<\/span> <em><strong><span class=\"hps\">fourgonnette de location<\/span><\/strong><\/em>. <span class=\"hps\">Plein esprit<\/span> <strong><span class=\"hps\">hippie<\/span> <\/strong><span class=\"hps\">conduisait une <strong>camionnette<\/strong><\/span> <span class=\"hps\">ic\u00f4ne<\/span> <span class=\"hps\">d'une \u00e9poque.<\/span> <strong><span class=\"hps\">La paix<\/span>, l'amour <span class=\"hps\">et la libert\u00e9<\/span> <span class=\"hps\">....<\/span><\/strong><\/span><\/p>\n<p style=\"margin-bottom: 0cm; text-align: justify;\">\n<p style=\"text-align: justify;\">\n<p class=\"img_redondeada_y_sombreada\"><em><span lang=\"fr\"><span style=\"font-weight: normal;\"><span lang=\"fr\"><span style=\"font-weight: normal;\"><span lang=\"fr\"><span style=\"font-weight: normal;\"><span lang=\"fr\"><span style=\"font-weight: normal;\"><img decoding=\"async\" id=\"van vw hippy\" style=\"width: 533px; height: 355px;\" title=\"location Vw van vintage \" src=\"https:\/\/caracolvan.com\/wp-content\/uploads\/2017\/12\/vw-hippie-alquiler-533x3.jpg\" alt=\"fourgonnette vw hippie location\" \/><\/span><\/span><\/span><\/span><\/span><\/span><\/span><\/span><\/em><\/p>\n<p style=\"text-align: left;\">\n<p style=\"margin-bottom: 0cm; text-align: left;\">\u00a0\u00a0 <span id=\"result_box\" lang=\"fr\" tabindex=\"-1\"><span class=\"hps\">Nous vous rappelons<\/span> <span class=\"hps\">que vous pouvez <a href=\"http:\/\/www.caracolvan.com\/fr\/location-van-espagne\/location-vw-camping-car-classique\"><strong>louer<\/strong><\/a><\/span><a href=\"http:\/\/www.caracolvan.com\/fr\/location-van-espagne\/location-vw-camping-car-classique\"><strong> <span class=\"hps alt-edited\">fourgonnette<\/span> <span class=\"hps\">\"vintage<\/span> <span class=\"hps\">Vw<\/span>\"en Andalousie<\/strong><\/a> <span class=\"hps\">pour les mariages<\/span>, les \u00e9v\u00e9nements <span class=\"hps\">ou tout simplement pour<\/span> <span class=\"hps\">partir en <strong>vacances<\/strong><\/span>.<\/span><\/p>\n<\/div>\n<p>&nbsp;<\/p>\n","protected":false},"excerpt":{"rendered":"<p>&nbsp; \u00a0 Notre van de loyer \"vintage\", Vw Camper T2  [...]<\/p>\n","protected":false},"author":4,"featured_media":3332,"comment_status":"closed","ping_status":"open","sticky":false,"template":"","format":"standard","meta":{"_joinchat":[],"footnotes":""},"categories":[39],"tags":[],"class_list":["post-3331","post","type-post","status-publish","format-standard","has-post-thumbnail","hentry","category-nouveautes-caracolvan"],"yoast_head":"<!-- This site is optimized with the Yoast SEO Premium plugin v27.2 (Yoast SEO v27.2) - https:\/\/yoast.com\/product\/yoast-seo-premium-wordpress\/ -->\n<title>Vw Vintage location sur le podium - Le blog de Caracolvan<\/title>\n<meta name=\"description\" content=\"Notre van de loyer &quot;vintage&quot;, Vw Camper T2 1977 n&#039;a pas \u00e9t\u00e9 \u00e0 la c\u00e9r\u00e9monie des Oscars, mais ne voulait pas manquer une &quot;photoshoot&quot; comme un mod\u00e8le par Esther Garc\u00eda, qui accompagne l&#039;image &quot;hippie&quot; du concepteur Cadix.\" \/>\n<meta name=\"robots\" content=\"index, follow, max-snippet:-1, max-image-preview:large, max-video-preview:-1\" \/>\n<link rel=\"canonical\" href=\"https:\/\/caracolvan.com\/fr\/vw-vintage-location-sur-le-podium\/\" \/>\n<meta property=\"og:locale\" content=\"fr_FR\" \/>\n<meta property=\"og:type\" content=\"article\" \/>\n<meta property=\"og:title\" content=\"Vw Vintage location sur le podium\" \/>\n<meta property=\"og:description\" content=\"Notre van de loyer &quot;vintage&quot;, Vw Camper T2 1977 n&#039;a pas \u00e9t\u00e9 \u00e0 la c\u00e9r\u00e9monie des Oscars, mais ne voulait pas manquer une &quot;photoshoot&quot; comme un mod\u00e8le par Esther Garc\u00eda, qui accompagne l&#039;image &quot;hippie&quot; du concepteur Cadix.\" \/>\n<meta property=\"og:url\" content=\"https:\/\/caracolvan.com\/fr\/vw-vintage-location-sur-le-podium\/\" \/>\n<meta property=\"og:site_name\" content=\"Alquiler Camper Rental - Caracolvan\" \/>\n<meta property=\"article:publisher\" content=\"https:\/\/www.facebook.com\/Caracolvan\/\" \/>\n<meta property=\"article:published_time\" content=\"2017-12-27T23:55:36+00:00\" \/>\n<meta property=\"article:modified_time\" content=\"2018-05-14T08:51:10+00:00\" \/>\n<meta property=\"og:image\" content=\"https:\/\/caracolvan.com\/wp-content\/uploads\/2017\/12\/vw-vintage-alquiler-533x5-2.jpg\" \/>\n\t<meta property=\"og:image:width\" content=\"533\" \/>\n\t<meta property=\"og:image:height\" content=\"355\" \/>\n\t<meta property=\"og:image:type\" content=\"image\/jpeg\" \/>\n<meta name=\"author\" content=\"Nacho Fern\u00e1ndez del Blanco\" \/>\n<meta name=\"twitter:card\" content=\"summary_large_image\" \/>\n<meta name=\"twitter:creator\" content=\"@Caracolvan\" \/>\n<meta name=\"twitter:site\" content=\"@Caracolvan\" \/>\n<meta name=\"twitter:label1\" content=\"\u00c9crit par\" \/>\n\t<meta name=\"twitter:data1\" content=\"Nacho Fern\u00e1ndez del Blanco\" \/>\n\t<meta name=\"twitter:label2\" content=\"Dur\u00e9e de lecture estim\u00e9e\" \/>\n\t<meta name=\"twitter:data2\" content=\"1 minute\" \/>\n<script type=\"application\/ld+json\" class=\"yoast-schema-graph\">{\"@context\":\"https:\/\/schema.org\",\"@graph\":[{\"@type\":\"Article\",\"@id\":\"https:\/\/caracolvan.com\/fr\/vw-vintage-location-sur-le-podium\/#article\",\"isPartOf\":{\"@id\":\"https:\/\/caracolvan.com\/fr\/vw-vintage-location-sur-le-podium\/\"},\"author\":{\"name\":\"Nacho Fern\u00e1ndez del Blanco\",\"@id\":\"https:\/\/caracolvan.com\/fr\/#\/schema\/person\/4082cf95fd1be29a0f617f570d486970\"},\"headline\":\"Vw Vintage location sur le podium\",\"datePublished\":\"2017-12-27T23:55:36+00:00\",\"dateModified\":\"2018-05-14T08:51:10+00:00\",\"mainEntityOfPage\":{\"@id\":\"https:\/\/caracolvan.com\/fr\/vw-vintage-location-sur-le-podium\/\"},\"wordCount\":209,\"publisher\":{\"@id\":\"https:\/\/caracolvan.com\/fr\/#organization\"},\"image\":{\"@id\":\"https:\/\/caracolvan.com\/fr\/vw-vintage-location-sur-le-podium\/#primaryimage\"},\"thumbnailUrl\":\"https:\/\/caracolvan.com\/wp-content\/uploads\/2017\/12\/vw-vintage-alquiler-533x5-2.jpg\",\"articleSection\":[\"Nouveaut\u00e9s Caracolvan\"],\"inLanguage\":\"fr-FR\"},{\"@type\":\"WebPage\",\"@id\":\"https:\/\/caracolvan.com\/fr\/vw-vintage-location-sur-le-podium\/\",\"url\":\"https:\/\/caracolvan.com\/fr\/vw-vintage-location-sur-le-podium\/\",\"name\":\"Vw Vintage location sur le podium - Le blog de Caracolvan\",\"isPartOf\":{\"@id\":\"https:\/\/caracolvan.com\/fr\/#website\"},\"primaryImageOfPage\":{\"@id\":\"https:\/\/caracolvan.com\/fr\/vw-vintage-location-sur-le-podium\/#primaryimage\"},\"image\":{\"@id\":\"https:\/\/caracolvan.com\/fr\/vw-vintage-location-sur-le-podium\/#primaryimage\"},\"thumbnailUrl\":\"https:\/\/caracolvan.com\/wp-content\/uploads\/2017\/12\/vw-vintage-alquiler-533x5-2.jpg\",\"datePublished\":\"2017-12-27T23:55:36+00:00\",\"dateModified\":\"2018-05-14T08:51:10+00:00\",\"description\":\"Notre van de loyer \\\"vintage\\\", Vw Camper T2 1977 n'a pas \u00e9t\u00e9 \u00e0 la c\u00e9r\u00e9monie des Oscars, mais ne voulait pas manquer une \\\"photoshoot\\\" comme un mod\u00e8le par Esther Garc\u00eda, qui accompagne l'image \\\"hippie\\\" du concepteur Cadix.\",\"breadcrumb\":{\"@id\":\"https:\/\/caracolvan.com\/fr\/vw-vintage-location-sur-le-podium\/#breadcrumb\"},\"inLanguage\":\"fr-FR\",\"potentialAction\":[{\"@type\":\"ReadAction\",\"target\":[\"https:\/\/caracolvan.com\/fr\/vw-vintage-location-sur-le-podium\/\"]}]},{\"@type\":\"ImageObject\",\"inLanguage\":\"fr-FR\",\"@id\":\"https:\/\/caracolvan.com\/fr\/vw-vintage-location-sur-le-podium\/#primaryimage\",\"url\":\"https:\/\/caracolvan.com\/wp-content\/uploads\/2017\/12\/vw-vintage-alquiler-533x5-2.jpg\",\"contentUrl\":\"https:\/\/caracolvan.com\/wp-content\/uploads\/2017\/12\/vw-vintage-alquiler-533x5-2.jpg\",\"width\":533,\"height\":355,\"caption\":\"Vw vintage a louer\"},{\"@type\":\"BreadcrumbList\",\"@id\":\"https:\/\/caracolvan.com\/fr\/vw-vintage-location-sur-le-podium\/#breadcrumb\",\"itemListElement\":[{\"@type\":\"ListItem\",\"position\":1,\"name\":\"Portada\",\"item\":\"https:\/\/caracolvan.com\/fr\/\"},{\"@type\":\"ListItem\",\"position\":2,\"name\":\"Vw Vintage location sur le podium\"}]},{\"@type\":\"WebSite\",\"@id\":\"https:\/\/caracolvan.com\/fr\/#website\",\"url\":\"https:\/\/caracolvan.com\/fr\/\",\"name\":\"Alquiler Camper Rental - Caracolvan\",\"description\":\"Alquiler de furgonetas camper y autocaravanas\",\"publisher\":{\"@id\":\"https:\/\/caracolvan.com\/fr\/#organization\"},\"potentialAction\":[{\"@type\":\"SearchAction\",\"target\":{\"@type\":\"EntryPoint\",\"urlTemplate\":\"https:\/\/caracolvan.com\/fr\/?s={search_term_string}\"},\"query-input\":{\"@type\":\"PropertyValueSpecification\",\"valueRequired\":true,\"valueName\":\"search_term_string\"}}],\"inLanguage\":\"fr-FR\"},{\"@type\":\"Organization\",\"@id\":\"https:\/\/caracolvan.com\/fr\/#organization\",\"name\":\"Caracolvan\",\"url\":\"https:\/\/caracolvan.com\/fr\/\",\"logo\":{\"@type\":\"ImageObject\",\"inLanguage\":\"fr-FR\",\"@id\":\"https:\/\/caracolvan.com\/fr\/#\/schema\/logo\/image\/\",\"url\":\"https:\/\/caracolvan.com\/wp-content\/uploads\/2023\/08\/caracolvan-logotipo.jpg\",\"contentUrl\":\"https:\/\/caracolvan.com\/wp-content\/uploads\/2023\/08\/caracolvan-logotipo.jpg\",\"width\":696,\"height\":696,\"caption\":\"Caracolvan\"},\"image\":{\"@id\":\"https:\/\/caracolvan.com\/fr\/#\/schema\/logo\/image\/\"},\"sameAs\":[\"https:\/\/www.facebook.com\/Caracolvan\/\",\"https:\/\/x.com\/Caracolvan\"]},{\"@type\":\"Person\",\"@id\":\"https:\/\/caracolvan.com\/fr\/#\/schema\/person\/4082cf95fd1be29a0f617f570d486970\",\"name\":\"Nacho Fern\u00e1ndez del Blanco\",\"image\":{\"@type\":\"ImageObject\",\"inLanguage\":\"fr-FR\",\"@id\":\"https:\/\/secure.gravatar.com\/avatar\/5f8fedd8535cdaa35a42bf0efb2be3e81fcaa7f2be2f6f0c41a988485f85d39d?s=96&d=mm&r=g\",\"url\":\"https:\/\/secure.gravatar.com\/avatar\/5f8fedd8535cdaa35a42bf0efb2be3e81fcaa7f2be2f6f0c41a988485f85d39d?s=96&d=mm&r=g\",\"contentUrl\":\"https:\/\/secure.gravatar.com\/avatar\/5f8fedd8535cdaa35a42bf0efb2be3e81fcaa7f2be2f6f0c41a988485f85d39d?s=96&d=mm&r=g\",\"caption\":\"Nacho Fern\u00e1ndez del Blanco\"},\"url\":\"https:\/\/caracolvan.com\/fr\/author\/nacho\/\"}]}<\/script>\n<!-- \/ Yoast SEO Premium plugin. -->","yoast_head_json":{"title":"Vw Vintage location sur le podium - Le blog de Caracolvan","description":"Notre van de loyer \"vintage\", Vw Camper T2 1977 n'a pas \u00e9t\u00e9 \u00e0 la c\u00e9r\u00e9monie des Oscars, mais ne voulait pas manquer une \"photoshoot\" comme un mod\u00e8le par Esther Garc\u00eda, qui accompagne l'image \"hippie\" du concepteur Cadix.","robots":{"index":"index","follow":"follow","max-snippet":"max-snippet:-1","max-image-preview":"max-image-preview:large","max-video-preview":"max-video-preview:-1"},"canonical":"https:\/\/caracolvan.com\/fr\/vw-vintage-location-sur-le-podium\/","og_locale":"fr_FR","og_type":"article","og_title":"Vw Vintage location sur le podium","og_description":"Notre van de loyer \"vintage\", Vw Camper T2 1977 n'a pas \u00e9t\u00e9 \u00e0 la c\u00e9r\u00e9monie des Oscars, mais ne voulait pas manquer une \"photoshoot\" comme un mod\u00e8le par Esther Garc\u00eda, qui accompagne l'image \"hippie\" du concepteur Cadix.","og_url":"https:\/\/caracolvan.com\/fr\/vw-vintage-location-sur-le-podium\/","og_site_name":"Alquiler Camper Rental - Caracolvan","article_publisher":"https:\/\/www.facebook.com\/Caracolvan\/","article_published_time":"2017-12-27T23:55:36+00:00","article_modified_time":"2018-05-14T08:51:10+00:00","og_image":[{"width":533,"height":355,"url":"https:\/\/caracolvan.com\/wp-content\/uploads\/2017\/12\/vw-vintage-alquiler-533x5-2.jpg","type":"image\/jpeg"}],"author":"Nacho Fern\u00e1ndez del Blanco","twitter_card":"summary_large_image","twitter_creator":"@Caracolvan","twitter_site":"@Caracolvan","twitter_misc":{"\u00c9crit par":"Nacho Fern\u00e1ndez del Blanco","Dur\u00e9e de lecture estim\u00e9e":"1 minute"},"schema":{"@context":"https:\/\/schema.org","@graph":[{"@type":"Article","@id":"https:\/\/caracolvan.com\/fr\/vw-vintage-location-sur-le-podium\/#article","isPartOf":{"@id":"https:\/\/caracolvan.com\/fr\/vw-vintage-location-sur-le-podium\/"},"author":{"name":"Nacho Fern\u00e1ndez del Blanco","@id":"https:\/\/caracolvan.com\/fr\/#\/schema\/person\/4082cf95fd1be29a0f617f570d486970"},"headline":"Vw Vintage location sur le podium","datePublished":"2017-12-27T23:55:36+00:00","dateModified":"2018-05-14T08:51:10+00:00","mainEntityOfPage":{"@id":"https:\/\/caracolvan.com\/fr\/vw-vintage-location-sur-le-podium\/"},"wordCount":209,"publisher":{"@id":"https:\/\/caracolvan.com\/fr\/#organization"},"image":{"@id":"https:\/\/caracolvan.com\/fr\/vw-vintage-location-sur-le-podium\/#primaryimage"},"thumbnailUrl":"https:\/\/caracolvan.com\/wp-content\/uploads\/2017\/12\/vw-vintage-alquiler-533x5-2.jpg","articleSection":["Nouveaut\u00e9s Caracolvan"],"inLanguage":"fr-FR"},{"@type":"WebPage","@id":"https:\/\/caracolvan.com\/fr\/vw-vintage-location-sur-le-podium\/","url":"https:\/\/caracolvan.com\/fr\/vw-vintage-location-sur-le-podium\/","name":"Vw Vintage location sur le podium - Le blog de Caracolvan","isPartOf":{"@id":"https:\/\/caracolvan.com\/fr\/#website"},"primaryImageOfPage":{"@id":"https:\/\/caracolvan.com\/fr\/vw-vintage-location-sur-le-podium\/#primaryimage"},"image":{"@id":"https:\/\/caracolvan.com\/fr\/vw-vintage-location-sur-le-podium\/#primaryimage"},"thumbnailUrl":"https:\/\/caracolvan.com\/wp-content\/uploads\/2017\/12\/vw-vintage-alquiler-533x5-2.jpg","datePublished":"2017-12-27T23:55:36+00:00","dateModified":"2018-05-14T08:51:10+00:00","description":"Notre van de loyer \"vintage\", Vw Camper T2 1977 n'a pas \u00e9t\u00e9 \u00e0 la c\u00e9r\u00e9monie des Oscars, mais ne voulait pas manquer une \"photoshoot\" comme un mod\u00e8le par Esther Garc\u00eda, qui accompagne l'image \"hippie\" du concepteur Cadix.","breadcrumb":{"@id":"https:\/\/caracolvan.com\/fr\/vw-vintage-location-sur-le-podium\/#breadcrumb"},"inLanguage":"fr-FR","potentialAction":[{"@type":"ReadAction","target":["https:\/\/caracolvan.com\/fr\/vw-vintage-location-sur-le-podium\/"]}]},{"@type":"ImageObject","inLanguage":"fr-FR","@id":"https:\/\/caracolvan.com\/fr\/vw-vintage-location-sur-le-podium\/#primaryimage","url":"https:\/\/caracolvan.com\/wp-content\/uploads\/2017\/12\/vw-vintage-alquiler-533x5-2.jpg","contentUrl":"https:\/\/caracolvan.com\/wp-content\/uploads\/2017\/12\/vw-vintage-alquiler-533x5-2.jpg","width":533,"height":355,"caption":"Vw vintage a louer"},{"@type":"BreadcrumbList","@id":"https:\/\/caracolvan.com\/fr\/vw-vintage-location-sur-le-podium\/#breadcrumb","itemListElement":[{"@type":"ListItem","position":1,"name":"Portada","item":"https:\/\/caracolvan.com\/fr\/"},{"@type":"ListItem","position":2,"name":"Vw Vintage location sur le podium"}]},{"@type":"WebSite","@id":"https:\/\/caracolvan.com\/fr\/#website","url":"https:\/\/caracolvan.com\/fr\/","name":"Alquiler Camper Rental - Caracolvan","description":"Alquiler de furgonetas camper y autocaravanas","publisher":{"@id":"https:\/\/caracolvan.com\/fr\/#organization"},"potentialAction":[{"@type":"SearchAction","target":{"@type":"EntryPoint","urlTemplate":"https:\/\/caracolvan.com\/fr\/?s={search_term_string}"},"query-input":{"@type":"PropertyValueSpecification","valueRequired":true,"valueName":"search_term_string"}}],"inLanguage":"fr-FR"},{"@type":"Organization","@id":"https:\/\/caracolvan.com\/fr\/#organization","name":"Caracolvan","url":"https:\/\/caracolvan.com\/fr\/","logo":{"@type":"ImageObject","inLanguage":"fr-FR","@id":"https:\/\/caracolvan.com\/fr\/#\/schema\/logo\/image\/","url":"https:\/\/caracolvan.com\/wp-content\/uploads\/2023\/08\/caracolvan-logotipo.jpg","contentUrl":"https:\/\/caracolvan.com\/wp-content\/uploads\/2023\/08\/caracolvan-logotipo.jpg","width":696,"height":696,"caption":"Caracolvan"},"image":{"@id":"https:\/\/caracolvan.com\/fr\/#\/schema\/logo\/image\/"},"sameAs":["https:\/\/www.facebook.com\/Caracolvan\/","https:\/\/x.com\/Caracolvan"]},{"@type":"Person","@id":"https:\/\/caracolvan.com\/fr\/#\/schema\/person\/4082cf95fd1be29a0f617f570d486970","name":"Nacho Fern\u00e1ndez del Blanco","image":{"@type":"ImageObject","inLanguage":"fr-FR","@id":"https:\/\/secure.gravatar.com\/avatar\/5f8fedd8535cdaa35a42bf0efb2be3e81fcaa7f2be2f6f0c41a988485f85d39d?s=96&d=mm&r=g","url":"https:\/\/secure.gravatar.com\/avatar\/5f8fedd8535cdaa35a42bf0efb2be3e81fcaa7f2be2f6f0c41a988485f85d39d?s=96&d=mm&r=g","contentUrl":"https:\/\/secure.gravatar.com\/avatar\/5f8fedd8535cdaa35a42bf0efb2be3e81fcaa7f2be2f6f0c41a988485f85d39d?s=96&d=mm&r=g","caption":"Nacho Fern\u00e1ndez del Blanco"},"url":"https:\/\/caracolvan.com\/fr\/author\/nacho\/"}]}},"_links":{"self":[{"href":"https:\/\/caracolvan.com\/fr\/wp-json\/wp\/v2\/posts\/3331","targetHints":{"allow":["GET"]}}],"collection":[{"href":"https:\/\/caracolvan.com\/fr\/wp-json\/wp\/v2\/posts"}],"about":[{"href":"https:\/\/caracolvan.com\/fr\/wp-json\/wp\/v2\/types\/post"}],"author":[{"embeddable":true,"href":"https:\/\/caracolvan.com\/fr\/wp-json\/wp\/v2\/users\/4"}],"replies":[{"embeddable":true,"href":"https:\/\/caracolvan.com\/fr\/wp-json\/wp\/v2\/comments?post=3331"}],"version-history":[{"count":1,"href":"https:\/\/caracolvan.com\/fr\/wp-json\/wp\/v2\/posts\/3331\/revisions"}],"predecessor-version":[{"id":6105,"href":"https:\/\/caracolvan.com\/fr\/wp-json\/wp\/v2\/posts\/3331\/revisions\/6105"}],"wp:featuredmedia":[{"embeddable":true,"href":"https:\/\/caracolvan.com\/fr\/wp-json\/wp\/v2\/media\/3332"}],"wp:attachment":[{"href":"https:\/\/caracolvan.com\/fr\/wp-json\/wp\/v2\/media?parent=3331"}],"wp:term":[{"taxonomy":"category","embeddable":true,"href":"https:\/\/caracolvan.com\/fr\/wp-json\/wp\/v2\/categories?post=3331"},{"taxonomy":"post_tag","embeddable":true,"href":"https:\/\/caracolvan.com\/fr\/wp-json\/wp\/v2\/tags?post=3331"}],"curies":[{"name":"wp","href":"https:\/\/api.w.org\/{rel}","templated":true}]}}