{"id":3467,"date":"2017-12-27T23:55:36","date_gmt":"2017-12-27T23:55:36","guid":{"rendered":"https:\/\/www.caracolvan.com\/2017\/12\/27\/evolution-du-vw-transporter\/"},"modified":"2023-09-27T11:19:09","modified_gmt":"2023-09-27T09:19:09","slug":"evolution-du-vw-transporter","status":"publish","type":"post","link":"https:\/\/caracolvan.com\/fr\/evolution-du-vw-transporter\/","title":{"rendered":"Evolution du Vw transporter"},"content":{"rendered":"<p>&nbsp;<\/p>\n<div style=\"text-align: justify;\"><img decoding=\"async\" style=\"width: 100%; height: 379px;\" src=\"https:\/\/caracolvan.com\/wp-content\/uploads\/2017\/12\/volkswagen-camper-models-infograph.png\" alt=\"mod\u00c3\u00a8les volkswagen camionnettes\" \/><\/div>\n<div style=\"text-align: justify;\"><\/div>\n<div style=\"text-align: justify;\">Tout a commenc\u00e9 en 1947 gr\u00e2ce au N\u00e9erlandais Ben Pon, ont quitt\u00e9 depuis plusieurs mod\u00e8les, chacun avec son histoire et la beaut\u00e9 unique. Dans cet article, nous avons \u00e9crit nous vous dire comment \u00e9tait l'\u00e9volution du courant <a href=\"https:\/\/caracolvan.com\/fr\/volkswagen-t6-california\/\">Vw T6<\/a>: \"<em><strong><a href=\"http:\/\/www.caracolvan.com\/fr\/blog\/65-ans-de-vw-camper-van\">Histoire du camper van Vw<\/a><\/strong><\/em>\".<\/div>\n<div style=\"text-align: justify;\"><\/div>\n<div style=\"text-align: justify;\">Mais ici, nous voulons faire une perspective plus visuelle que <strong>l'infographie<\/strong>, les mod\u00e8les examen, les dates, le lieu et les d\u00e9tails de tr\u00e8s br\u00e8ves fa\u00e7ons. Une fa\u00e7on de prendre un bref regard sur le sc\u00e9nario du Transporter Volkswagen.<\/div>\n<div style=\"text-align: justify;\"><\/div>\n<div style=\"text-align: justify;\"><img decoding=\"async\" style=\"width: 100%; height: 1531px;\" src=\"https:\/\/caracolvan.com\/wp-content\/uploads\/2017\/12\/volkswagen-camper-models.png\" alt=\"mod\u00c3\u00a8les volkswagen camper van\" \/><\/div>\n<div style=\"text-align: justify;\"><\/div>\n<div style=\"text-align: justify;\">Voulez-vous voir plus de post comme \u00e7a? ne manquez pas le <strong><a href=\"http:\/\/www.caracolvan.com\/fr\/blog\/\">Blog Caracolvan<\/a><\/strong>!<\/div>\n<p>&nbsp;<\/p>\n","protected":false},"excerpt":{"rendered":"<p>&nbsp; Tout a commenc\u00e9 en 1947 gr\u00e2ce au N\u00e9erlandais Ben  [...]<\/p>\n","protected":false},"author":4,"featured_media":3468,"comment_status":"closed","ping_status":"open","sticky":false,"template":"","format":"standard","meta":{"_joinchat":[],"footnotes":""},"categories":[38],"tags":[],"class_list":["post-3467","post","type-post","status-publish","format-standard","has-post-thumbnail","hentry","category-histoires-camper"],"yoast_head":"<!-- This site is optimized with the Yoast SEO Premium plugin v27.2 (Yoast SEO v27.2) - https:\/\/yoast.com\/product\/yoast-seo-premium-wordpress\/ -->\n<title>Evolution du Vw transporter - Le blog de Caracolvan<\/title>\n<meta name=\"description\" content=\"Tout a commenc\u00e9 en 1947 gr\u00e2ce au N\u00e9erlandais Ben Pon, ont quitt\u00e9 depuis plusieurs mod\u00e8les, chacun avec son histoire et la beaut\u00e9 unique. Dans cet article, nous avons \u00e9crit nous vous dire comment \u00e9tait l&#039;\u00e9volution du courant Vw T6: &quot;Histoire du camper van Vw&quot;. \u00a0 \u00a0\" \/>\n<meta name=\"robots\" content=\"index, follow, max-snippet:-1, max-image-preview:large, max-video-preview:-1\" \/>\n<link rel=\"canonical\" href=\"https:\/\/caracolvan.com\/fr\/evolution-du-vw-transporter\/\" \/>\n<meta property=\"og:locale\" content=\"fr_FR\" \/>\n<meta property=\"og:type\" content=\"article\" \/>\n<meta property=\"og:title\" content=\"Evolution du Vw transporter\" \/>\n<meta property=\"og:description\" content=\"Tout a commenc\u00e9 en 1947 gr\u00e2ce au N\u00e9erlandais Ben Pon, ont quitt\u00e9 depuis plusieurs mod\u00e8les, chacun avec son histoire et la beaut\u00e9 unique. Dans cet article, nous avons \u00e9crit nous vous dire comment \u00e9tait l&#039;\u00e9volution du courant Vw T6: &quot;Histoire du camper van Vw&quot;. \u00a0 \u00a0\" \/>\n<meta property=\"og:url\" content=\"https:\/\/caracolvan.com\/fr\/evolution-du-vw-transporter\/\" \/>\n<meta property=\"og:site_name\" content=\"Alquiler Camper Rental - Caracolvan\" \/>\n<meta property=\"article:publisher\" content=\"https:\/\/www.facebook.com\/Caracolvan\/\" \/>\n<meta property=\"article:published_time\" content=\"2017-12-27T23:55:36+00:00\" \/>\n<meta property=\"article:modified_time\" content=\"2023-09-27T09:19:09+00:00\" \/>\n<meta property=\"og:image\" content=\"https:\/\/caracolvan.com\/wp-content\/uploads\/2017\/12\/volkswagen-camper-models-infograph-1.png\" \/>\n\t<meta property=\"og:image:width\" content=\"600\" \/>\n\t<meta property=\"og:image:height\" content=\"379\" \/>\n\t<meta property=\"og:image:type\" content=\"image\/png\" \/>\n<meta name=\"author\" content=\"Nacho Fern\u00e1ndez del Blanco\" \/>\n<meta name=\"twitter:card\" content=\"summary_large_image\" \/>\n<meta name=\"twitter:creator\" content=\"@Caracolvan\" \/>\n<meta name=\"twitter:site\" content=\"@Caracolvan\" \/>\n<meta name=\"twitter:label1\" content=\"\u00c9crit par\" \/>\n\t<meta name=\"twitter:data1\" content=\"Nacho Fern\u00e1ndez del Blanco\" \/>\n\t<meta name=\"twitter:label2\" content=\"Dur\u00e9e de lecture estim\u00e9e\" \/>\n\t<meta name=\"twitter:data2\" content=\"1 minute\" \/>\n<script type=\"application\/ld+json\" class=\"yoast-schema-graph\">{\"@context\":\"https:\/\/schema.org\",\"@graph\":[{\"@type\":\"Article\",\"@id\":\"https:\/\/caracolvan.com\/fr\/evolution-du-vw-transporter\/#article\",\"isPartOf\":{\"@id\":\"https:\/\/caracolvan.com\/fr\/evolution-du-vw-transporter\/\"},\"author\":{\"name\":\"Nacho Fern\u00e1ndez del Blanco\",\"@id\":\"https:\/\/caracolvan.com\/fr\/#\/schema\/person\/4082cf95fd1be29a0f617f570d486970\"},\"headline\":\"Evolution du Vw transporter\",\"datePublished\":\"2017-12-27T23:55:36+00:00\",\"dateModified\":\"2023-09-27T09:19:09+00:00\",\"mainEntityOfPage\":{\"@id\":\"https:\/\/caracolvan.com\/fr\/evolution-du-vw-transporter\/\"},\"wordCount\":112,\"publisher\":{\"@id\":\"https:\/\/caracolvan.com\/fr\/#organization\"},\"image\":{\"@id\":\"https:\/\/caracolvan.com\/fr\/evolution-du-vw-transporter\/#primaryimage\"},\"thumbnailUrl\":\"https:\/\/caracolvan.com\/wp-content\/uploads\/2017\/12\/volkswagen-camper-models-infograph-1.png\",\"articleSection\":[\"Histoires Camper\"],\"inLanguage\":\"fr-FR\"},{\"@type\":\"WebPage\",\"@id\":\"https:\/\/caracolvan.com\/fr\/evolution-du-vw-transporter\/\",\"url\":\"https:\/\/caracolvan.com\/fr\/evolution-du-vw-transporter\/\",\"name\":\"Evolution du Vw transporter - Le blog de Caracolvan\",\"isPartOf\":{\"@id\":\"https:\/\/caracolvan.com\/fr\/#website\"},\"primaryImageOfPage\":{\"@id\":\"https:\/\/caracolvan.com\/fr\/evolution-du-vw-transporter\/#primaryimage\"},\"image\":{\"@id\":\"https:\/\/caracolvan.com\/fr\/evolution-du-vw-transporter\/#primaryimage\"},\"thumbnailUrl\":\"https:\/\/caracolvan.com\/wp-content\/uploads\/2017\/12\/volkswagen-camper-models-infograph-1.png\",\"datePublished\":\"2017-12-27T23:55:36+00:00\",\"dateModified\":\"2023-09-27T09:19:09+00:00\",\"description\":\"Tout a commenc\u00e9 en 1947 gr\u00e2ce au N\u00e9erlandais Ben Pon, ont quitt\u00e9 depuis plusieurs mod\u00e8les, chacun avec son histoire et la beaut\u00e9 unique. Dans cet article, nous avons \u00e9crit nous vous dire comment \u00e9tait l'\u00e9volution du courant Vw T6: \\\"Histoire du camper van Vw\\\". \u00a0 \u00a0\",\"breadcrumb\":{\"@id\":\"https:\/\/caracolvan.com\/fr\/evolution-du-vw-transporter\/#breadcrumb\"},\"inLanguage\":\"fr-FR\",\"potentialAction\":[{\"@type\":\"ReadAction\",\"target\":[\"https:\/\/caracolvan.com\/fr\/evolution-du-vw-transporter\/\"]}]},{\"@type\":\"ImageObject\",\"inLanguage\":\"fr-FR\",\"@id\":\"https:\/\/caracolvan.com\/fr\/evolution-du-vw-transporter\/#primaryimage\",\"url\":\"https:\/\/caracolvan.com\/wp-content\/uploads\/2017\/12\/volkswagen-camper-models-infograph-1.png\",\"contentUrl\":\"https:\/\/caracolvan.com\/wp-content\/uploads\/2017\/12\/volkswagen-camper-models-infograph-1.png\",\"width\":600,\"height\":379,\"caption\":\"Mod\u00e8les Volkswagen Camper van\"},{\"@type\":\"BreadcrumbList\",\"@id\":\"https:\/\/caracolvan.com\/fr\/evolution-du-vw-transporter\/#breadcrumb\",\"itemListElement\":[{\"@type\":\"ListItem\",\"position\":1,\"name\":\"Portada\",\"item\":\"https:\/\/caracolvan.com\/fr\/\"},{\"@type\":\"ListItem\",\"position\":2,\"name\":\"Evolution du Vw transporter\"}]},{\"@type\":\"WebSite\",\"@id\":\"https:\/\/caracolvan.com\/fr\/#website\",\"url\":\"https:\/\/caracolvan.com\/fr\/\",\"name\":\"Alquiler Camper Rental - Caracolvan\",\"description\":\"Alquiler de furgonetas camper y autocaravanas\",\"publisher\":{\"@id\":\"https:\/\/caracolvan.com\/fr\/#organization\"},\"potentialAction\":[{\"@type\":\"SearchAction\",\"target\":{\"@type\":\"EntryPoint\",\"urlTemplate\":\"https:\/\/caracolvan.com\/fr\/?s={search_term_string}\"},\"query-input\":{\"@type\":\"PropertyValueSpecification\",\"valueRequired\":true,\"valueName\":\"search_term_string\"}}],\"inLanguage\":\"fr-FR\"},{\"@type\":\"Organization\",\"@id\":\"https:\/\/caracolvan.com\/fr\/#organization\",\"name\":\"Caracolvan\",\"url\":\"https:\/\/caracolvan.com\/fr\/\",\"logo\":{\"@type\":\"ImageObject\",\"inLanguage\":\"fr-FR\",\"@id\":\"https:\/\/caracolvan.com\/fr\/#\/schema\/logo\/image\/\",\"url\":\"https:\/\/caracolvan.com\/wp-content\/uploads\/2023\/08\/caracolvan-logotipo.jpg\",\"contentUrl\":\"https:\/\/caracolvan.com\/wp-content\/uploads\/2023\/08\/caracolvan-logotipo.jpg\",\"width\":696,\"height\":696,\"caption\":\"Caracolvan\"},\"image\":{\"@id\":\"https:\/\/caracolvan.com\/fr\/#\/schema\/logo\/image\/\"},\"sameAs\":[\"https:\/\/www.facebook.com\/Caracolvan\/\",\"https:\/\/x.com\/Caracolvan\"]},{\"@type\":\"Person\",\"@id\":\"https:\/\/caracolvan.com\/fr\/#\/schema\/person\/4082cf95fd1be29a0f617f570d486970\",\"name\":\"Nacho Fern\u00e1ndez del Blanco\",\"image\":{\"@type\":\"ImageObject\",\"inLanguage\":\"fr-FR\",\"@id\":\"https:\/\/secure.gravatar.com\/avatar\/5f8fedd8535cdaa35a42bf0efb2be3e81fcaa7f2be2f6f0c41a988485f85d39d?s=96&d=mm&r=g\",\"url\":\"https:\/\/secure.gravatar.com\/avatar\/5f8fedd8535cdaa35a42bf0efb2be3e81fcaa7f2be2f6f0c41a988485f85d39d?s=96&d=mm&r=g\",\"contentUrl\":\"https:\/\/secure.gravatar.com\/avatar\/5f8fedd8535cdaa35a42bf0efb2be3e81fcaa7f2be2f6f0c41a988485f85d39d?s=96&d=mm&r=g\",\"caption\":\"Nacho Fern\u00e1ndez del Blanco\"},\"url\":\"https:\/\/caracolvan.com\/fr\/author\/nacho\/\"}]}<\/script>\n<!-- \/ Yoast SEO Premium plugin. -->","yoast_head_json":{"title":"Evolution du Vw transporter - Le blog de Caracolvan","description":"Tout a commenc\u00e9 en 1947 gr\u00e2ce au N\u00e9erlandais Ben Pon, ont quitt\u00e9 depuis plusieurs mod\u00e8les, chacun avec son histoire et la beaut\u00e9 unique. Dans cet article, nous avons \u00e9crit nous vous dire comment \u00e9tait l'\u00e9volution du courant Vw T6: \"Histoire du camper van Vw\". \u00a0 \u00a0","robots":{"index":"index","follow":"follow","max-snippet":"max-snippet:-1","max-image-preview":"max-image-preview:large","max-video-preview":"max-video-preview:-1"},"canonical":"https:\/\/caracolvan.com\/fr\/evolution-du-vw-transporter\/","og_locale":"fr_FR","og_type":"article","og_title":"Evolution du Vw transporter","og_description":"Tout a commenc\u00e9 en 1947 gr\u00e2ce au N\u00e9erlandais Ben Pon, ont quitt\u00e9 depuis plusieurs mod\u00e8les, chacun avec son histoire et la beaut\u00e9 unique. Dans cet article, nous avons \u00e9crit nous vous dire comment \u00e9tait l'\u00e9volution du courant Vw T6: \"Histoire du camper van Vw\". \u00a0 \u00a0","og_url":"https:\/\/caracolvan.com\/fr\/evolution-du-vw-transporter\/","og_site_name":"Alquiler Camper Rental - Caracolvan","article_publisher":"https:\/\/www.facebook.com\/Caracolvan\/","article_published_time":"2017-12-27T23:55:36+00:00","article_modified_time":"2023-09-27T09:19:09+00:00","og_image":[{"width":600,"height":379,"url":"https:\/\/caracolvan.com\/wp-content\/uploads\/2017\/12\/volkswagen-camper-models-infograph-1.png","type":"image\/png"}],"author":"Nacho Fern\u00e1ndez del Blanco","twitter_card":"summary_large_image","twitter_creator":"@Caracolvan","twitter_site":"@Caracolvan","twitter_misc":{"\u00c9crit par":"Nacho Fern\u00e1ndez del Blanco","Dur\u00e9e de lecture estim\u00e9e":"1 minute"},"schema":{"@context":"https:\/\/schema.org","@graph":[{"@type":"Article","@id":"https:\/\/caracolvan.com\/fr\/evolution-du-vw-transporter\/#article","isPartOf":{"@id":"https:\/\/caracolvan.com\/fr\/evolution-du-vw-transporter\/"},"author":{"name":"Nacho Fern\u00e1ndez del Blanco","@id":"https:\/\/caracolvan.com\/fr\/#\/schema\/person\/4082cf95fd1be29a0f617f570d486970"},"headline":"Evolution du Vw transporter","datePublished":"2017-12-27T23:55:36+00:00","dateModified":"2023-09-27T09:19:09+00:00","mainEntityOfPage":{"@id":"https:\/\/caracolvan.com\/fr\/evolution-du-vw-transporter\/"},"wordCount":112,"publisher":{"@id":"https:\/\/caracolvan.com\/fr\/#organization"},"image":{"@id":"https:\/\/caracolvan.com\/fr\/evolution-du-vw-transporter\/#primaryimage"},"thumbnailUrl":"https:\/\/caracolvan.com\/wp-content\/uploads\/2017\/12\/volkswagen-camper-models-infograph-1.png","articleSection":["Histoires Camper"],"inLanguage":"fr-FR"},{"@type":"WebPage","@id":"https:\/\/caracolvan.com\/fr\/evolution-du-vw-transporter\/","url":"https:\/\/caracolvan.com\/fr\/evolution-du-vw-transporter\/","name":"Evolution du Vw transporter - Le blog de Caracolvan","isPartOf":{"@id":"https:\/\/caracolvan.com\/fr\/#website"},"primaryImageOfPage":{"@id":"https:\/\/caracolvan.com\/fr\/evolution-du-vw-transporter\/#primaryimage"},"image":{"@id":"https:\/\/caracolvan.com\/fr\/evolution-du-vw-transporter\/#primaryimage"},"thumbnailUrl":"https:\/\/caracolvan.com\/wp-content\/uploads\/2017\/12\/volkswagen-camper-models-infograph-1.png","datePublished":"2017-12-27T23:55:36+00:00","dateModified":"2023-09-27T09:19:09+00:00","description":"Tout a commenc\u00e9 en 1947 gr\u00e2ce au N\u00e9erlandais Ben Pon, ont quitt\u00e9 depuis plusieurs mod\u00e8les, chacun avec son histoire et la beaut\u00e9 unique. Dans cet article, nous avons \u00e9crit nous vous dire comment \u00e9tait l'\u00e9volution du courant Vw T6: \"Histoire du camper van Vw\". \u00a0 \u00a0","breadcrumb":{"@id":"https:\/\/caracolvan.com\/fr\/evolution-du-vw-transporter\/#breadcrumb"},"inLanguage":"fr-FR","potentialAction":[{"@type":"ReadAction","target":["https:\/\/caracolvan.com\/fr\/evolution-du-vw-transporter\/"]}]},{"@type":"ImageObject","inLanguage":"fr-FR","@id":"https:\/\/caracolvan.com\/fr\/evolution-du-vw-transporter\/#primaryimage","url":"https:\/\/caracolvan.com\/wp-content\/uploads\/2017\/12\/volkswagen-camper-models-infograph-1.png","contentUrl":"https:\/\/caracolvan.com\/wp-content\/uploads\/2017\/12\/volkswagen-camper-models-infograph-1.png","width":600,"height":379,"caption":"Mod\u00e8les Volkswagen Camper van"},{"@type":"BreadcrumbList","@id":"https:\/\/caracolvan.com\/fr\/evolution-du-vw-transporter\/#breadcrumb","itemListElement":[{"@type":"ListItem","position":1,"name":"Portada","item":"https:\/\/caracolvan.com\/fr\/"},{"@type":"ListItem","position":2,"name":"Evolution du Vw transporter"}]},{"@type":"WebSite","@id":"https:\/\/caracolvan.com\/fr\/#website","url":"https:\/\/caracolvan.com\/fr\/","name":"Alquiler Camper Rental - Caracolvan","description":"Alquiler de furgonetas camper y autocaravanas","publisher":{"@id":"https:\/\/caracolvan.com\/fr\/#organization"},"potentialAction":[{"@type":"SearchAction","target":{"@type":"EntryPoint","urlTemplate":"https:\/\/caracolvan.com\/fr\/?s={search_term_string}"},"query-input":{"@type":"PropertyValueSpecification","valueRequired":true,"valueName":"search_term_string"}}],"inLanguage":"fr-FR"},{"@type":"Organization","@id":"https:\/\/caracolvan.com\/fr\/#organization","name":"Caracolvan","url":"https:\/\/caracolvan.com\/fr\/","logo":{"@type":"ImageObject","inLanguage":"fr-FR","@id":"https:\/\/caracolvan.com\/fr\/#\/schema\/logo\/image\/","url":"https:\/\/caracolvan.com\/wp-content\/uploads\/2023\/08\/caracolvan-logotipo.jpg","contentUrl":"https:\/\/caracolvan.com\/wp-content\/uploads\/2023\/08\/caracolvan-logotipo.jpg","width":696,"height":696,"caption":"Caracolvan"},"image":{"@id":"https:\/\/caracolvan.com\/fr\/#\/schema\/logo\/image\/"},"sameAs":["https:\/\/www.facebook.com\/Caracolvan\/","https:\/\/x.com\/Caracolvan"]},{"@type":"Person","@id":"https:\/\/caracolvan.com\/fr\/#\/schema\/person\/4082cf95fd1be29a0f617f570d486970","name":"Nacho Fern\u00e1ndez del Blanco","image":{"@type":"ImageObject","inLanguage":"fr-FR","@id":"https:\/\/secure.gravatar.com\/avatar\/5f8fedd8535cdaa35a42bf0efb2be3e81fcaa7f2be2f6f0c41a988485f85d39d?s=96&d=mm&r=g","url":"https:\/\/secure.gravatar.com\/avatar\/5f8fedd8535cdaa35a42bf0efb2be3e81fcaa7f2be2f6f0c41a988485f85d39d?s=96&d=mm&r=g","contentUrl":"https:\/\/secure.gravatar.com\/avatar\/5f8fedd8535cdaa35a42bf0efb2be3e81fcaa7f2be2f6f0c41a988485f85d39d?s=96&d=mm&r=g","caption":"Nacho Fern\u00e1ndez del Blanco"},"url":"https:\/\/caracolvan.com\/fr\/author\/nacho\/"}]}},"_links":{"self":[{"href":"https:\/\/caracolvan.com\/fr\/wp-json\/wp\/v2\/posts\/3467","targetHints":{"allow":["GET"]}}],"collection":[{"href":"https:\/\/caracolvan.com\/fr\/wp-json\/wp\/v2\/posts"}],"about":[{"href":"https:\/\/caracolvan.com\/fr\/wp-json\/wp\/v2\/types\/post"}],"author":[{"embeddable":true,"href":"https:\/\/caracolvan.com\/fr\/wp-json\/wp\/v2\/users\/4"}],"replies":[{"embeddable":true,"href":"https:\/\/caracolvan.com\/fr\/wp-json\/wp\/v2\/comments?post=3467"}],"version-history":[{"count":3,"href":"https:\/\/caracolvan.com\/fr\/wp-json\/wp\/v2\/posts\/3467\/revisions"}],"predecessor-version":[{"id":14492,"href":"https:\/\/caracolvan.com\/fr\/wp-json\/wp\/v2\/posts\/3467\/revisions\/14492"}],"wp:featuredmedia":[{"embeddable":true,"href":"https:\/\/caracolvan.com\/fr\/wp-json\/wp\/v2\/media\/3468"}],"wp:attachment":[{"href":"https:\/\/caracolvan.com\/fr\/wp-json\/wp\/v2\/media?parent=3467"}],"wp:term":[{"taxonomy":"category","embeddable":true,"href":"https:\/\/caracolvan.com\/fr\/wp-json\/wp\/v2\/categories?post=3467"},{"taxonomy":"post_tag","embeddable":true,"href":"https:\/\/caracolvan.com\/fr\/wp-json\/wp\/v2\/tags?post=3467"}],"curies":[{"name":"wp","href":"https:\/\/api.w.org\/{rel}","templated":true}]}}