{"id":3543,"date":"2017-12-27T23:55:36","date_gmt":"2017-12-27T23:55:36","guid":{"rendered":"https:\/\/www.caracolvan.com\/2017\/12\/27\/location-camping-car-en-espagne\/"},"modified":"2023-09-27T12:56:01","modified_gmt":"2023-09-27T10:56:01","slug":"location-camping-car-en-espagne","status":"publish","type":"post","link":"https:\/\/caracolvan.com\/fr\/location-camping-car-en-espagne\/","title":{"rendered":"Location camping-car en espagne"},"content":{"rendered":"<p>&nbsp;<\/p>\n<div>\n<p><iframe src=\"https:\/\/www.youtube.com\/embed\/rC07bXiRYdk\" width=\"100%\" height=\"315\" frameborder=\"0\" allowfullscreen=\"allowfullscreen\"><\/iframe><\/p>\n<div style=\"text-align: justify;\"><\/div>\n<div style=\"text-align: justify;\">Avec cette passion envers la <strong>nature<\/strong>, les <strong>loisirs<\/strong>, le <strong>camping<\/strong>, des plages et des sc\u00e9narios diff\u00e9rents et merveilleux qui nous montre <strong>l'Andalousie<\/strong>, n\u00e9 Caracolvan, dans le but d'apporter de nombreuses et loin que la passion.<\/div>\n<div style=\"text-align: justify;\"><\/div>\n<div style=\"text-align: justify;\"><strong>Voyager \u00e0 bord d'un camping-car<\/strong> nous donne la possibilit\u00e9 d' \u00e9chapper \u00e0 la routine et profiter de paradis nous montre en Andalousie. La soci\u00e9t\u00e9 a vans <strong><a href=\"http:\/\/www.caracolvan.com\/fr\/location-van-espagne\/location-vw-camping-car-classique\">Volkswagen classiques<\/a><\/strong> comme, une r\u00e9f\u00e9rence dans le monde de Camper. Le mod\u00e8le californien reste un classique apr\u00e8s 20 ans de production, en plus de tout ce dont vous avez besoin.<\/div>\n<div style=\"text-align: justify;\"><\/div>\n<div style=\"text-align: justify;\">Ce type de van dispose d'une cuisine, un r\u00e9frig\u00e9rateur, un r\u00e9servoir d'eau, si\u00e8ges pivotants, armoires,deux lits doubles... Sans doute l'une de ses principales caract\u00e9ristiques est son toit de pop-up.<\/div>\n<div style=\"text-align: justify;\"><\/div>\n<div style=\"text-align: justify;\">Aussi connu sous le nom <strong>Vw Kombi<\/strong> ou \" Bulli \" Caracolvan vous offre \u00e9galement la <em><a href=\"https:\/\/caracolvan.com\/fr\/volkswagen-t6-california\/\">Vw T2 Camper<\/a><\/em>, le plus classique de tous. Ses formes arrondies et la silhouette originale font un mod\u00e8le unique et nous transportent dans un autre temps. Il a une tr\u00e8s d\u00e9taill\u00e9e des caract\u00e9ristiques esth\u00e9tiques et beaucoup, surtout compte tenu de son \u00e2ge.<\/div>\n<div style=\"text-align: justify;\"><\/div>\n<div style=\"text-align: justify;\"><strong><a href=\"http:\/\/www.caracolvan.com\/fr\/\">Caracolvan<\/a><\/strong> vous attend dans diff\u00e9rentes et les principaux a\u00e9roports, les gares et les bus de <strong>Cadix <\/strong>et de <strong>S\u00e9ville <\/strong>pour les courts trajets et longue distance. Marchez dans les meilleures plages et de la randonn\u00e9e en Andalousie \u00e0 bord d'un VW Camper authentique, un classique.<\/div>\n<div style=\"text-align: justify;\"><\/div>\n<div style=\"text-align: justify;\"><em>Que pourriez -vous prendre votre maison avec vous partout o\u00f9 vous allez? <\/em><\/div>\n<div style=\"text-align: justify;\"><\/div>\n<div style=\"text-align: justify;\">S'il vous pla\u00eet nous <strong><a href=\"http:\/\/www.caracolvan.com\/fr\/contact\">contacter<\/a><\/strong> pour plus d'informations<\/div>\n<\/div>\n<p>&nbsp;<\/p>\n","protected":false},"excerpt":{"rendered":"<p>&nbsp; Avec cette passion envers la nature, les loisirs, le  [...]<\/p>\n","protected":false},"author":4,"featured_media":7140,"comment_status":"closed","ping_status":"open","sticky":false,"template":"","format":"standard","meta":{"_joinchat":[],"footnotes":""},"categories":[36],"tags":[],"class_list":["post-3543","post","type-post","status-publish","format-standard","has-post-thumbnail","hentry","category-conseils-camper"],"yoast_head":"<!-- This site is optimized with the Yoast SEO Premium plugin v27.2 (Yoast SEO v27.2) - https:\/\/yoast.com\/product\/yoast-seo-premium-wordpress\/ -->\n<title>Location camping-car en espagne - Le blog de Caracolvan<\/title>\n<meta name=\"description\" content=\"Avec cette passion envers la nature, les loisirs, le camping, des plages et des sc\u00e9narios diff\u00e9rents et merveilleux qui nous montre l&#039;Andalousie, n\u00e9 Caracolvan, dans le but d&#039;apporter de nombreuses et loin que la passion.\" \/>\n<meta name=\"robots\" content=\"index, follow, max-snippet:-1, max-image-preview:large, max-video-preview:-1\" \/>\n<link rel=\"canonical\" href=\"https:\/\/caracolvan.com\/fr\/location-camping-car-en-espagne\/\" \/>\n<meta property=\"og:locale\" content=\"fr_FR\" \/>\n<meta property=\"og:type\" content=\"article\" \/>\n<meta property=\"og:title\" content=\"Location camping-car en espagne\" \/>\n<meta property=\"og:description\" content=\"Avec cette passion envers la nature, les loisirs, le camping, des plages et des sc\u00e9narios diff\u00e9rents et merveilleux qui nous montre l&#039;Andalousie, n\u00e9 Caracolvan, dans le but d&#039;apporter de nombreuses et loin que la passion.\" \/>\n<meta property=\"og:url\" content=\"https:\/\/caracolvan.com\/fr\/location-camping-car-en-espagne\/\" \/>\n<meta property=\"og:site_name\" content=\"Alquiler Camper Rental - Caracolvan\" \/>\n<meta property=\"article:publisher\" content=\"https:\/\/www.facebook.com\/Caracolvan\/\" \/>\n<meta property=\"article:published_time\" content=\"2017-12-27T23:55:36+00:00\" \/>\n<meta property=\"article:modified_time\" content=\"2023-09-27T10:56:01+00:00\" \/>\n<meta property=\"og:image\" content=\"https:\/\/caracolvan.com\/wp-content\/uploads\/2018\/05\/logo-caracolvan-2018.jpg\" \/>\n\t<meta property=\"og:image:width\" content=\"800\" \/>\n\t<meta property=\"og:image:height\" content=\"550\" \/>\n\t<meta property=\"og:image:type\" content=\"image\/jpeg\" \/>\n<meta name=\"author\" content=\"Nacho Fern\u00e1ndez del Blanco\" \/>\n<meta name=\"twitter:card\" content=\"summary_large_image\" \/>\n<meta name=\"twitter:creator\" content=\"@Caracolvan\" \/>\n<meta name=\"twitter:site\" content=\"@Caracolvan\" \/>\n<meta name=\"twitter:label1\" content=\"\u00c9crit par\" \/>\n\t<meta name=\"twitter:data1\" content=\"Nacho Fern\u00e1ndez del Blanco\" \/>\n\t<meta name=\"twitter:label2\" content=\"Dur\u00e9e de lecture estim\u00e9e\" \/>\n\t<meta name=\"twitter:data2\" content=\"2 minutes\" \/>\n<script type=\"application\/ld+json\" class=\"yoast-schema-graph\">{\"@context\":\"https:\/\/schema.org\",\"@graph\":[{\"@type\":\"Article\",\"@id\":\"https:\/\/caracolvan.com\/fr\/location-camping-car-en-espagne\/#article\",\"isPartOf\":{\"@id\":\"https:\/\/caracolvan.com\/fr\/location-camping-car-en-espagne\/\"},\"author\":{\"name\":\"Nacho Fern\u00e1ndez del Blanco\",\"@id\":\"https:\/\/caracolvan.com\/fr\/#\/schema\/person\/4082cf95fd1be29a0f617f570d486970\"},\"headline\":\"Location camping-car en espagne\",\"datePublished\":\"2017-12-27T23:55:36+00:00\",\"dateModified\":\"2023-09-27T10:56:01+00:00\",\"mainEntityOfPage\":{\"@id\":\"https:\/\/caracolvan.com\/fr\/location-camping-car-en-espagne\/\"},\"wordCount\":276,\"publisher\":{\"@id\":\"https:\/\/caracolvan.com\/fr\/#organization\"},\"image\":{\"@id\":\"https:\/\/caracolvan.com\/fr\/location-camping-car-en-espagne\/#primaryimage\"},\"thumbnailUrl\":\"https:\/\/caracolvan.com\/wp-content\/uploads\/2018\/05\/logo-caracolvan-2018.jpg\",\"articleSection\":[\"Conseils Camper\"],\"inLanguage\":\"fr-FR\"},{\"@type\":\"WebPage\",\"@id\":\"https:\/\/caracolvan.com\/fr\/location-camping-car-en-espagne\/\",\"url\":\"https:\/\/caracolvan.com\/fr\/location-camping-car-en-espagne\/\",\"name\":\"Location camping-car en espagne - Le blog de Caracolvan\",\"isPartOf\":{\"@id\":\"https:\/\/caracolvan.com\/fr\/#website\"},\"primaryImageOfPage\":{\"@id\":\"https:\/\/caracolvan.com\/fr\/location-camping-car-en-espagne\/#primaryimage\"},\"image\":{\"@id\":\"https:\/\/caracolvan.com\/fr\/location-camping-car-en-espagne\/#primaryimage\"},\"thumbnailUrl\":\"https:\/\/caracolvan.com\/wp-content\/uploads\/2018\/05\/logo-caracolvan-2018.jpg\",\"datePublished\":\"2017-12-27T23:55:36+00:00\",\"dateModified\":\"2023-09-27T10:56:01+00:00\",\"description\":\"Avec cette passion envers la nature, les loisirs, le camping, des plages et des sc\u00e9narios diff\u00e9rents et merveilleux qui nous montre l'Andalousie, n\u00e9 Caracolvan, dans le but d'apporter de nombreuses et loin que la passion.\",\"breadcrumb\":{\"@id\":\"https:\/\/caracolvan.com\/fr\/location-camping-car-en-espagne\/#breadcrumb\"},\"inLanguage\":\"fr-FR\",\"potentialAction\":[{\"@type\":\"ReadAction\",\"target\":[\"https:\/\/caracolvan.com\/fr\/location-camping-car-en-espagne\/\"]}]},{\"@type\":\"ImageObject\",\"inLanguage\":\"fr-FR\",\"@id\":\"https:\/\/caracolvan.com\/fr\/location-camping-car-en-espagne\/#primaryimage\",\"url\":\"https:\/\/caracolvan.com\/wp-content\/uploads\/2018\/05\/logo-caracolvan-2018.jpg\",\"contentUrl\":\"https:\/\/caracolvan.com\/wp-content\/uploads\/2018\/05\/logo-caracolvan-2018.jpg\",\"width\":800,\"height\":550},{\"@type\":\"BreadcrumbList\",\"@id\":\"https:\/\/caracolvan.com\/fr\/location-camping-car-en-espagne\/#breadcrumb\",\"itemListElement\":[{\"@type\":\"ListItem\",\"position\":1,\"name\":\"Portada\",\"item\":\"https:\/\/caracolvan.com\/fr\/\"},{\"@type\":\"ListItem\",\"position\":2,\"name\":\"Location camping-car en espagne\"}]},{\"@type\":\"WebSite\",\"@id\":\"https:\/\/caracolvan.com\/fr\/#website\",\"url\":\"https:\/\/caracolvan.com\/fr\/\",\"name\":\"Alquiler Camper Rental - Caracolvan\",\"description\":\"Alquiler de furgonetas camper y autocaravanas\",\"publisher\":{\"@id\":\"https:\/\/caracolvan.com\/fr\/#organization\"},\"potentialAction\":[{\"@type\":\"SearchAction\",\"target\":{\"@type\":\"EntryPoint\",\"urlTemplate\":\"https:\/\/caracolvan.com\/fr\/?s={search_term_string}\"},\"query-input\":{\"@type\":\"PropertyValueSpecification\",\"valueRequired\":true,\"valueName\":\"search_term_string\"}}],\"inLanguage\":\"fr-FR\"},{\"@type\":\"Organization\",\"@id\":\"https:\/\/caracolvan.com\/fr\/#organization\",\"name\":\"Caracolvan\",\"url\":\"https:\/\/caracolvan.com\/fr\/\",\"logo\":{\"@type\":\"ImageObject\",\"inLanguage\":\"fr-FR\",\"@id\":\"https:\/\/caracolvan.com\/fr\/#\/schema\/logo\/image\/\",\"url\":\"https:\/\/caracolvan.com\/wp-content\/uploads\/2023\/08\/caracolvan-logotipo.jpg\",\"contentUrl\":\"https:\/\/caracolvan.com\/wp-content\/uploads\/2023\/08\/caracolvan-logotipo.jpg\",\"width\":696,\"height\":696,\"caption\":\"Caracolvan\"},\"image\":{\"@id\":\"https:\/\/caracolvan.com\/fr\/#\/schema\/logo\/image\/\"},\"sameAs\":[\"https:\/\/www.facebook.com\/Caracolvan\/\",\"https:\/\/x.com\/Caracolvan\"]},{\"@type\":\"Person\",\"@id\":\"https:\/\/caracolvan.com\/fr\/#\/schema\/person\/4082cf95fd1be29a0f617f570d486970\",\"name\":\"Nacho Fern\u00e1ndez del Blanco\",\"image\":{\"@type\":\"ImageObject\",\"inLanguage\":\"fr-FR\",\"@id\":\"https:\/\/secure.gravatar.com\/avatar\/5f8fedd8535cdaa35a42bf0efb2be3e81fcaa7f2be2f6f0c41a988485f85d39d?s=96&d=mm&r=g\",\"url\":\"https:\/\/secure.gravatar.com\/avatar\/5f8fedd8535cdaa35a42bf0efb2be3e81fcaa7f2be2f6f0c41a988485f85d39d?s=96&d=mm&r=g\",\"contentUrl\":\"https:\/\/secure.gravatar.com\/avatar\/5f8fedd8535cdaa35a42bf0efb2be3e81fcaa7f2be2f6f0c41a988485f85d39d?s=96&d=mm&r=g\",\"caption\":\"Nacho Fern\u00e1ndez del Blanco\"},\"url\":\"https:\/\/caracolvan.com\/fr\/author\/nacho\/\"}]}<\/script>\n<!-- \/ Yoast SEO Premium plugin. -->","yoast_head_json":{"title":"Location camping-car en espagne - Le blog de Caracolvan","description":"Avec cette passion envers la nature, les loisirs, le camping, des plages et des sc\u00e9narios diff\u00e9rents et merveilleux qui nous montre l'Andalousie, n\u00e9 Caracolvan, dans le but d'apporter de nombreuses et loin que la passion.","robots":{"index":"index","follow":"follow","max-snippet":"max-snippet:-1","max-image-preview":"max-image-preview:large","max-video-preview":"max-video-preview:-1"},"canonical":"https:\/\/caracolvan.com\/fr\/location-camping-car-en-espagne\/","og_locale":"fr_FR","og_type":"article","og_title":"Location camping-car en espagne","og_description":"Avec cette passion envers la nature, les loisirs, le camping, des plages et des sc\u00e9narios diff\u00e9rents et merveilleux qui nous montre l'Andalousie, n\u00e9 Caracolvan, dans le but d'apporter de nombreuses et loin que la passion.","og_url":"https:\/\/caracolvan.com\/fr\/location-camping-car-en-espagne\/","og_site_name":"Alquiler Camper Rental - Caracolvan","article_publisher":"https:\/\/www.facebook.com\/Caracolvan\/","article_published_time":"2017-12-27T23:55:36+00:00","article_modified_time":"2023-09-27T10:56:01+00:00","og_image":[{"width":800,"height":550,"url":"https:\/\/caracolvan.com\/wp-content\/uploads\/2018\/05\/logo-caracolvan-2018.jpg","type":"image\/jpeg"}],"author":"Nacho Fern\u00e1ndez del Blanco","twitter_card":"summary_large_image","twitter_creator":"@Caracolvan","twitter_site":"@Caracolvan","twitter_misc":{"\u00c9crit par":"Nacho Fern\u00e1ndez del Blanco","Dur\u00e9e de lecture estim\u00e9e":"2 minutes"},"schema":{"@context":"https:\/\/schema.org","@graph":[{"@type":"Article","@id":"https:\/\/caracolvan.com\/fr\/location-camping-car-en-espagne\/#article","isPartOf":{"@id":"https:\/\/caracolvan.com\/fr\/location-camping-car-en-espagne\/"},"author":{"name":"Nacho Fern\u00e1ndez del Blanco","@id":"https:\/\/caracolvan.com\/fr\/#\/schema\/person\/4082cf95fd1be29a0f617f570d486970"},"headline":"Location camping-car en espagne","datePublished":"2017-12-27T23:55:36+00:00","dateModified":"2023-09-27T10:56:01+00:00","mainEntityOfPage":{"@id":"https:\/\/caracolvan.com\/fr\/location-camping-car-en-espagne\/"},"wordCount":276,"publisher":{"@id":"https:\/\/caracolvan.com\/fr\/#organization"},"image":{"@id":"https:\/\/caracolvan.com\/fr\/location-camping-car-en-espagne\/#primaryimage"},"thumbnailUrl":"https:\/\/caracolvan.com\/wp-content\/uploads\/2018\/05\/logo-caracolvan-2018.jpg","articleSection":["Conseils Camper"],"inLanguage":"fr-FR"},{"@type":"WebPage","@id":"https:\/\/caracolvan.com\/fr\/location-camping-car-en-espagne\/","url":"https:\/\/caracolvan.com\/fr\/location-camping-car-en-espagne\/","name":"Location camping-car en espagne - Le blog de Caracolvan","isPartOf":{"@id":"https:\/\/caracolvan.com\/fr\/#website"},"primaryImageOfPage":{"@id":"https:\/\/caracolvan.com\/fr\/location-camping-car-en-espagne\/#primaryimage"},"image":{"@id":"https:\/\/caracolvan.com\/fr\/location-camping-car-en-espagne\/#primaryimage"},"thumbnailUrl":"https:\/\/caracolvan.com\/wp-content\/uploads\/2018\/05\/logo-caracolvan-2018.jpg","datePublished":"2017-12-27T23:55:36+00:00","dateModified":"2023-09-27T10:56:01+00:00","description":"Avec cette passion envers la nature, les loisirs, le camping, des plages et des sc\u00e9narios diff\u00e9rents et merveilleux qui nous montre l'Andalousie, n\u00e9 Caracolvan, dans le but d'apporter de nombreuses et loin que la passion.","breadcrumb":{"@id":"https:\/\/caracolvan.com\/fr\/location-camping-car-en-espagne\/#breadcrumb"},"inLanguage":"fr-FR","potentialAction":[{"@type":"ReadAction","target":["https:\/\/caracolvan.com\/fr\/location-camping-car-en-espagne\/"]}]},{"@type":"ImageObject","inLanguage":"fr-FR","@id":"https:\/\/caracolvan.com\/fr\/location-camping-car-en-espagne\/#primaryimage","url":"https:\/\/caracolvan.com\/wp-content\/uploads\/2018\/05\/logo-caracolvan-2018.jpg","contentUrl":"https:\/\/caracolvan.com\/wp-content\/uploads\/2018\/05\/logo-caracolvan-2018.jpg","width":800,"height":550},{"@type":"BreadcrumbList","@id":"https:\/\/caracolvan.com\/fr\/location-camping-car-en-espagne\/#breadcrumb","itemListElement":[{"@type":"ListItem","position":1,"name":"Portada","item":"https:\/\/caracolvan.com\/fr\/"},{"@type":"ListItem","position":2,"name":"Location camping-car en espagne"}]},{"@type":"WebSite","@id":"https:\/\/caracolvan.com\/fr\/#website","url":"https:\/\/caracolvan.com\/fr\/","name":"Alquiler Camper Rental - Caracolvan","description":"Alquiler de furgonetas camper y autocaravanas","publisher":{"@id":"https:\/\/caracolvan.com\/fr\/#organization"},"potentialAction":[{"@type":"SearchAction","target":{"@type":"EntryPoint","urlTemplate":"https:\/\/caracolvan.com\/fr\/?s={search_term_string}"},"query-input":{"@type":"PropertyValueSpecification","valueRequired":true,"valueName":"search_term_string"}}],"inLanguage":"fr-FR"},{"@type":"Organization","@id":"https:\/\/caracolvan.com\/fr\/#organization","name":"Caracolvan","url":"https:\/\/caracolvan.com\/fr\/","logo":{"@type":"ImageObject","inLanguage":"fr-FR","@id":"https:\/\/caracolvan.com\/fr\/#\/schema\/logo\/image\/","url":"https:\/\/caracolvan.com\/wp-content\/uploads\/2023\/08\/caracolvan-logotipo.jpg","contentUrl":"https:\/\/caracolvan.com\/wp-content\/uploads\/2023\/08\/caracolvan-logotipo.jpg","width":696,"height":696,"caption":"Caracolvan"},"image":{"@id":"https:\/\/caracolvan.com\/fr\/#\/schema\/logo\/image\/"},"sameAs":["https:\/\/www.facebook.com\/Caracolvan\/","https:\/\/x.com\/Caracolvan"]},{"@type":"Person","@id":"https:\/\/caracolvan.com\/fr\/#\/schema\/person\/4082cf95fd1be29a0f617f570d486970","name":"Nacho Fern\u00e1ndez del Blanco","image":{"@type":"ImageObject","inLanguage":"fr-FR","@id":"https:\/\/secure.gravatar.com\/avatar\/5f8fedd8535cdaa35a42bf0efb2be3e81fcaa7f2be2f6f0c41a988485f85d39d?s=96&d=mm&r=g","url":"https:\/\/secure.gravatar.com\/avatar\/5f8fedd8535cdaa35a42bf0efb2be3e81fcaa7f2be2f6f0c41a988485f85d39d?s=96&d=mm&r=g","contentUrl":"https:\/\/secure.gravatar.com\/avatar\/5f8fedd8535cdaa35a42bf0efb2be3e81fcaa7f2be2f6f0c41a988485f85d39d?s=96&d=mm&r=g","caption":"Nacho Fern\u00e1ndez del Blanco"},"url":"https:\/\/caracolvan.com\/fr\/author\/nacho\/"}]}},"_links":{"self":[{"href":"https:\/\/caracolvan.com\/fr\/wp-json\/wp\/v2\/posts\/3543","targetHints":{"allow":["GET"]}}],"collection":[{"href":"https:\/\/caracolvan.com\/fr\/wp-json\/wp\/v2\/posts"}],"about":[{"href":"https:\/\/caracolvan.com\/fr\/wp-json\/wp\/v2\/types\/post"}],"author":[{"embeddable":true,"href":"https:\/\/caracolvan.com\/fr\/wp-json\/wp\/v2\/users\/4"}],"replies":[{"embeddable":true,"href":"https:\/\/caracolvan.com\/fr\/wp-json\/wp\/v2\/comments?post=3543"}],"version-history":[{"count":3,"href":"https:\/\/caracolvan.com\/fr\/wp-json\/wp\/v2\/posts\/3543\/revisions"}],"predecessor-version":[{"id":14495,"href":"https:\/\/caracolvan.com\/fr\/wp-json\/wp\/v2\/posts\/3543\/revisions\/14495"}],"wp:featuredmedia":[{"embeddable":true,"href":"https:\/\/caracolvan.com\/fr\/wp-json\/wp\/v2\/media\/7140"}],"wp:attachment":[{"href":"https:\/\/caracolvan.com\/fr\/wp-json\/wp\/v2\/media?parent=3543"}],"wp:term":[{"taxonomy":"category","embeddable":true,"href":"https:\/\/caracolvan.com\/fr\/wp-json\/wp\/v2\/categories?post=3543"},{"taxonomy":"post_tag","embeddable":true,"href":"https:\/\/caracolvan.com\/fr\/wp-json\/wp\/v2\/tags?post=3543"}],"curies":[{"name":"wp","href":"https:\/\/api.w.org\/{rel}","templated":true}]}}