{"id":3544,"date":"2017-12-27T23:55:36","date_gmt":"2017-12-27T23:55:36","guid":{"rendered":"https:\/\/www.caracolvan.com\/2017\/12\/27\/route-a-travers-alpujarra-grenade-espagne\/"},"modified":"2018-05-14T08:59:35","modified_gmt":"2018-05-14T08:59:35","slug":"route-a-travers-alpujarra-grenade-espagne","status":"publish","type":"post","link":"https:\/\/caracolvan.com\/fr\/route-a-travers-alpujarra-grenade-espagne\/","title":{"rendered":"Route \u00e0 travers 'Alpujarra' Grenade, Espagne"},"content":{"rendered":"<p>&nbsp;<\/p>\n<div style=\"text-align: justify;\"><img decoding=\"async\" style=\"width: 545px; height: 314px;\" src=\"https:\/\/caracolvan.com\/wp-content\/uploads\/2017\/12\/alpujarra-granada.jpg\" alt=\"apujarra grenade espagne\" \/><\/div>\n<div style=\"text-align: justify;\"><\/div>\n<div style=\"text-align: justify;\">Si vous cherchez \u00e0 sortir quelques jours dans votre van et votre destination, il est Andalousie et de Grenade, vous ne pouvez pas manquer <em>La Alpujarra<\/em>, un domaine d'int\u00e9r\u00eat particulier et de la grandeur visuelle. Il est l'un des plus inclus dans le voyage \u00e0 travers des <strong>road trip pour Espagne<\/strong>.<\/div>\n<div style=\"text-align: justify;\"><\/div>\n<div style=\"text-align: justify;\">Parmi le parc national de la <strong>Sierra Nevada et la mer M\u00e9diterran\u00e9e est \"La Alpujarra\"<\/strong>, une r\u00e9gion bien connue dans la province de Grenade. Il est une r\u00e9gion compos\u00e9e de vingt municipalit\u00e9s. Ses montagnes escarp\u00e9es, des vall\u00e9es, des ravins et des gorges nous donnent une vue imprenable, surtout au moment o\u00f9 les montagnes sont couvertes par ce manteau blanc; un lieu qui attire de plus en plus d'attention touristique.<\/div>\n<div style=\"text-align: justify;\"><\/div>\n<div style=\"text-align: justify;\">Parmi les municipalit\u00e9s les plus connues sont Lanjar\u00f3n, aussi connu comme la Puerta de la Alpujarra. La r\u00e9gion est \u00e9galement connue pour ses eaux min\u00e9rales. Un endroit parfait pour se d\u00e9tendre. Un autre de ses municipalit\u00e9s et le village le plus connu et le plus grand est \u00d3rgiva.<\/div>\n<div style=\"text-align: justify;\"><\/div>\n<div style=\"text-align: justify;\">Les villages blancs de Ca\u00f1ar, Soport\u00fajar et Carataunas forment le Balcon de la Alpujarra, doit visiter avec les villes de Pampaneira, Bubi\u00f3n et Capileira., Qui permettent au voyageur de contempler l'une des plus belles r\u00e9gions d'Espagne. Nous pouvons passer par ces villes pour rendre la route n\u00e9cessaire Poqueira Gorge. Worth laissant notre camionnette gar\u00e9e en ville pour visiter ces presque dix kilom\u00e8tres<\/div>\n<div style=\"text-align: justify;\"><\/div>\n<h2 style=\"text-align: justify;\">Route Alpujarra<\/h2>\n<div style=\"text-align: justify;\">La meilleure option est de<strong> laisser de la Freedom Square Pampaneira<\/strong>. Les points de vue sur la ville et regarder pour lui sont incroyables. Apr\u00e8s pr\u00e8s de 50 minutes, nous arrivons \u00e0 Bubi\u00f3n, qui traversera le fond. La route vers le prochain village, Capileira passe devant une ferme restaur\u00e9e et \u00e0 travers des terrasses cultiv\u00e9es. particuli\u00e8rement frappant est l'abondance de cerises, pommiers, poiriers et p\u00eachers. Juste deux kilom\u00e8tres apr\u00e8s la mont\u00e9e, nous arrivons \u00e0 Capileira, la plus brillante commune de Barranco, \u00e9tant le plus d'heures d'ensoleillement re\u00e7u.<\/div>\n<div style=\"text-align: justify;\"><\/div>\n<div style=\"text-align: justify;\">Une fois en haut,<strong> il vaut la peine d'aller au naturel Mirador de Eras de Aldeire<\/strong> et contempler les plus belles vues de Barranco. Une fois que nous arrivons \u00e0 Puente Chiscar commence la route vers le sud, en passant le long d'un chemin tranquille, sans hauts et des bas. Apr\u00e8s avoir travers\u00e9 le Barranco de Haza Redonda et le Barranco de las Rosas, nous trouvons une perspective particuli\u00e8re des peuples de Poqueira et leurs maisons blanches. <strong>La vue vers l'id\u00e9e nous laisse nous permet de contempler le bassin de la rivi\u00e8re Poqueira et Mulhac\u00e9n fond<\/strong>. En continuant vers le bas, nous pouvons rencontrer le pont Higuerilla ou Mill, nomm\u00e9 pour le stand \u00e0 c\u00f4t\u00e9 des ruines d'un ancien moulin. Une fois ici, nous pouvons choisir de re-Bubi\u00f3n, \u00e0 travers un ravin ou mirador \u00e9l\u00e9vation secondaire \u00e0 nouveau et continuer \u00e0 Pampaneira.<\/div>\n<div style=\"text-align: justify;\"><\/div>\n<h2 style=\"text-align: justify;\">Gastronomie dans les Alpujarras<\/h2>\n<div style=\"text-align: justify;\"><strong>La gastronomie est un autre aspect qui peut \u00eatre appr\u00e9ci\u00e9 dans la Alpujarra de Grenade.<\/strong> Il a not\u00e9 pour ses viandes et saucisses, en particulier le jambon Trevelez, connu dans le monde entier, et la plus haute commune en Espagne. La r\u00e9gion est \u00e9galement bien connu de ses p\u00e2tisseries mauresques. L'un des endroits o\u00f9 l'on peut garer notre camping-car est le Alpujarra Camping, qui dispose de 36 places pour caravanes. Il est important que, si nous pensions passer la nuit l\u00e0-bas, nous r\u00e9server \u00e0 l'avance. Bien que de toute fa\u00e7on, il y a beaucoup d'endroits qui, bien que pas tous les services, nous passons la nuit.<\/div>\n<div style=\"text-align: justify;\"><\/div>\n<h2 style=\"text-align: justify;\">Temps n\u00e9cessaire<\/h2>\n<div style=\"text-align: justify;\">2 \u00e0 3 jours.<\/div>\n<div style=\"text-align: justify;\"><\/div>\n<h2 style=\"text-align: justify;\">Extension<\/h2>\n<div style=\"text-align: justify;\">Environ 2300 km<\/div>\n<div style=\"text-align: justify;\"><\/div>\n<h2 style=\"text-align: justify;\">Saison<\/h2>\n<div style=\"text-align: justify;\">De Mars \u00e0 Octobre<\/div>\n<p>&nbsp;<\/p>\n","protected":false},"excerpt":{"rendered":"<p>&nbsp; Si vous cherchez \u00e0 sortir quelques jours dans votre  [...]<\/p>\n","protected":false},"author":4,"featured_media":3545,"comment_status":"closed","ping_status":"open","sticky":false,"template":"","format":"standard","meta":{"_joinchat":[],"footnotes":""},"categories":[37,41],"tags":[],"class_list":["post-3544","post","type-post","status-publish","format-standard","has-post-thumbnail","hentry","category-decouvrir-andalousie","category-itineraires-en-camper"],"yoast_head":"<!-- This site is optimized with the Yoast SEO Premium plugin v27.2 (Yoast SEO v27.2) - https:\/\/yoast.com\/product\/yoast-seo-premium-wordpress\/ -->\n<title>Route \u00e0 travers &#039;Alpujarra&#039; Grenade, Espagne - Le blog de Caracolvan<\/title>\n<meta name=\"description\" content=\"Si vous cherchez \u00e0 sortir quelques jours dans votre van et votre destination, il est Andalousie et de Grenade, vous ne pouvez pas manquer La Alpujarra, un domaine d&#039;int\u00e9r\u00eat particulier et de la grandeur visuelle. Il est l&#039;un des plus inclus dans le voyage \u00e0 travers des road trip pour Espagne. \u00a0\" \/>\n<meta name=\"robots\" content=\"index, follow, max-snippet:-1, max-image-preview:large, max-video-preview:-1\" \/>\n<link rel=\"canonical\" href=\"https:\/\/caracolvan.com\/fr\/route-a-travers-alpujarra-grenade-espagne\/\" \/>\n<meta property=\"og:locale\" content=\"fr_FR\" \/>\n<meta property=\"og:type\" content=\"article\" \/>\n<meta property=\"og:title\" content=\"Route \u00e0 travers &#039;Alpujarra&#039; Grenade, Espagne\" \/>\n<meta property=\"og:description\" content=\"Si vous cherchez \u00e0 sortir quelques jours dans votre van et votre destination, il est Andalousie et de Grenade, vous ne pouvez pas manquer La Alpujarra, un domaine d&#039;int\u00e9r\u00eat particulier et de la grandeur visuelle. Il est l&#039;un des plus inclus dans le voyage \u00e0 travers des road trip pour Espagne. \u00a0\" \/>\n<meta property=\"og:url\" content=\"https:\/\/caracolvan.com\/fr\/route-a-travers-alpujarra-grenade-espagne\/\" \/>\n<meta property=\"og:site_name\" content=\"Alquiler Camper Rental - Caracolvan\" \/>\n<meta property=\"article:publisher\" content=\"https:\/\/www.facebook.com\/Caracolvan\/\" \/>\n<meta property=\"article:published_time\" content=\"2017-12-27T23:55:36+00:00\" \/>\n<meta property=\"article:modified_time\" content=\"2018-05-14T08:59:35+00:00\" \/>\n<meta property=\"og:image\" content=\"https:\/\/caracolvan.com\/wp-content\/uploads\/2017\/12\/alpujarra-granada-2.jpg\" \/>\n\t<meta property=\"og:image:width\" content=\"576\" \/>\n\t<meta property=\"og:image:height\" content=\"332\" \/>\n\t<meta property=\"og:image:type\" content=\"image\/jpeg\" \/>\n<meta name=\"author\" content=\"Nacho Fern\u00e1ndez del Blanco\" \/>\n<meta name=\"twitter:card\" content=\"summary_large_image\" \/>\n<meta name=\"twitter:creator\" content=\"@Caracolvan\" \/>\n<meta name=\"twitter:site\" content=\"@Caracolvan\" \/>\n<meta name=\"twitter:label1\" content=\"\u00c9crit par\" \/>\n\t<meta name=\"twitter:data1\" content=\"Nacho Fern\u00e1ndez del Blanco\" \/>\n\t<meta name=\"twitter:label2\" content=\"Dur\u00e9e de lecture estim\u00e9e\" \/>\n\t<meta name=\"twitter:data2\" content=\"3 minutes\" \/>\n<script type=\"application\/ld+json\" class=\"yoast-schema-graph\">{\"@context\":\"https:\/\/schema.org\",\"@graph\":[{\"@type\":\"Article\",\"@id\":\"https:\/\/caracolvan.com\/fr\/route-a-travers-alpujarra-grenade-espagne\/#article\",\"isPartOf\":{\"@id\":\"https:\/\/caracolvan.com\/fr\/route-a-travers-alpujarra-grenade-espagne\/\"},\"author\":{\"name\":\"Nacho Fern\u00e1ndez del Blanco\",\"@id\":\"https:\/\/caracolvan.com\/fr\/#\/schema\/person\/4082cf95fd1be29a0f617f570d486970\"},\"headline\":\"Route \u00e0 travers 'Alpujarra' Grenade, Espagne\",\"datePublished\":\"2017-12-27T23:55:36+00:00\",\"dateModified\":\"2018-05-14T08:59:35+00:00\",\"mainEntityOfPage\":{\"@id\":\"https:\/\/caracolvan.com\/fr\/route-a-travers-alpujarra-grenade-espagne\/\"},\"wordCount\":640,\"publisher\":{\"@id\":\"https:\/\/caracolvan.com\/fr\/#organization\"},\"image\":{\"@id\":\"https:\/\/caracolvan.com\/fr\/route-a-travers-alpujarra-grenade-espagne\/#primaryimage\"},\"thumbnailUrl\":\"https:\/\/caracolvan.com\/wp-content\/uploads\/2017\/12\/alpujarra-granada-2.jpg\",\"articleSection\":[\"D\u00e9couvrir Andalousie\",\"Itin\u00e9raires en Camper\"],\"inLanguage\":\"fr-FR\"},{\"@type\":\"WebPage\",\"@id\":\"https:\/\/caracolvan.com\/fr\/route-a-travers-alpujarra-grenade-espagne\/\",\"url\":\"https:\/\/caracolvan.com\/fr\/route-a-travers-alpujarra-grenade-espagne\/\",\"name\":\"Route \u00e0 travers 'Alpujarra' Grenade, Espagne - Le blog de Caracolvan\",\"isPartOf\":{\"@id\":\"https:\/\/caracolvan.com\/fr\/#website\"},\"primaryImageOfPage\":{\"@id\":\"https:\/\/caracolvan.com\/fr\/route-a-travers-alpujarra-grenade-espagne\/#primaryimage\"},\"image\":{\"@id\":\"https:\/\/caracolvan.com\/fr\/route-a-travers-alpujarra-grenade-espagne\/#primaryimage\"},\"thumbnailUrl\":\"https:\/\/caracolvan.com\/wp-content\/uploads\/2017\/12\/alpujarra-granada-2.jpg\",\"datePublished\":\"2017-12-27T23:55:36+00:00\",\"dateModified\":\"2018-05-14T08:59:35+00:00\",\"description\":\"Si vous cherchez \u00e0 sortir quelques jours dans votre van et votre destination, il est Andalousie et de Grenade, vous ne pouvez pas manquer La Alpujarra, un domaine d'int\u00e9r\u00eat particulier et de la grandeur visuelle. Il est l'un des plus inclus dans le voyage \u00e0 travers des road trip pour Espagne. \u00a0\",\"breadcrumb\":{\"@id\":\"https:\/\/caracolvan.com\/fr\/route-a-travers-alpujarra-grenade-espagne\/#breadcrumb\"},\"inLanguage\":\"fr-FR\",\"potentialAction\":[{\"@type\":\"ReadAction\",\"target\":[\"https:\/\/caracolvan.com\/fr\/route-a-travers-alpujarra-grenade-espagne\/\"]}]},{\"@type\":\"ImageObject\",\"inLanguage\":\"fr-FR\",\"@id\":\"https:\/\/caracolvan.com\/fr\/route-a-travers-alpujarra-grenade-espagne\/#primaryimage\",\"url\":\"https:\/\/caracolvan.com\/wp-content\/uploads\/2017\/12\/alpujarra-granada-2.jpg\",\"contentUrl\":\"https:\/\/caracolvan.com\/wp-content\/uploads\/2017\/12\/alpujarra-granada-2.jpg\",\"width\":576,\"height\":332,\"caption\":\"Alpujarra Grenade Espagne\"},{\"@type\":\"BreadcrumbList\",\"@id\":\"https:\/\/caracolvan.com\/fr\/route-a-travers-alpujarra-grenade-espagne\/#breadcrumb\",\"itemListElement\":[{\"@type\":\"ListItem\",\"position\":1,\"name\":\"Portada\",\"item\":\"https:\/\/caracolvan.com\/fr\/\"},{\"@type\":\"ListItem\",\"position\":2,\"name\":\"Route \u00e0 travers 'Alpujarra' Grenade, Espagne\"}]},{\"@type\":\"WebSite\",\"@id\":\"https:\/\/caracolvan.com\/fr\/#website\",\"url\":\"https:\/\/caracolvan.com\/fr\/\",\"name\":\"Alquiler Camper Rental - Caracolvan\",\"description\":\"Alquiler de furgonetas camper y autocaravanas\",\"publisher\":{\"@id\":\"https:\/\/caracolvan.com\/fr\/#organization\"},\"potentialAction\":[{\"@type\":\"SearchAction\",\"target\":{\"@type\":\"EntryPoint\",\"urlTemplate\":\"https:\/\/caracolvan.com\/fr\/?s={search_term_string}\"},\"query-input\":{\"@type\":\"PropertyValueSpecification\",\"valueRequired\":true,\"valueName\":\"search_term_string\"}}],\"inLanguage\":\"fr-FR\"},{\"@type\":\"Organization\",\"@id\":\"https:\/\/caracolvan.com\/fr\/#organization\",\"name\":\"Caracolvan\",\"url\":\"https:\/\/caracolvan.com\/fr\/\",\"logo\":{\"@type\":\"ImageObject\",\"inLanguage\":\"fr-FR\",\"@id\":\"https:\/\/caracolvan.com\/fr\/#\/schema\/logo\/image\/\",\"url\":\"https:\/\/caracolvan.com\/wp-content\/uploads\/2023\/08\/caracolvan-logotipo.jpg\",\"contentUrl\":\"https:\/\/caracolvan.com\/wp-content\/uploads\/2023\/08\/caracolvan-logotipo.jpg\",\"width\":696,\"height\":696,\"caption\":\"Caracolvan\"},\"image\":{\"@id\":\"https:\/\/caracolvan.com\/fr\/#\/schema\/logo\/image\/\"},\"sameAs\":[\"https:\/\/www.facebook.com\/Caracolvan\/\",\"https:\/\/x.com\/Caracolvan\"]},{\"@type\":\"Person\",\"@id\":\"https:\/\/caracolvan.com\/fr\/#\/schema\/person\/4082cf95fd1be29a0f617f570d486970\",\"name\":\"Nacho Fern\u00e1ndez del Blanco\",\"image\":{\"@type\":\"ImageObject\",\"inLanguage\":\"fr-FR\",\"@id\":\"https:\/\/secure.gravatar.com\/avatar\/5f8fedd8535cdaa35a42bf0efb2be3e81fcaa7f2be2f6f0c41a988485f85d39d?s=96&d=mm&r=g\",\"url\":\"https:\/\/secure.gravatar.com\/avatar\/5f8fedd8535cdaa35a42bf0efb2be3e81fcaa7f2be2f6f0c41a988485f85d39d?s=96&d=mm&r=g\",\"contentUrl\":\"https:\/\/secure.gravatar.com\/avatar\/5f8fedd8535cdaa35a42bf0efb2be3e81fcaa7f2be2f6f0c41a988485f85d39d?s=96&d=mm&r=g\",\"caption\":\"Nacho Fern\u00e1ndez del Blanco\"},\"url\":\"https:\/\/caracolvan.com\/fr\/author\/nacho\/\"}]}<\/script>\n<!-- \/ Yoast SEO Premium plugin. -->","yoast_head_json":{"title":"Route \u00e0 travers 'Alpujarra' Grenade, Espagne - Le blog de Caracolvan","description":"Si vous cherchez \u00e0 sortir quelques jours dans votre van et votre destination, il est Andalousie et de Grenade, vous ne pouvez pas manquer La Alpujarra, un domaine d'int\u00e9r\u00eat particulier et de la grandeur visuelle. Il est l'un des plus inclus dans le voyage \u00e0 travers des road trip pour Espagne. \u00a0","robots":{"index":"index","follow":"follow","max-snippet":"max-snippet:-1","max-image-preview":"max-image-preview:large","max-video-preview":"max-video-preview:-1"},"canonical":"https:\/\/caracolvan.com\/fr\/route-a-travers-alpujarra-grenade-espagne\/","og_locale":"fr_FR","og_type":"article","og_title":"Route \u00e0 travers 'Alpujarra' Grenade, Espagne","og_description":"Si vous cherchez \u00e0 sortir quelques jours dans votre van et votre destination, il est Andalousie et de Grenade, vous ne pouvez pas manquer La Alpujarra, un domaine d'int\u00e9r\u00eat particulier et de la grandeur visuelle. Il est l'un des plus inclus dans le voyage \u00e0 travers des road trip pour Espagne. \u00a0","og_url":"https:\/\/caracolvan.com\/fr\/route-a-travers-alpujarra-grenade-espagne\/","og_site_name":"Alquiler Camper Rental - Caracolvan","article_publisher":"https:\/\/www.facebook.com\/Caracolvan\/","article_published_time":"2017-12-27T23:55:36+00:00","article_modified_time":"2018-05-14T08:59:35+00:00","og_image":[{"width":576,"height":332,"url":"https:\/\/caracolvan.com\/wp-content\/uploads\/2017\/12\/alpujarra-granada-2.jpg","type":"image\/jpeg"}],"author":"Nacho Fern\u00e1ndez del Blanco","twitter_card":"summary_large_image","twitter_creator":"@Caracolvan","twitter_site":"@Caracolvan","twitter_misc":{"\u00c9crit par":"Nacho Fern\u00e1ndez del Blanco","Dur\u00e9e de lecture estim\u00e9e":"3 minutes"},"schema":{"@context":"https:\/\/schema.org","@graph":[{"@type":"Article","@id":"https:\/\/caracolvan.com\/fr\/route-a-travers-alpujarra-grenade-espagne\/#article","isPartOf":{"@id":"https:\/\/caracolvan.com\/fr\/route-a-travers-alpujarra-grenade-espagne\/"},"author":{"name":"Nacho Fern\u00e1ndez del Blanco","@id":"https:\/\/caracolvan.com\/fr\/#\/schema\/person\/4082cf95fd1be29a0f617f570d486970"},"headline":"Route \u00e0 travers 'Alpujarra' Grenade, Espagne","datePublished":"2017-12-27T23:55:36+00:00","dateModified":"2018-05-14T08:59:35+00:00","mainEntityOfPage":{"@id":"https:\/\/caracolvan.com\/fr\/route-a-travers-alpujarra-grenade-espagne\/"},"wordCount":640,"publisher":{"@id":"https:\/\/caracolvan.com\/fr\/#organization"},"image":{"@id":"https:\/\/caracolvan.com\/fr\/route-a-travers-alpujarra-grenade-espagne\/#primaryimage"},"thumbnailUrl":"https:\/\/caracolvan.com\/wp-content\/uploads\/2017\/12\/alpujarra-granada-2.jpg","articleSection":["D\u00e9couvrir Andalousie","Itin\u00e9raires en Camper"],"inLanguage":"fr-FR"},{"@type":"WebPage","@id":"https:\/\/caracolvan.com\/fr\/route-a-travers-alpujarra-grenade-espagne\/","url":"https:\/\/caracolvan.com\/fr\/route-a-travers-alpujarra-grenade-espagne\/","name":"Route \u00e0 travers 'Alpujarra' Grenade, Espagne - Le blog de Caracolvan","isPartOf":{"@id":"https:\/\/caracolvan.com\/fr\/#website"},"primaryImageOfPage":{"@id":"https:\/\/caracolvan.com\/fr\/route-a-travers-alpujarra-grenade-espagne\/#primaryimage"},"image":{"@id":"https:\/\/caracolvan.com\/fr\/route-a-travers-alpujarra-grenade-espagne\/#primaryimage"},"thumbnailUrl":"https:\/\/caracolvan.com\/wp-content\/uploads\/2017\/12\/alpujarra-granada-2.jpg","datePublished":"2017-12-27T23:55:36+00:00","dateModified":"2018-05-14T08:59:35+00:00","description":"Si vous cherchez \u00e0 sortir quelques jours dans votre van et votre destination, il est Andalousie et de Grenade, vous ne pouvez pas manquer La Alpujarra, un domaine d'int\u00e9r\u00eat particulier et de la grandeur visuelle. Il est l'un des plus inclus dans le voyage \u00e0 travers des road trip pour Espagne. \u00a0","breadcrumb":{"@id":"https:\/\/caracolvan.com\/fr\/route-a-travers-alpujarra-grenade-espagne\/#breadcrumb"},"inLanguage":"fr-FR","potentialAction":[{"@type":"ReadAction","target":["https:\/\/caracolvan.com\/fr\/route-a-travers-alpujarra-grenade-espagne\/"]}]},{"@type":"ImageObject","inLanguage":"fr-FR","@id":"https:\/\/caracolvan.com\/fr\/route-a-travers-alpujarra-grenade-espagne\/#primaryimage","url":"https:\/\/caracolvan.com\/wp-content\/uploads\/2017\/12\/alpujarra-granada-2.jpg","contentUrl":"https:\/\/caracolvan.com\/wp-content\/uploads\/2017\/12\/alpujarra-granada-2.jpg","width":576,"height":332,"caption":"Alpujarra Grenade Espagne"},{"@type":"BreadcrumbList","@id":"https:\/\/caracolvan.com\/fr\/route-a-travers-alpujarra-grenade-espagne\/#breadcrumb","itemListElement":[{"@type":"ListItem","position":1,"name":"Portada","item":"https:\/\/caracolvan.com\/fr\/"},{"@type":"ListItem","position":2,"name":"Route \u00e0 travers 'Alpujarra' Grenade, Espagne"}]},{"@type":"WebSite","@id":"https:\/\/caracolvan.com\/fr\/#website","url":"https:\/\/caracolvan.com\/fr\/","name":"Alquiler Camper Rental - Caracolvan","description":"Alquiler de furgonetas camper y autocaravanas","publisher":{"@id":"https:\/\/caracolvan.com\/fr\/#organization"},"potentialAction":[{"@type":"SearchAction","target":{"@type":"EntryPoint","urlTemplate":"https:\/\/caracolvan.com\/fr\/?s={search_term_string}"},"query-input":{"@type":"PropertyValueSpecification","valueRequired":true,"valueName":"search_term_string"}}],"inLanguage":"fr-FR"},{"@type":"Organization","@id":"https:\/\/caracolvan.com\/fr\/#organization","name":"Caracolvan","url":"https:\/\/caracolvan.com\/fr\/","logo":{"@type":"ImageObject","inLanguage":"fr-FR","@id":"https:\/\/caracolvan.com\/fr\/#\/schema\/logo\/image\/","url":"https:\/\/caracolvan.com\/wp-content\/uploads\/2023\/08\/caracolvan-logotipo.jpg","contentUrl":"https:\/\/caracolvan.com\/wp-content\/uploads\/2023\/08\/caracolvan-logotipo.jpg","width":696,"height":696,"caption":"Caracolvan"},"image":{"@id":"https:\/\/caracolvan.com\/fr\/#\/schema\/logo\/image\/"},"sameAs":["https:\/\/www.facebook.com\/Caracolvan\/","https:\/\/x.com\/Caracolvan"]},{"@type":"Person","@id":"https:\/\/caracolvan.com\/fr\/#\/schema\/person\/4082cf95fd1be29a0f617f570d486970","name":"Nacho Fern\u00e1ndez del Blanco","image":{"@type":"ImageObject","inLanguage":"fr-FR","@id":"https:\/\/secure.gravatar.com\/avatar\/5f8fedd8535cdaa35a42bf0efb2be3e81fcaa7f2be2f6f0c41a988485f85d39d?s=96&d=mm&r=g","url":"https:\/\/secure.gravatar.com\/avatar\/5f8fedd8535cdaa35a42bf0efb2be3e81fcaa7f2be2f6f0c41a988485f85d39d?s=96&d=mm&r=g","contentUrl":"https:\/\/secure.gravatar.com\/avatar\/5f8fedd8535cdaa35a42bf0efb2be3e81fcaa7f2be2f6f0c41a988485f85d39d?s=96&d=mm&r=g","caption":"Nacho Fern\u00e1ndez del Blanco"},"url":"https:\/\/caracolvan.com\/fr\/author\/nacho\/"}]}},"_links":{"self":[{"href":"https:\/\/caracolvan.com\/fr\/wp-json\/wp\/v2\/posts\/3544","targetHints":{"allow":["GET"]}}],"collection":[{"href":"https:\/\/caracolvan.com\/fr\/wp-json\/wp\/v2\/posts"}],"about":[{"href":"https:\/\/caracolvan.com\/fr\/wp-json\/wp\/v2\/types\/post"}],"author":[{"embeddable":true,"href":"https:\/\/caracolvan.com\/fr\/wp-json\/wp\/v2\/users\/4"}],"replies":[{"embeddable":true,"href":"https:\/\/caracolvan.com\/fr\/wp-json\/wp\/v2\/comments?post=3544"}],"version-history":[{"count":2,"href":"https:\/\/caracolvan.com\/fr\/wp-json\/wp\/v2\/posts\/3544\/revisions"}],"predecessor-version":[{"id":6874,"href":"https:\/\/caracolvan.com\/fr\/wp-json\/wp\/v2\/posts\/3544\/revisions\/6874"}],"wp:featuredmedia":[{"embeddable":true,"href":"https:\/\/caracolvan.com\/fr\/wp-json\/wp\/v2\/media\/3545"}],"wp:attachment":[{"href":"https:\/\/caracolvan.com\/fr\/wp-json\/wp\/v2\/media?parent=3544"}],"wp:term":[{"taxonomy":"category","embeddable":true,"href":"https:\/\/caracolvan.com\/fr\/wp-json\/wp\/v2\/categories?post=3544"},{"taxonomy":"post_tag","embeddable":true,"href":"https:\/\/caracolvan.com\/fr\/wp-json\/wp\/v2\/tags?post=3544"}],"curies":[{"name":"wp","href":"https:\/\/api.w.org\/{rel}","templated":true}]}}