{"id":3549,"date":"2017-12-27T23:55:36","date_gmt":"2017-12-27T23:55:36","guid":{"rendered":"https:\/\/www.caracolvan.com\/2017\/12\/27\/camping-car-route-sur-via-de-la-plata-a-seville\/"},"modified":"2024-03-26T13:16:53","modified_gmt":"2024-03-26T11:16:53","slug":"camping-car-route-sur-via-de-la-plata-a-seville","status":"publish","type":"post","link":"https:\/\/caracolvan.com\/fr\/camping-car-route-sur-via-de-la-plata-a-seville\/","title":{"rendered":"Camping-car Route sur Via de la Plata \u00e0 S\u00e9ville"},"content":{"rendered":"<p>&nbsp;<\/p>\n<div style=\"text-align: justify;\"><img decoding=\"async\" style=\"width: 521px; height: 391px;\" src=\"https:\/\/caracolvan.com\/wp-content\/uploads\/2017\/12\/castillo-guardas-sevilla.jpg\" alt=\"castillo seville\" \/><\/div>\n<div style=\"text-align: justify;\"><em>Source: escapadarural.com<\/em><\/div>\n<div style=\"text-align: justify;\"><\/div>\n<div style=\"text-align: justify;\">La nature nous rappelle sous la forme de tourisme rural dans la r\u00e9gion de la Via de la Plata \u00e0 S\u00e9ville. Ceci est une r\u00e9gion qui englobe sept municipalit\u00e9s, id\u00e9al pour ceux qui aiment la marche, le cyclisme et l'\u00e9quitation.<\/div>\n<div style=\"text-align: justify;\"><\/div>\n<div style=\"text-align: justify;\"><strong>Aznalc\u00f3llar est l'une des villes qui font partie de la Via de la Plata.<\/strong> Cette municipalit\u00e9 est situ\u00e9e entre la campagne et la Sierra Norte Aljarafe, \u00e0 environ 36 kilom\u00e8tres de la capitale. Il met en \u00e9vidence son ch\u00e2teau m\u00e9di\u00e9val d'origine arabe, situ\u00e9 dans une zone \u00e9lev\u00e9e de la ville et vous fait partie de la route des ch\u00e2teaux de tourisme.<\/div>\n<div style=\"text-align: justify;\"><\/div>\n<div style=\"text-align: justify;\">Les amateurs de nature peuvent profiter des enclaves merveilleuses dans les montagnes comme le <strong>Madro\u00f1alejo <\/strong>et <strong>El Palmar<\/strong>. En outre, les randonneurs sont plusieurs options pour profiter comme la route de p\u00e8lerinage, qui passe \u00e0 travers la campagne du sud de la municipalit\u00e9 ou de la Route de los Pinos, qui traverse les montagnes.<\/div>\n<div style=\"text-align: justify;\"><\/div>\n<div>\n<p><iframe style=\"border: 0;\" src=\"https:\/\/www.google.com\/maps\/embed?pb=!1m64!1m12!1m3!1d405041.2795572183!2d-6.483982958379163!3d37.5224208930117!2m3!1f0!2f0!3f0!3m2!1i1024!2i768!4f13.1!4m49!3e0!4m5!1s0xd126fb310272569%3A0x60c70477ac57c1cc!2sVia+de+la+Plata%2C+41089+Dos+Hermanas%2C+Sevilla!3m2!1d37.347645899999996!2d-5.9384951!4m5!1s0xd12231b8bab3a9b%3A0x5e66349f1da5709c!2sAznalc%C3%B3llar%2C+Sevilla!3m2!1d37.534627799999996!2d-6.3013432!4m5!1s0xd1248b5603070bb%3A0x842a1be2b0e763df!2sCastilblanco+de+los+Arroyos%2C+Sevilla!3m2!1d37.7018287!2d-5.940970999999999!4m5!1s0xd122924fea734c7%3A0x40463fd8ca14810!2sEl+Castillo+de+las+Guardas%2C+Sevilla!3m2!1d37.6842639!2d-6.2800864!4m5!1s0xd123a1500c1afc7%3A0x5b046220ec489e41!2sEl+Garrobo%2C+Sevilla!3m2!1d37.636309499999996!2d-6.1845209!4m5!1s0xd1229a4012d349f%3A0xcb3f63bc6dc8de1a!2sReserva+Natural+El+Castillo+De+Las+Guardas%2C+El+Castillo+de+las+Guardas!3m2!1d37.6945823!2d-6.3674542!4m5!1s0xd1185ec3c5c1ec5%3A0x9bf18b6f6422bc3d!2sEl+Madro%C3%B1o%2C+Sevilla!3m2!1d37.6527147!2d-6.471658!4m5!1s0xd123c0cfc104dd1%3A0x40463fd8ca148f0!2sGerena%2C+Sevilla!3m2!1d37.541357!2d-6.173911599999999!5e0!3m2!1ses!2ses!4v1478854782108\" width=\"100%\" height=\"450\" frameborder=\"0\" allowfullscreen=\"allowfullscreen\"><\/iframe><\/p>\n<div style=\"text-align: justify;\"><\/div>\n<div style=\"text-align: justify;\"><strong>Castilblanco de los Arroyos<\/strong> fait \u00e9galement partie de la Voie. Il est situ\u00e9 \u00e0 proximit\u00e9 de la Sierra Morena, au nord de la province de S\u00e9ville. Il est la tranquillit\u00e9 qui r\u00e8gne dans les rues, une destination rurale importante. Il fait partie de la route du p\u00e8lerinage de Saint-Jacques.<\/div>\n<div style=\"text-align: justify;\"><\/div>\n<div style=\"text-align: justify;\">Souligne aussi son monument \u00e0 <strong>Cervantes<\/strong>, situ\u00e9 \u00e0 l'entr\u00e9e du village. En outre, la ville est bien connue pour la c\u00e9l\u00e9bration de la F\u00eate de l'eau en Ao\u00fbt. Les <strong>gardes du ch\u00e2teau<\/strong> est situ\u00e9 dans la Sierra de Aracena, \u00e0 54 kilom\u00e8tres de S\u00e9ville. De son ancien ch\u00e2teau qui donne son nom ne sont que quelques vestiges, bien que leur environnement naturel conserve encore sa beaut\u00e9 et sa richesse. En plus d'avoir une grande offre pour rejoindre le tourisme rural, les voyageurs peuvent trouver des enclaves historiques et artistiques et parfait pour les sports comme le cano\u00eb-kayak ou de chasse lieux.<\/div>\n<div style=\"text-align: justify;\"><\/div>\n<div style=\"text-align: justify;\">Mais sans aucun doute l'un des endroits les plus int\u00e9ressants est la <strong>r\u00e9serve naturelle du ch\u00e2teau de gardes<\/strong>, \u00e0 5 kilom\u00e8tres de la ville, sur le terrain dans une ancienne exploitation mini\u00e8re. Vous y trouverez de nombreux animaux tels que des lions, des tigres, des esp\u00e8ces d'\u00e9l\u00e9phants, entre autres nature gardes de r\u00e9serve sevilla Nature Reserve Garde du Ch\u00e2teau, Sevilla.<\/div>\n<div style=\"text-align: justify;\"><\/div>\n<div style=\"text-align: justify;\">Dans un ravin dans les contreforts de la <strong>Sierra Morena est El Garrobo<\/strong>, \u00e0 39 kilom\u00e8tres de la capitale. Il est id\u00e9al pour les amateurs de chasse destination. Il offre \u00e9galement de nombreux environnements attrayants qui peuvent voyager \u00e0 travers diff\u00e9rents chemins que le Chemin de chameaux et de la Route Colada. \u00a0Dans le voisinage de la Sierra de Aracena Aussi est la ville de<strong> El Madro\u00f1o<\/strong>, compos\u00e9 de maisons traditionnelles, surplombant l'\u00e9glise de San Blas, situ\u00e9 dans la Plaza de la Constitution.<\/div>\n<div style=\"text-align: justify;\"><\/div>\n<div style=\"text-align: justify;\">A 23 kilom\u00e8tres de la ville de S\u00e9ville est Gerena, une municipalit\u00e9 qui fait \u00e9galement partie de la<strong> Route des Ch\u00e2teaux <\/strong>gr\u00e2ce aux restes des murs romains. Il est remarquable pour ses vestiges arch\u00e9ologiques, pour son paysage et son style andalou de l'architecture populaire.<\/div>\n<div style=\"text-align: justify;\"><\/div>\n<div style=\"text-align: justify;\">En \u00e9vidence dans la r\u00e9gion comme <strong>El Esparragal ferme<\/strong>,<strong> La Pizana<\/strong>, <strong>La Calera<\/strong>, <strong>Mirandilla <\/strong>ou <strong>Hacienda de San Felipe<\/strong>. Plus pr\u00e8s de la capitale, \u00e0 environ 20 kilom\u00e8tres, il est Guillena, \u00e9tendant de la proximit\u00e9 de la Sierra Morena \u00e0 la rive droite du Guadalquivir. Les amateurs de nature peuvent profiter de la Ruta del Agua.<\/div>\n<div style=\"text-align: justify;\"><\/div>\n<div style=\"text-align: justify;\">En outre, la municipalit\u00e9 est \u00e9galement une place importante pour les amateurs de l'arch\u00e9ologie enclave. La ville a vestiges m\u00e9galithiques de vestiges de la pr\u00e9histoire et arch\u00e9ologiques de l'\u00e9poque romaine.<\/div>\n<div style=\"text-align: justify;\"><\/div>\n<h2 style=\"text-align: justify;\">Gastronomie s\u00e9villane<\/h2>\n<div style=\"text-align: justify;\"><\/div>\n<div style=\"text-align: justify;\">Sp\u00e9cialit\u00e9s locales typiques comprennent des plats de <strong>viande <\/strong>et de <strong>gros gibier<\/strong>, tels que la perdrix, le chevreuil ou le sanglier. Le sopeo est un autre des plats traditionnels locaux. Il est un plat \u00e0 base d'ail, l'oignon, le poivron, la tomate, le pain, l'huile et le sel.<\/div>\n<div style=\"text-align: justify;\"><\/div>\n<div style=\"text-align: justify;\">En outre, vous pouvez \u00e9galement profiter de bonbons comme les g\u00e2teaux au beurre, des roses, des beignets, des g\u00e2teaux feuillet\u00e9e ou les langues de l'\u00e9v\u00eaque.<\/div>\n<div style=\"text-align: justify;\"><\/div>\n<h2 style=\"text-align: justify;\">Parking<\/h2>\n<div style=\"text-align: justify;\">Entre Guillena et El Garrobo, vous trouverez <strong>Las Pajanosas<\/strong>, une petite ville qui a une zone de service importante o\u00f9 vous pouvez passer la nuit si vous voyagez avec votre <strong><a href=\"https:\/\/caracolvan.com\/fr\/campers\/\">camping-car<\/a><\/strong>. La zone est situ\u00e9e dans une des sorties de l'autoroute de l'Argent, \u00e0 environ six kilom\u00e8tres de Guillena et \u00e0 treize de la Garrobo.<\/div>\n<div style=\"text-align: justify;\">\n<div style=\"text-align: justify;\"><\/div>\n<div style=\"text-align: justify;\">La r\u00e9gion dispose de huit si\u00e8ges et une vigilance constante, supermarch\u00e9s, restaurants et zone WIFI. En outre, la ville o\u00f9 il se trouve est connu pour sa bonne nourriture et des ventes. D'o\u00f9 il y a de nombreux sentiers de randonn\u00e9e.<\/div>\n<\/div>\n<\/div>\n<p>&nbsp;<\/p>\n","protected":false},"excerpt":{"rendered":"<p>&nbsp; Source: escapadarural.com La nature nous rappelle sous la forme  [...]<\/p>\n","protected":false},"author":4,"featured_media":3550,"comment_status":"closed","ping_status":"open","sticky":false,"template":"","format":"standard","meta":{"_joinchat":[],"footnotes":""},"categories":[37,41],"tags":[],"class_list":["post-3549","post","type-post","status-publish","format-standard","has-post-thumbnail","hentry","category-decouvrir-andalousie","category-itineraires-en-camper"],"yoast_head":"<!-- This site is optimized with the Yoast SEO Premium plugin v27.2 (Yoast SEO v27.2) - https:\/\/yoast.com\/product\/yoast-seo-premium-wordpress\/ -->\n<title>Camping-car Route sur Via de la Plata \u00e0 S\u00e9ville - Caracolvan<\/title>\n<meta name=\"description\" content=\"La nature nous rappelle sous la forme de tourisme rural dans la r\u00e9gion de la Via de la Plata \u00e0 S\u00e9ville. Id\u00e9al pour ceux qui aiment la marche et l&#039;\u00e9quitation. \u00a0\" \/>\n<meta name=\"robots\" content=\"index, follow, max-snippet:-1, max-image-preview:large, max-video-preview:-1\" \/>\n<link rel=\"canonical\" href=\"https:\/\/caracolvan.com\/fr\/camping-car-route-sur-via-de-la-plata-a-seville\/\" \/>\n<meta property=\"og:locale\" content=\"fr_FR\" \/>\n<meta property=\"og:type\" content=\"article\" \/>\n<meta property=\"og:title\" content=\"Camping-car Route sur Via de la Plata \u00e0 S\u00e9ville\" \/>\n<meta property=\"og:description\" content=\"La nature nous rappelle sous la forme de tourisme rural dans la r\u00e9gion de la Via de la Plata \u00e0 S\u00e9ville. Id\u00e9al pour ceux qui aiment la marche et l&#039;\u00e9quitation. \u00a0\" \/>\n<meta property=\"og:url\" content=\"https:\/\/caracolvan.com\/fr\/camping-car-route-sur-via-de-la-plata-a-seville\/\" \/>\n<meta property=\"og:site_name\" content=\"Alquiler Camper Rental - Caracolvan\" \/>\n<meta property=\"article:publisher\" content=\"https:\/\/www.facebook.com\/Caracolvan\/\" \/>\n<meta property=\"article:published_time\" content=\"2017-12-27T23:55:36+00:00\" \/>\n<meta property=\"article:modified_time\" content=\"2024-03-26T11:16:53+00:00\" \/>\n<meta property=\"og:image\" content=\"https:\/\/caracolvan.com\/wp-content\/uploads\/2017\/12\/castillo-guardas-sevilla-2.jpg\" \/>\n\t<meta property=\"og:image:width\" content=\"2032\" \/>\n\t<meta property=\"og:image:height\" content=\"1524\" \/>\n\t<meta property=\"og:image:type\" content=\"image\/jpeg\" \/>\n<meta name=\"author\" content=\"Nacho Fern\u00e1ndez del Blanco\" \/>\n<meta name=\"twitter:card\" content=\"summary_large_image\" \/>\n<meta name=\"twitter:creator\" content=\"@Caracolvan\" \/>\n<meta name=\"twitter:site\" content=\"@Caracolvan\" \/>\n<meta name=\"twitter:label1\" content=\"\u00c9crit par\" \/>\n\t<meta name=\"twitter:data1\" content=\"Nacho Fern\u00e1ndez del Blanco\" \/>\n\t<meta name=\"twitter:label2\" content=\"Dur\u00e9e de lecture estim\u00e9e\" \/>\n\t<meta name=\"twitter:data2\" content=\"5 minutes\" \/>\n<script type=\"application\/ld+json\" class=\"yoast-schema-graph\">{\"@context\":\"https:\/\/schema.org\",\"@graph\":[{\"@type\":\"Article\",\"@id\":\"https:\/\/caracolvan.com\/fr\/camping-car-route-sur-via-de-la-plata-a-seville\/#article\",\"isPartOf\":{\"@id\":\"https:\/\/caracolvan.com\/fr\/camping-car-route-sur-via-de-la-plata-a-seville\/\"},\"author\":{\"name\":\"Nacho Fern\u00e1ndez del Blanco\",\"@id\":\"https:\/\/caracolvan.com\/fr\/#\/schema\/person\/4082cf95fd1be29a0f617f570d486970\"},\"headline\":\"Camping-car Route sur Via de la Plata \u00e0 S\u00e9ville\",\"datePublished\":\"2017-12-27T23:55:36+00:00\",\"dateModified\":\"2024-03-26T11:16:53+00:00\",\"mainEntityOfPage\":{\"@id\":\"https:\/\/caracolvan.com\/fr\/camping-car-route-sur-via-de-la-plata-a-seville\/\"},\"wordCount\":828,\"publisher\":{\"@id\":\"https:\/\/caracolvan.com\/fr\/#organization\"},\"image\":{\"@id\":\"https:\/\/caracolvan.com\/fr\/camping-car-route-sur-via-de-la-plata-a-seville\/#primaryimage\"},\"thumbnailUrl\":\"https:\/\/caracolvan.com\/wp-content\/uploads\/2017\/12\/castillo-guardas-sevilla-2.jpg\",\"articleSection\":[\"D\u00e9couvrir Andalousie\",\"Itin\u00e9raires en Camper\"],\"inLanguage\":\"fr-FR\"},{\"@type\":\"WebPage\",\"@id\":\"https:\/\/caracolvan.com\/fr\/camping-car-route-sur-via-de-la-plata-a-seville\/\",\"url\":\"https:\/\/caracolvan.com\/fr\/camping-car-route-sur-via-de-la-plata-a-seville\/\",\"name\":\"Camping-car Route sur Via de la Plata \u00e0 S\u00e9ville - Caracolvan\",\"isPartOf\":{\"@id\":\"https:\/\/caracolvan.com\/fr\/#website\"},\"primaryImageOfPage\":{\"@id\":\"https:\/\/caracolvan.com\/fr\/camping-car-route-sur-via-de-la-plata-a-seville\/#primaryimage\"},\"image\":{\"@id\":\"https:\/\/caracolvan.com\/fr\/camping-car-route-sur-via-de-la-plata-a-seville\/#primaryimage\"},\"thumbnailUrl\":\"https:\/\/caracolvan.com\/wp-content\/uploads\/2017\/12\/castillo-guardas-sevilla-2.jpg\",\"datePublished\":\"2017-12-27T23:55:36+00:00\",\"dateModified\":\"2024-03-26T11:16:53+00:00\",\"description\":\"La nature nous rappelle sous la forme de tourisme rural dans la r\u00e9gion de la Via de la Plata \u00e0 S\u00e9ville. Id\u00e9al pour ceux qui aiment la marche et l'\u00e9quitation. \u00a0\",\"breadcrumb\":{\"@id\":\"https:\/\/caracolvan.com\/fr\/camping-car-route-sur-via-de-la-plata-a-seville\/#breadcrumb\"},\"inLanguage\":\"fr-FR\",\"potentialAction\":[{\"@type\":\"ReadAction\",\"target\":[\"https:\/\/caracolvan.com\/fr\/camping-car-route-sur-via-de-la-plata-a-seville\/\"]}]},{\"@type\":\"ImageObject\",\"inLanguage\":\"fr-FR\",\"@id\":\"https:\/\/caracolvan.com\/fr\/camping-car-route-sur-via-de-la-plata-a-seville\/#primaryimage\",\"url\":\"https:\/\/caracolvan.com\/wp-content\/uploads\/2017\/12\/castillo-guardas-sevilla-2.jpg\",\"contentUrl\":\"https:\/\/caracolvan.com\/wp-content\/uploads\/2017\/12\/castillo-guardas-sevilla-2.jpg\",\"width\":2032,\"height\":1524,\"caption\":\"Ch\u00e2teau Guardas Seville\"},{\"@type\":\"BreadcrumbList\",\"@id\":\"https:\/\/caracolvan.com\/fr\/camping-car-route-sur-via-de-la-plata-a-seville\/#breadcrumb\",\"itemListElement\":[{\"@type\":\"ListItem\",\"position\":1,\"name\":\"Portada\",\"item\":\"https:\/\/caracolvan.com\/fr\/\"},{\"@type\":\"ListItem\",\"position\":2,\"name\":\"Camping-car Route sur Via de la Plata \u00e0 S\u00e9ville\"}]},{\"@type\":\"WebSite\",\"@id\":\"https:\/\/caracolvan.com\/fr\/#website\",\"url\":\"https:\/\/caracolvan.com\/fr\/\",\"name\":\"Alquiler Camper Rental - Caracolvan\",\"description\":\"Alquiler de furgonetas camper y autocaravanas\",\"publisher\":{\"@id\":\"https:\/\/caracolvan.com\/fr\/#organization\"},\"potentialAction\":[{\"@type\":\"SearchAction\",\"target\":{\"@type\":\"EntryPoint\",\"urlTemplate\":\"https:\/\/caracolvan.com\/fr\/?s={search_term_string}\"},\"query-input\":{\"@type\":\"PropertyValueSpecification\",\"valueRequired\":true,\"valueName\":\"search_term_string\"}}],\"inLanguage\":\"fr-FR\"},{\"@type\":\"Organization\",\"@id\":\"https:\/\/caracolvan.com\/fr\/#organization\",\"name\":\"Caracolvan\",\"url\":\"https:\/\/caracolvan.com\/fr\/\",\"logo\":{\"@type\":\"ImageObject\",\"inLanguage\":\"fr-FR\",\"@id\":\"https:\/\/caracolvan.com\/fr\/#\/schema\/logo\/image\/\",\"url\":\"https:\/\/caracolvan.com\/wp-content\/uploads\/2023\/08\/caracolvan-logotipo.jpg\",\"contentUrl\":\"https:\/\/caracolvan.com\/wp-content\/uploads\/2023\/08\/caracolvan-logotipo.jpg\",\"width\":696,\"height\":696,\"caption\":\"Caracolvan\"},\"image\":{\"@id\":\"https:\/\/caracolvan.com\/fr\/#\/schema\/logo\/image\/\"},\"sameAs\":[\"https:\/\/www.facebook.com\/Caracolvan\/\",\"https:\/\/x.com\/Caracolvan\"]},{\"@type\":\"Person\",\"@id\":\"https:\/\/caracolvan.com\/fr\/#\/schema\/person\/4082cf95fd1be29a0f617f570d486970\",\"name\":\"Nacho Fern\u00e1ndez del Blanco\",\"image\":{\"@type\":\"ImageObject\",\"inLanguage\":\"fr-FR\",\"@id\":\"https:\/\/secure.gravatar.com\/avatar\/5f8fedd8535cdaa35a42bf0efb2be3e81fcaa7f2be2f6f0c41a988485f85d39d?s=96&d=mm&r=g\",\"url\":\"https:\/\/secure.gravatar.com\/avatar\/5f8fedd8535cdaa35a42bf0efb2be3e81fcaa7f2be2f6f0c41a988485f85d39d?s=96&d=mm&r=g\",\"contentUrl\":\"https:\/\/secure.gravatar.com\/avatar\/5f8fedd8535cdaa35a42bf0efb2be3e81fcaa7f2be2f6f0c41a988485f85d39d?s=96&d=mm&r=g\",\"caption\":\"Nacho Fern\u00e1ndez del Blanco\"},\"url\":\"https:\/\/caracolvan.com\/fr\/author\/nacho\/\"}]}<\/script>\n<!-- \/ Yoast SEO Premium plugin. -->","yoast_head_json":{"title":"Camping-car Route sur Via de la Plata \u00e0 S\u00e9ville - Caracolvan","description":"La nature nous rappelle sous la forme de tourisme rural dans la r\u00e9gion de la Via de la Plata \u00e0 S\u00e9ville. Id\u00e9al pour ceux qui aiment la marche et l'\u00e9quitation. \u00a0","robots":{"index":"index","follow":"follow","max-snippet":"max-snippet:-1","max-image-preview":"max-image-preview:large","max-video-preview":"max-video-preview:-1"},"canonical":"https:\/\/caracolvan.com\/fr\/camping-car-route-sur-via-de-la-plata-a-seville\/","og_locale":"fr_FR","og_type":"article","og_title":"Camping-car Route sur Via de la Plata \u00e0 S\u00e9ville","og_description":"La nature nous rappelle sous la forme de tourisme rural dans la r\u00e9gion de la Via de la Plata \u00e0 S\u00e9ville. Id\u00e9al pour ceux qui aiment la marche et l'\u00e9quitation. \u00a0","og_url":"https:\/\/caracolvan.com\/fr\/camping-car-route-sur-via-de-la-plata-a-seville\/","og_site_name":"Alquiler Camper Rental - Caracolvan","article_publisher":"https:\/\/www.facebook.com\/Caracolvan\/","article_published_time":"2017-12-27T23:55:36+00:00","article_modified_time":"2024-03-26T11:16:53+00:00","og_image":[{"width":2032,"height":1524,"url":"https:\/\/caracolvan.com\/wp-content\/uploads\/2017\/12\/castillo-guardas-sevilla-2.jpg","type":"image\/jpeg"}],"author":"Nacho Fern\u00e1ndez del Blanco","twitter_card":"summary_large_image","twitter_creator":"@Caracolvan","twitter_site":"@Caracolvan","twitter_misc":{"\u00c9crit par":"Nacho Fern\u00e1ndez del Blanco","Dur\u00e9e de lecture estim\u00e9e":"5 minutes"},"schema":{"@context":"https:\/\/schema.org","@graph":[{"@type":"Article","@id":"https:\/\/caracolvan.com\/fr\/camping-car-route-sur-via-de-la-plata-a-seville\/#article","isPartOf":{"@id":"https:\/\/caracolvan.com\/fr\/camping-car-route-sur-via-de-la-plata-a-seville\/"},"author":{"name":"Nacho Fern\u00e1ndez del Blanco","@id":"https:\/\/caracolvan.com\/fr\/#\/schema\/person\/4082cf95fd1be29a0f617f570d486970"},"headline":"Camping-car Route sur Via de la Plata \u00e0 S\u00e9ville","datePublished":"2017-12-27T23:55:36+00:00","dateModified":"2024-03-26T11:16:53+00:00","mainEntityOfPage":{"@id":"https:\/\/caracolvan.com\/fr\/camping-car-route-sur-via-de-la-plata-a-seville\/"},"wordCount":828,"publisher":{"@id":"https:\/\/caracolvan.com\/fr\/#organization"},"image":{"@id":"https:\/\/caracolvan.com\/fr\/camping-car-route-sur-via-de-la-plata-a-seville\/#primaryimage"},"thumbnailUrl":"https:\/\/caracolvan.com\/wp-content\/uploads\/2017\/12\/castillo-guardas-sevilla-2.jpg","articleSection":["D\u00e9couvrir Andalousie","Itin\u00e9raires en Camper"],"inLanguage":"fr-FR"},{"@type":"WebPage","@id":"https:\/\/caracolvan.com\/fr\/camping-car-route-sur-via-de-la-plata-a-seville\/","url":"https:\/\/caracolvan.com\/fr\/camping-car-route-sur-via-de-la-plata-a-seville\/","name":"Camping-car Route sur Via de la Plata \u00e0 S\u00e9ville - Caracolvan","isPartOf":{"@id":"https:\/\/caracolvan.com\/fr\/#website"},"primaryImageOfPage":{"@id":"https:\/\/caracolvan.com\/fr\/camping-car-route-sur-via-de-la-plata-a-seville\/#primaryimage"},"image":{"@id":"https:\/\/caracolvan.com\/fr\/camping-car-route-sur-via-de-la-plata-a-seville\/#primaryimage"},"thumbnailUrl":"https:\/\/caracolvan.com\/wp-content\/uploads\/2017\/12\/castillo-guardas-sevilla-2.jpg","datePublished":"2017-12-27T23:55:36+00:00","dateModified":"2024-03-26T11:16:53+00:00","description":"La nature nous rappelle sous la forme de tourisme rural dans la r\u00e9gion de la Via de la Plata \u00e0 S\u00e9ville. Id\u00e9al pour ceux qui aiment la marche et l'\u00e9quitation. \u00a0","breadcrumb":{"@id":"https:\/\/caracolvan.com\/fr\/camping-car-route-sur-via-de-la-plata-a-seville\/#breadcrumb"},"inLanguage":"fr-FR","potentialAction":[{"@type":"ReadAction","target":["https:\/\/caracolvan.com\/fr\/camping-car-route-sur-via-de-la-plata-a-seville\/"]}]},{"@type":"ImageObject","inLanguage":"fr-FR","@id":"https:\/\/caracolvan.com\/fr\/camping-car-route-sur-via-de-la-plata-a-seville\/#primaryimage","url":"https:\/\/caracolvan.com\/wp-content\/uploads\/2017\/12\/castillo-guardas-sevilla-2.jpg","contentUrl":"https:\/\/caracolvan.com\/wp-content\/uploads\/2017\/12\/castillo-guardas-sevilla-2.jpg","width":2032,"height":1524,"caption":"Ch\u00e2teau Guardas Seville"},{"@type":"BreadcrumbList","@id":"https:\/\/caracolvan.com\/fr\/camping-car-route-sur-via-de-la-plata-a-seville\/#breadcrumb","itemListElement":[{"@type":"ListItem","position":1,"name":"Portada","item":"https:\/\/caracolvan.com\/fr\/"},{"@type":"ListItem","position":2,"name":"Camping-car Route sur Via de la Plata \u00e0 S\u00e9ville"}]},{"@type":"WebSite","@id":"https:\/\/caracolvan.com\/fr\/#website","url":"https:\/\/caracolvan.com\/fr\/","name":"Alquiler Camper Rental - Caracolvan","description":"Alquiler de furgonetas camper y autocaravanas","publisher":{"@id":"https:\/\/caracolvan.com\/fr\/#organization"},"potentialAction":[{"@type":"SearchAction","target":{"@type":"EntryPoint","urlTemplate":"https:\/\/caracolvan.com\/fr\/?s={search_term_string}"},"query-input":{"@type":"PropertyValueSpecification","valueRequired":true,"valueName":"search_term_string"}}],"inLanguage":"fr-FR"},{"@type":"Organization","@id":"https:\/\/caracolvan.com\/fr\/#organization","name":"Caracolvan","url":"https:\/\/caracolvan.com\/fr\/","logo":{"@type":"ImageObject","inLanguage":"fr-FR","@id":"https:\/\/caracolvan.com\/fr\/#\/schema\/logo\/image\/","url":"https:\/\/caracolvan.com\/wp-content\/uploads\/2023\/08\/caracolvan-logotipo.jpg","contentUrl":"https:\/\/caracolvan.com\/wp-content\/uploads\/2023\/08\/caracolvan-logotipo.jpg","width":696,"height":696,"caption":"Caracolvan"},"image":{"@id":"https:\/\/caracolvan.com\/fr\/#\/schema\/logo\/image\/"},"sameAs":["https:\/\/www.facebook.com\/Caracolvan\/","https:\/\/x.com\/Caracolvan"]},{"@type":"Person","@id":"https:\/\/caracolvan.com\/fr\/#\/schema\/person\/4082cf95fd1be29a0f617f570d486970","name":"Nacho Fern\u00e1ndez del Blanco","image":{"@type":"ImageObject","inLanguage":"fr-FR","@id":"https:\/\/secure.gravatar.com\/avatar\/5f8fedd8535cdaa35a42bf0efb2be3e81fcaa7f2be2f6f0c41a988485f85d39d?s=96&d=mm&r=g","url":"https:\/\/secure.gravatar.com\/avatar\/5f8fedd8535cdaa35a42bf0efb2be3e81fcaa7f2be2f6f0c41a988485f85d39d?s=96&d=mm&r=g","contentUrl":"https:\/\/secure.gravatar.com\/avatar\/5f8fedd8535cdaa35a42bf0efb2be3e81fcaa7f2be2f6f0c41a988485f85d39d?s=96&d=mm&r=g","caption":"Nacho Fern\u00e1ndez del Blanco"},"url":"https:\/\/caracolvan.com\/fr\/author\/nacho\/"}]}},"_links":{"self":[{"href":"https:\/\/caracolvan.com\/fr\/wp-json\/wp\/v2\/posts\/3549","targetHints":{"allow":["GET"]}}],"collection":[{"href":"https:\/\/caracolvan.com\/fr\/wp-json\/wp\/v2\/posts"}],"about":[{"href":"https:\/\/caracolvan.com\/fr\/wp-json\/wp\/v2\/types\/post"}],"author":[{"embeddable":true,"href":"https:\/\/caracolvan.com\/fr\/wp-json\/wp\/v2\/users\/4"}],"replies":[{"embeddable":true,"href":"https:\/\/caracolvan.com\/fr\/wp-json\/wp\/v2\/comments?post=3549"}],"version-history":[{"count":3,"href":"https:\/\/caracolvan.com\/fr\/wp-json\/wp\/v2\/posts\/3549\/revisions"}],"predecessor-version":[{"id":14835,"href":"https:\/\/caracolvan.com\/fr\/wp-json\/wp\/v2\/posts\/3549\/revisions\/14835"}],"wp:featuredmedia":[{"embeddable":true,"href":"https:\/\/caracolvan.com\/fr\/wp-json\/wp\/v2\/media\/3550"}],"wp:attachment":[{"href":"https:\/\/caracolvan.com\/fr\/wp-json\/wp\/v2\/media?parent=3549"}],"wp:term":[{"taxonomy":"category","embeddable":true,"href":"https:\/\/caracolvan.com\/fr\/wp-json\/wp\/v2\/categories?post=3549"},{"taxonomy":"post_tag","embeddable":true,"href":"https:\/\/caracolvan.com\/fr\/wp-json\/wp\/v2\/tags?post=3549"}],"curies":[{"name":"wp","href":"https:\/\/api.w.org\/{rel}","templated":true}]}}