{"id":3583,"date":"2017-12-27T23:57:09","date_gmt":"2017-12-27T23:57:09","guid":{"rendered":"https:\/\/www.caracolvan.com\/2017\/12\/27\/comment-se-laver-les-vetements-en-voyageant-en-van-en-espagne\/"},"modified":"2018-05-14T08:44:44","modified_gmt":"2018-05-14T08:44:44","slug":"comment-se-laver-les-vetements-en-voyageant-en-van-en-espagne","status":"publish","type":"post","link":"https:\/\/caracolvan.com\/fr\/comment-se-laver-les-vetements-en-voyageant-en-van-en-espagne\/","title":{"rendered":"Comment se laver les v\u00eatements en voyageant en van en Espagne"},"content":{"rendered":"<p>&nbsp;<\/p>\n<div style=\"text-align: justify;\">\n<div>Parfois, lorsque nous faisons des itin\u00e9raires plus d'une semaine, nous ne pouvons pas conditionner les v\u00eatements pour tous les jours, car l'espace dans notre camper est limit\u00e9, et nous devons recourir \u00e0 laver les v\u00eatements que nous pouvons transporter. Mais la camionnette n'a pas de machine \u00e0 laver, que pouvons-nous faire?<\/div>\n<div><\/div>\n<div><strong>Nous allons vous donner plusieurs options pour r\u00e9soudre ce probl\u00e8me<\/strong>, de la plus basique \u00e0 la plus folle que nous ayons trouv\u00e9e dans les forums pour les campeurs.<\/div>\n<div><\/div>\n<div><img decoding=\"async\" style=\"width: 533px; height: 400px;\" src=\"https:\/\/caracolvan.com\/wp-content\/uploads\/2017\/12\/lavar-ropa-caravana-tendedero.JPG\" alt=\"\" \/><\/div>\n<div><\/div>\n<h2><strong>O\u00f9 lavez-vous vos v\u00eatements?<\/strong><\/h2>\n<div><\/div>\n<div>Nous nous concentrerons <strong>sur le secteur de C\u00e1diz<\/strong> pour vous informer sur les sites locaux et d'autres solutions pour n'importe quelle partie du monde, <strong>des inventions artisanales de machines \u00e0 laver, des machines \u00e0 laver portables manuelles et de luxe.<\/strong><\/div>\n<div><\/div>\n<div>Il y a tout, il n'y a pas d'excuse pour faire une valise \u00e9norme parce que vous ne pouvez pas laver vos v\u00eatements ou utiliser la m\u00eame chemise pendant 3 jours parce que vous ne pouvez pas la laver;) pour les autres campeurs et ceux qui se rendent avec vous.<\/div>\n<div><\/div>\n<h2><strong>Comment faites-vous le linge lorsque vous faites une route avec notre camping-car?<\/strong><\/h2>\n<div><\/div>\n<h3><strong>Lavez votre clother dans une machine \u00e0 laver des stations-service.<\/strong><\/h3>\n<div><\/div>\n<div>Il existe de nombreuses <strong>stations-service<\/strong> qui ont un endroit pour laver la voiture, nos chiens et faire la lessive. C'est une option confortable, car pendant que nous lav\u00e9s nos v\u00eatements, nous pouvons chek la pression de roue de votre camping-car, acheter la van de la van, v\u00e9rifier que nous avons des essuie-glaces ou m\u00eame attendre pour finir avec un caf\u00e9 ou acheter un magazine. <strong>La bonne chose \u00e0 propos de cette option est que nous n'avons pas \u00e0 nous d\u00e9tourner beaucoup de notre route<\/strong>.<\/div>\n<div><\/div>\n<div><iframe src=\"https:\/\/www.youtube.com\/embed\/z3iNhR8JJd4\" width=\"100%\" height=\"315\" frameborder=\"0\" allowfullscreen=\"allowfullscreen\"><\/iframe><\/div>\n<div><img decoding=\"async\" style=\"width: 533px; height: 458px;\" src=\"https:\/\/caracolvan.com\/wp-content\/uploads\/2017\/12\/gasolinera-lavadoras.png\" alt=\"\" \/><\/div>\n<div><\/div>\n<h3><strong>Laver les v\u00eatements \u00e0 la main<\/strong><\/h3>\n<div><\/div>\n<div>Nous savons que ce n'est pas le style, mais<strong> c'est le moyen le plus rapide et le plus fiable<\/strong>, en particulier pour les v\u00eatements comme les sous-v\u00eatements ou les chaussettes. \u00c9galement en \u00e9t\u00e9, un T-shirt et un pantalon coup\u00e9 peuvent \u00eatre lav\u00e9s et s\u00e9ch\u00e9s facilement. Donc, vous savez, prenez le savon et faites un bain et donnez-le au poignet.<\/div>\n<div><\/div>\n<div><strong><u>La corde et les pinces sont fournies dans tous les campeurs de Caracolvan!<\/u><\/strong><\/div>\n<div><\/div>\n<div><u><img decoding=\"async\" style=\"width: 533px; height: 458px;\" src=\"https:\/\/caracolvan.com\/wp-content\/uploads\/2017\/12\/lavar-mano-camper.png\" alt=\"\" \/><\/u><\/div>\n<div><\/div>\n<div><\/div>\n<h3><strong>Lavez nos v\u00eatements dans les laveries des campings.<\/strong><\/h3>\n<div><\/div>\n<div><strong>De nombreux campings ont un service de blanchisserie<\/strong> et les campings sont les endroits o\u00f9 nous pouvons trouver plus pr\u00e8s lorsque nous sommes sur la route o\u00f9 nous ne voulons pas \u00eatre dans les centres-villes. Il y a d'autres moments o\u00f9 nous avons d\u00e9cid\u00e9 d'accueillir n<strong>otre camping-car dans un camping<\/strong> pour pouvoir b\u00e9n\u00e9ficier de tous les services qu'il nous offre: propri\u00e9t\u00e9, showe, toilettes, supermarch\u00e9 et autres options comme Wi-Fi, pool, restaurant .. .<\/div>\n<div><\/div>\n<div><img decoding=\"async\" style=\"width: 533px; height: 458px;\" src=\"https:\/\/caracolvan.com\/wp-content\/uploads\/2017\/12\/lavar-ropa-camping.png\" alt=\"\" \/><\/div>\n<div><\/div>\n<h3><strong>Lavez nos v\u00eatements dans des endroits sp\u00e9cialis\u00e9s: laveries locales.<\/strong><\/h3>\n<div><\/div>\n<div>Parfois, nous <strong>ne devons pas bouger beaucoup pour laver nos v\u00eatements<\/strong>. C\u00e1diz a 44 municipalit\u00e9s, o\u00f9 nous trouverons toujours une option qui nous permet de ne pas \u00eatre oblig\u00e9 de d\u00e9m\u00e9nager 50 kilom\u00e8tres simplement pour laver nos v\u00eatements:<\/div>\n<div><\/div>\n<div>Une option \u00e0 C\u00e1diz est <strong>LAVAXPRES:<\/strong><\/div>\n<div><\/div>\n<div>Ils se sont d\u00e9finis comme \"Your Neighborhood Laundry\". EN LIBRE SERVICE. Ouvert toute la journ\u00e9e de 8h00 \u00e0 22h00, 365 jours par an. Laver et s\u00e9cher tous vos v\u00eatements de la semaine en 1 heure.<\/div>\n<div><\/div>\n<div>Vous pouvez le trouver dans -Eolosol - dans le Business Park de Poniente, 8-Nave (rue de la Bulgarie) 11011 C\u00e1diz<\/div>\n<div><\/div>\n<div>Plus d'informations: <a href=\"http:\/\/lavaxpres.com\/localidades\/\">http:\/\/lavaxpres.com\/localidades\/<\/a><\/div>\n<div><\/div>\n<p><iframe style=\"border: 0;\" src=\"https:\/\/www.google.com\/maps\/embed?pb=!1m18!1m12!1m3!1d3206.1215853307217!2d-6.290784684296911!3d36.52706098000571!2m3!1f0!2f0!3f0!3m2!1i1024!2i768!4f13.1!3m3!1m2!1s0xd0dd3d705b7f5df%3A0x442f45e52b316039!2sEolosol!5e0!3m2!1ses!2ses!4v1491377482039\" width=\"100%\" height=\"450\" frameborder=\"0\" allowfullscreen=\"allowfullscreen\"><\/iframe><\/p>\n<div><\/div>\n<h4><strong>Laverie \u00e0 San Fernando: Lave-vaiselle Spoong<\/strong><\/h4>\n<div><\/div>\n<div>\u00c0 San Fernando, on trouve la cuill\u00e8re \u00e0 linge. Il s'agit de la lessive en <strong>libre-service<\/strong> qui a beaucoup d'installations suppl\u00e9mentaires comme <strong>wifi gratuit<\/strong>, climatisation, stationnement pour chien et v\u00e9lo, journaux ...<\/div>\n<div><\/div>\n<div>Son prix est plus attrayant, car vous pouvez <strong>laver 12 kilos de v\u00eatements \u00e0 4 \u20ac<\/strong>. (Le s\u00e9chage est pay\u00e9 s\u00e9par\u00e9ment mais le prix ne d\u00e9passe pas 2 \u20ac.<\/div>\n<div><\/div>\n<div>Ils ont deux centres de lavage: l'un dans la rue Cristo de la Espiraci\u00f3n d'Avda. Le\u00f3n Herrero. \u00c0 c\u00f4t\u00e9 du centre commercial San Fernando Plaza, l'autre centre de lavage se trouve dans la rue Jos\u00e9 Ramos Borrero, 12 (Centro Comercial Atl\u00e1ntida, local 15)<\/div>\n<div><\/div>\n<div>Si vous souhaitez plus d'informations, visitez son site <a href=\"https:\/\/www.spoong.com\/\">https:\/\/www.spoong.com\/<\/a><\/div>\n<div><\/div>\n<div><\/div>\n<div>Une autre option \u00e0 \u00a0San Fernando est <strong>ECO LAVA<\/strong><\/div>\n<div><\/div>\n<div>Eco Lava est une lessive en libre-service que vous pouvez trouver dans la rue Jos\u00e9 Ramos Borrero, Los Olivos (\u00e0 c\u00f4t\u00e9 de Farmacia Ldo. Mar\u00edn Mag\u00e1n) 11100 San Fernando.<\/div>\n<div><\/div>\n<div>Plus d'informations: https:\/\/www.facebook.com\/ecolavasanfernando<\/div>\n<h4><\/h4>\n<h4><strong>Laverie en Tarifaire:<\/strong><\/h4>\n<div><\/div>\n<div>\u00c0 Tarifa, nous pouvons trouver cette blanchisserie parfaite pour tous les amateurs de sports nautiques qui d\u00e9cident d'aller dans cette r\u00e9gion pour les pratiquer. Mais, quel est le meilleur de tous?<strong> Ils ont un service de collecte et de livraison \u00e0 votre domicile ou \u00e0 votre camping-car<\/strong>, dans ce cas: P<\/div>\n<div><\/div>\n<div>Pour cette raison, le prix augmente. <strong>Cependant, avec ce service, vous continuerez \u00e0 profiter de vos vacances en toute tranquillit\u00e9 et vous ne devrez pas d\u00e9placer le campeur pour porter vos v\u00eatements \u00e0 la machine \u00e0 laver.<\/strong><\/div>\n<div><\/div>\n<div><\/div>\n<div><a href=\"https:\/\/www.facebook.com\/Lavanderia-tarifa-410766849088109\/\">Https:\/\/www.facebook.com\/Lavanderia-tarifa-410766849088109\/<\/a><\/div>\n<div><\/div>\n<div><img decoding=\"async\" style=\"width: 533px; height: 711px;\" src=\"https:\/\/caracolvan.com\/wp-content\/uploads\/2017\/12\/lavanderia-tarifa-precios.jpg\" alt=\"\" \/><\/div>\n<div><\/div>\n<div><img decoding=\"async\" style=\"width: 533px; height: 400px;\" src=\"https:\/\/caracolvan.com\/wp-content\/uploads\/2017\/12\/lavanderia-tarifa-camper.jpg\" alt=\"\" \/><\/div>\n<div><\/div>\n<h4><strong>L'auto service de lavage Colada Pluss 1 en Chiclana de la Frontera.<\/strong><\/h4>\n<div><\/div>\n<div>Il y a un linge \u00e0 l'entr\u00e9e de Chiclana, situ\u00e9 dans le polygone. Il est pr\u00e9vu de 9h00 \u00e0 22h00. Vous pouvez le trouver en Av. De los Descubrimiento, 28 (URBISUR 11130 Chiclana de la frontera)<\/div>\n<div><\/div>\n<div>Plus d'informations: <a href=\"http:\/\/www.coladapluss1.com\/\">http:\/\/www.coladapluss1.com\/<\/a><\/div>\n<div><\/div>\n<h4><strong>Lavanderie WASANDRI \u00e0 C\u00e1diz<\/strong><\/h4>\n<div><\/div>\n<div>\n<div>Wasandri Laundry est une lessive en self-service. Il est pr\u00e9vu de 8h00 \u00e0 22h00. Ils ont plusieurs laveries \u00e0 C\u00e1diz.<\/div>\n<div><\/div>\n<div>Vous pouvez avoir plus d'informations dans http:\/\/www.wasandrai.com\/<\/div>\n<div><\/div>\n<div>Ils ont une autre lessive \u00e0 El Puerto de Santa Maria \u00e0 la rue Vald\u00e9s, 21 D.<\/div>\n<div><\/div>\n<div><\/div>\n<p><img decoding=\"async\" style=\"width: 533px; height: 400px;\" src=\"https:\/\/caracolvan.com\/wp-content\/uploads\/2017\/12\/wasandri-lavanderia.jpg\" alt=\"\" \/><\/p>\n<div><\/div>\n<h2><strong>Les id\u00e9es des campeurs concernant le lavage des v\u00eatements<\/strong><\/h2>\n<div><\/div>\n<div>Il y a beaucoup de campeurs qui ont pens\u00e9 \u00e0 ce probl\u00e8me et nous vous avons apport\u00e9 <strong>des solutions int\u00e9ressantes<\/strong> qu'ils ont propos\u00e9es, car certaines d'entre elles <strong>sont tr\u00e8s originales et tr\u00e8s efficaces pour vous aider:<\/strong><\/div>\n<div><\/div>\n<div>1. Voici la solution la plus amusante, <strong>la plus simple et la plus r\u00e9solue<\/strong> (Oui, nous avons test\u00e9): La <strong>\"Zambombalavadora\" <\/strong>cr\u00e9\u00e9e par Alberizo, un utilisateur du forum furgo.org. C'est une invention simple, vous n'avez besoin que d'une poubelle, d'un plongeur et de quatre bandes \u00e9lastiques. Nous n'avons aucune photo sur la description de l'invention \u00e0 lire.<\/div>\n<div><\/div>\n<div>Si vous voulez en savoir plus sur cette invention, voici le lien, assurez-vous que vous ressentez un sourire comme nous lorsque nous avons \u00e9tudi\u00e9 le sujet <a href=\"https:\/\/furgovw.org\/index.php?topic=303872\">Https:\/\/furgovw.org\/index.php?topic=303872<\/a><\/div>\n<div><\/div>\n<div>2. <strong>Une autre invention originale<\/strong> (que nous n'avons pas prouv\u00e9e, nous ne savons pas si c'est dangereux) est une id\u00e9e d'Amikoj. Il consiste \u00e0 utiliser la chaleur du moteur pour laver les v\u00eatements avec de l'eau chaude afin que les cam\u00e9ras puissent \u00e9conomiser de l'espace.<\/div>\n<div><\/div>\n<div>Pour plus d'informations: <a href=\"https:\/\/www.furgovw.org\/index.php?topic=312195.msg3886471#msg3886471\">https:\/\/www.furgovw.org\/index.php?topic=312195.msg3886471#msg3886471<\/a><\/div>\n<div><\/div>\n<div><img decoding=\"async\" style=\"width: 533px; height: 533px;\" src=\"https:\/\/caracolvan.com\/wp-content\/uploads\/2017\/12\/lavadora-forero-post.jpg\" alt=\"\" \/><\/div>\n<div><\/div>\n<div><img decoding=\"async\" style=\"width: 533px; height: 426px;\" src=\"https:\/\/caracolvan.com\/wp-content\/uploads\/2017\/12\/motor-lavadora-camper.png\" alt=\"\" \/><\/div>\n<div><\/div>\n<div><img decoding=\"async\" style=\"width: 533px; height: 426px;\" src=\"https:\/\/caracolvan.com\/wp-content\/uploads\/2017\/12\/motor-lavadora-furgo.png\" alt=\"\" \/><\/div>\n<div><\/div>\n<div><strong>Sur Internet, il y a des milliers d'id\u00e9es pour cr\u00e9er des machines \u00e0 laver <\/strong>maison chacune de ses plus amusantes. Toutefois, si aucun d'entre eux ne vous a convaincu, il existe d'autres options que nous vous pr\u00e9sentons ci-dessous:<\/div>\n<div><\/div>\n<h2><strong>Rondelles portatives<\/strong><\/h2>\n<div><\/div>\n<div>Une fa\u00e7on alternative est <strong>d'acheter une machine \u00e0 laver portative<\/strong> pour votre fourgonnette, de sorte que vous ne d\u00e9pendez pas d'aller dans d'autres endroits et vous pouvez laver vos v\u00eatements quand vous le souhaitez. Bien que beaucoup d'entre eux aient <strong>besoin d'\u00e9lectricit\u00e9<\/strong> pour travailler, d'autres ont besoin de <strong>votre force pour d\u00e9placer une manivelle ou une p\u00e9dale.<\/strong><\/div>\n<div><\/div>\n<div><strong>Vous pouvez trouver diff\u00e9rentes machines \u00e0 laver portables sur le march\u00e9<\/strong>, avec une capacit\u00e9 allant jusqu'\u00e0 9,5 Kg. Si vous avez un ven, nous vous recommandons de faire en sorte que l'un soit plus \u00e0 l'aise et pour \u00e9conomiser de l'argent \u00e0 long terme. Cependant, si vous allez louer une camionnette ou faire un seul long voyage par an, nous avons pens\u00e9 que cela Soyez plus utile pour utiliser une des options que nous avons soumises avant.<\/div>\n<div><\/div>\n<div>Plus d'informations: <a href=\"https:\/\/www.bipandbip.com\/lavadoras-portatiles\/\">Https:\/\/www.bipandbip.com\/lavadoras-portatiles\/<\/a><\/div>\n<div><img decoding=\"async\" style=\"width: 533px; height: 458px;\" src=\"https:\/\/caracolvan.com\/wp-content\/uploads\/2017\/12\/lavadoras-portatiles-muchas.png\" alt=\"\" \/><\/div>\n<div><\/div>\n<div>L'un des meilleurs produits que nous avons trouv\u00e9s sur le net est la rondelle portative pour le camping de 2,5 kg de la marque Tangarus. Dans sa description, il indique qu'il est con\u00e7u pour laver et faire tourner vos v\u00eatements et il n'a pas besoin d'intallation, ce qu'il est parfait pour les bateaux, les caravanes et le camping. De plus, il est tr\u00e8s \u00e9cologique et efficace.<\/div>\n<div><\/div>\n<div>Vous pouvez acc\u00e9der au Web, voir plus d'informations et une vid\u00e9o YouTube: Https:\/\/www.bipandbip.com\/lavadoras-portatiles\/lavadora- portatil-cadiz- id\u00e9al-para-camping-25kg.html<\/div>\n<div><img decoding=\"async\" style=\"width: 533px; height: 533px;\" src=\"https:\/\/caracolvan.com\/wp-content\/uploads\/2017\/12\/lavadora-portatil-cadiz-ideal-para-camping-25kg.jpg\" alt=\"\" \/><\/div>\n<div><\/div>\n<div><strong>Machine \u00e0 laver Portable Oko:<\/strong> \u00e9cologique et manuelle.<\/div>\n<div><\/div>\n<div><strong>Il fonctionne en tournant une manivelle<\/strong>, qui tourne le tambour. En quelques minutes, nous pouvons pr\u00e9parer le linge.<\/div>\n<div>Parmi ses caract\u00e9ristiques, il faut une quantit\u00e9 minimale de d\u00e9tergent, ir admet jusqu'\u00e0 2,2 kg de v\u00eatements et vous n'avez besoin que de 6 litres d'eau pour couvrir. C'est parfait pour le camping, le camping ...<\/div>\n<div><\/div>\n<div><img decoding=\"async\" style=\"width: 533px; height: 533px;\" src=\"https:\/\/caracolvan.com\/wp-content\/uploads\/2017\/12\/lavadora-manivela.JPG\" alt=\"\" \/><\/div>\n<p><span style=\"display: none;\">\u00a0<\/span><\/p>\n<h2>\n<strong><span style=\"font-family: Arial; font-size: 12px; font-style: normal; font-variant-ligatures: normal; font-variant-caps: normal; font-weight: normal;\"><span id=\"cke_bm_305E\" style=\"display: none;\">\u00a0<\/span><\/span><\/strong><\/h2>\n<p><span style=\"display: none;\">\u00a0<\/span><\/p>\n<h2><strong>Collaborez-vous avec nous?<\/strong><\/h2>\n<div><\/div>\n<div><span style=\"font-family: Arial; font-size: 12px; font-style: normal; font-variant-ligatures: normal; font-variant-caps: normal; font-weight: normal;\">Ici termine notre poste, nous esp\u00e9rons avons apport\u00e9 un sourire \u00e0 cette question et ont dissip\u00e9 quelques doutes surtout voyageons nous sommes campeus et nous voulons que nos v\u00eatements propes. <\/span><\/div>\n<div><\/div>\n<div><span style=\"font-family: Arial; font-size: 12px; font-style: normal; font-variant-ligatures: normal; font-variant-caps: normal; font-weight: normal;\">Si vous connaissez des endroits plus pour faire la lessive par la r\u00e9gion de Cadiz, <strong>nous aimerions nous escribierais bien \u00e0 l'avenir,<\/strong> nous pouvons faire concr\u00e8te avec tous les points qui vont se lvaer et avis des utilisateurs comme prix, parking, ce qui faire pendant que nous laver les v\u00eatement...<\/span><\/div>\n<div><\/div>\n<div><img decoding=\"async\" style=\"width: 533px; height: 426px;\" src=\"https:\/\/caracolvan.com\/wp-content\/uploads\/2017\/12\/caracol-viaje-campers.jpg\" alt=\"\" \/><\/div>\n<div><\/div>\n<div><\/div>\n<\/div>\n<\/div>\n<p>&nbsp;<\/p>\n","protected":false},"excerpt":{"rendered":"<p>&nbsp; Parfois, lorsque nous faisons des itin\u00e9raires plus d'une semaine,  [...]<\/p>\n","protected":false},"author":4,"featured_media":3584,"comment_status":"closed","ping_status":"open","sticky":false,"template":"","format":"standard","meta":{"_joinchat":[],"footnotes":""},"categories":[36],"tags":[],"class_list":["post-3583","post","type-post","status-publish","format-standard","has-post-thumbnail","hentry","category-conseils-camper"],"yoast_head":"<!-- This site is optimized with the Yoast SEO Premium plugin v27.2 (Yoast SEO v27.2) - https:\/\/yoast.com\/product\/yoast-seo-premium-wordpress\/ -->\n<title>Comment se laver les v\u00eatements en voyageant en van en Espagne - Caracolvan<\/title>\n<meta name=\"description\" content=\"Parfois, lorsque nous faisons des itin\u00e9raires plus d&#039;une semaine, nous ne pouvons pas conditionner les v\u00eatements pour tous les jours, car l&#039;espace dans notre camper est limit\u00e9, et nous devons recourir \u00e0 laver les v\u00eatements que nous pouvons transporter.\" \/>\n<meta name=\"robots\" content=\"index, follow, max-snippet:-1, max-image-preview:large, max-video-preview:-1\" \/>\n<link rel=\"canonical\" href=\"https:\/\/caracolvan.com\/fr\/comment-se-laver-les-vetements-en-voyageant-en-van-en-espagne\/\" \/>\n<meta property=\"og:locale\" content=\"fr_FR\" \/>\n<meta property=\"og:type\" content=\"article\" \/>\n<meta property=\"og:title\" content=\"Comment se laver les v\u00eatements en voyageant en van en Espagne\" \/>\n<meta property=\"og:description\" content=\"Parfois, lorsque nous faisons des itin\u00e9raires plus d&#039;une semaine, nous ne pouvons pas conditionner les v\u00eatements pour tous les jours, car l&#039;espace dans notre camper est limit\u00e9, et nous devons recourir \u00e0 laver les v\u00eatements que nous pouvons transporter.\" \/>\n<meta property=\"og:url\" content=\"https:\/\/caracolvan.com\/fr\/comment-se-laver-les-vetements-en-voyageant-en-van-en-espagne\/\" \/>\n<meta property=\"og:site_name\" content=\"Alquiler Camper Rental - Caracolvan\" \/>\n<meta property=\"article:publisher\" content=\"https:\/\/www.facebook.com\/Caracolvan\/\" \/>\n<meta property=\"article:published_time\" content=\"2017-12-27T23:57:09+00:00\" \/>\n<meta property=\"article:modified_time\" content=\"2018-05-14T08:44:44+00:00\" \/>\n<meta property=\"og:image\" content=\"https:\/\/caracolvan.com\/wp-content\/uploads\/2017\/12\/lavar-ropa-caravana-tendedero-2.jpg\" \/>\n\t<meta property=\"og:image:width\" content=\"1368\" \/>\n\t<meta property=\"og:image:height\" content=\"1026\" \/>\n\t<meta property=\"og:image:type\" content=\"image\/jpeg\" \/>\n<meta name=\"author\" content=\"Nacho Fern\u00e1ndez del Blanco\" \/>\n<meta name=\"twitter:card\" content=\"summary_large_image\" \/>\n<meta name=\"twitter:creator\" content=\"@Caracolvan\" \/>\n<meta name=\"twitter:site\" content=\"@Caracolvan\" \/>\n<meta name=\"twitter:label1\" content=\"\u00c9crit par\" \/>\n\t<meta name=\"twitter:data1\" content=\"Nacho Fern\u00e1ndez del Blanco\" \/>\n\t<meta name=\"twitter:label2\" content=\"Dur\u00e9e de lecture estim\u00e9e\" \/>\n\t<meta name=\"twitter:data2\" content=\"8 minutes\" \/>\n<script type=\"application\/ld+json\" class=\"yoast-schema-graph\">{\"@context\":\"https:\/\/schema.org\",\"@graph\":[{\"@type\":\"Article\",\"@id\":\"https:\/\/caracolvan.com\/fr\/comment-se-laver-les-vetements-en-voyageant-en-van-en-espagne\/#article\",\"isPartOf\":{\"@id\":\"https:\/\/caracolvan.com\/fr\/comment-se-laver-les-vetements-en-voyageant-en-van-en-espagne\/\"},\"author\":{\"name\":\"Nacho Fern\u00e1ndez del Blanco\",\"@id\":\"https:\/\/caracolvan.com\/fr\/#\/schema\/person\/4082cf95fd1be29a0f617f570d486970\"},\"headline\":\"Comment se laver les v\u00eatements en voyageant en van en Espagne\",\"datePublished\":\"2017-12-27T23:57:09+00:00\",\"dateModified\":\"2018-05-14T08:44:44+00:00\",\"mainEntityOfPage\":{\"@id\":\"https:\/\/caracolvan.com\/fr\/comment-se-laver-les-vetements-en-voyageant-en-van-en-espagne\/\"},\"wordCount\":1639,\"publisher\":{\"@id\":\"https:\/\/caracolvan.com\/fr\/#organization\"},\"image\":{\"@id\":\"https:\/\/caracolvan.com\/fr\/comment-se-laver-les-vetements-en-voyageant-en-van-en-espagne\/#primaryimage\"},\"thumbnailUrl\":\"https:\/\/caracolvan.com\/wp-content\/uploads\/2017\/12\/lavar-ropa-caravana-tendedero-2.jpg\",\"articleSection\":[\"Conseils Camper\"],\"inLanguage\":\"fr-FR\"},{\"@type\":\"WebPage\",\"@id\":\"https:\/\/caracolvan.com\/fr\/comment-se-laver-les-vetements-en-voyageant-en-van-en-espagne\/\",\"url\":\"https:\/\/caracolvan.com\/fr\/comment-se-laver-les-vetements-en-voyageant-en-van-en-espagne\/\",\"name\":\"Comment se laver les v\u00eatements en voyageant en van en Espagne - Caracolvan\",\"isPartOf\":{\"@id\":\"https:\/\/caracolvan.com\/fr\/#website\"},\"primaryImageOfPage\":{\"@id\":\"https:\/\/caracolvan.com\/fr\/comment-se-laver-les-vetements-en-voyageant-en-van-en-espagne\/#primaryimage\"},\"image\":{\"@id\":\"https:\/\/caracolvan.com\/fr\/comment-se-laver-les-vetements-en-voyageant-en-van-en-espagne\/#primaryimage\"},\"thumbnailUrl\":\"https:\/\/caracolvan.com\/wp-content\/uploads\/2017\/12\/lavar-ropa-caravana-tendedero-2.jpg\",\"datePublished\":\"2017-12-27T23:57:09+00:00\",\"dateModified\":\"2018-05-14T08:44:44+00:00\",\"description\":\"Parfois, lorsque nous faisons des itin\u00e9raires plus d'une semaine, nous ne pouvons pas conditionner les v\u00eatements pour tous les jours, car l'espace dans notre camper est limit\u00e9, et nous devons recourir \u00e0 laver les v\u00eatements que nous pouvons transporter.\",\"breadcrumb\":{\"@id\":\"https:\/\/caracolvan.com\/fr\/comment-se-laver-les-vetements-en-voyageant-en-van-en-espagne\/#breadcrumb\"},\"inLanguage\":\"fr-FR\",\"potentialAction\":[{\"@type\":\"ReadAction\",\"target\":[\"https:\/\/caracolvan.com\/fr\/comment-se-laver-les-vetements-en-voyageant-en-van-en-espagne\/\"]}]},{\"@type\":\"ImageObject\",\"inLanguage\":\"fr-FR\",\"@id\":\"https:\/\/caracolvan.com\/fr\/comment-se-laver-les-vetements-en-voyageant-en-van-en-espagne\/#primaryimage\",\"url\":\"https:\/\/caracolvan.com\/wp-content\/uploads\/2017\/12\/lavar-ropa-caravana-tendedero-2.jpg\",\"contentUrl\":\"https:\/\/caracolvan.com\/wp-content\/uploads\/2017\/12\/lavar-ropa-caravana-tendedero-2.jpg\",\"width\":1368,\"height\":1026,\"caption\":\"Laver les v\u00eatements et la corde \u00e0 linge dans le camping\"},{\"@type\":\"BreadcrumbList\",\"@id\":\"https:\/\/caracolvan.com\/fr\/comment-se-laver-les-vetements-en-voyageant-en-van-en-espagne\/#breadcrumb\",\"itemListElement\":[{\"@type\":\"ListItem\",\"position\":1,\"name\":\"Portada\",\"item\":\"https:\/\/caracolvan.com\/fr\/\"},{\"@type\":\"ListItem\",\"position\":2,\"name\":\"Comment se laver les v\u00eatements en voyageant en van en Espagne\"}]},{\"@type\":\"WebSite\",\"@id\":\"https:\/\/caracolvan.com\/fr\/#website\",\"url\":\"https:\/\/caracolvan.com\/fr\/\",\"name\":\"Alquiler Camper Rental - Caracolvan\",\"description\":\"Alquiler de furgonetas camper y autocaravanas\",\"publisher\":{\"@id\":\"https:\/\/caracolvan.com\/fr\/#organization\"},\"potentialAction\":[{\"@type\":\"SearchAction\",\"target\":{\"@type\":\"EntryPoint\",\"urlTemplate\":\"https:\/\/caracolvan.com\/fr\/?s={search_term_string}\"},\"query-input\":{\"@type\":\"PropertyValueSpecification\",\"valueRequired\":true,\"valueName\":\"search_term_string\"}}],\"inLanguage\":\"fr-FR\"},{\"@type\":\"Organization\",\"@id\":\"https:\/\/caracolvan.com\/fr\/#organization\",\"name\":\"Caracolvan\",\"url\":\"https:\/\/caracolvan.com\/fr\/\",\"logo\":{\"@type\":\"ImageObject\",\"inLanguage\":\"fr-FR\",\"@id\":\"https:\/\/caracolvan.com\/fr\/#\/schema\/logo\/image\/\",\"url\":\"https:\/\/caracolvan.com\/wp-content\/uploads\/2023\/08\/caracolvan-logotipo.jpg\",\"contentUrl\":\"https:\/\/caracolvan.com\/wp-content\/uploads\/2023\/08\/caracolvan-logotipo.jpg\",\"width\":696,\"height\":696,\"caption\":\"Caracolvan\"},\"image\":{\"@id\":\"https:\/\/caracolvan.com\/fr\/#\/schema\/logo\/image\/\"},\"sameAs\":[\"https:\/\/www.facebook.com\/Caracolvan\/\",\"https:\/\/x.com\/Caracolvan\"]},{\"@type\":\"Person\",\"@id\":\"https:\/\/caracolvan.com\/fr\/#\/schema\/person\/4082cf95fd1be29a0f617f570d486970\",\"name\":\"Nacho Fern\u00e1ndez del Blanco\",\"image\":{\"@type\":\"ImageObject\",\"inLanguage\":\"fr-FR\",\"@id\":\"https:\/\/secure.gravatar.com\/avatar\/5f8fedd8535cdaa35a42bf0efb2be3e81fcaa7f2be2f6f0c41a988485f85d39d?s=96&d=mm&r=g\",\"url\":\"https:\/\/secure.gravatar.com\/avatar\/5f8fedd8535cdaa35a42bf0efb2be3e81fcaa7f2be2f6f0c41a988485f85d39d?s=96&d=mm&r=g\",\"contentUrl\":\"https:\/\/secure.gravatar.com\/avatar\/5f8fedd8535cdaa35a42bf0efb2be3e81fcaa7f2be2f6f0c41a988485f85d39d?s=96&d=mm&r=g\",\"caption\":\"Nacho Fern\u00e1ndez del Blanco\"},\"url\":\"https:\/\/caracolvan.com\/fr\/author\/nacho\/\"}]}<\/script>\n<!-- \/ Yoast SEO Premium plugin. -->","yoast_head_json":{"title":"Comment se laver les v\u00eatements en voyageant en van en Espagne - Caracolvan","description":"Parfois, lorsque nous faisons des itin\u00e9raires plus d'une semaine, nous ne pouvons pas conditionner les v\u00eatements pour tous les jours, car l'espace dans notre camper est limit\u00e9, et nous devons recourir \u00e0 laver les v\u00eatements que nous pouvons transporter.","robots":{"index":"index","follow":"follow","max-snippet":"max-snippet:-1","max-image-preview":"max-image-preview:large","max-video-preview":"max-video-preview:-1"},"canonical":"https:\/\/caracolvan.com\/fr\/comment-se-laver-les-vetements-en-voyageant-en-van-en-espagne\/","og_locale":"fr_FR","og_type":"article","og_title":"Comment se laver les v\u00eatements en voyageant en van en Espagne","og_description":"Parfois, lorsque nous faisons des itin\u00e9raires plus d'une semaine, nous ne pouvons pas conditionner les v\u00eatements pour tous les jours, car l'espace dans notre camper est limit\u00e9, et nous devons recourir \u00e0 laver les v\u00eatements que nous pouvons transporter.","og_url":"https:\/\/caracolvan.com\/fr\/comment-se-laver-les-vetements-en-voyageant-en-van-en-espagne\/","og_site_name":"Alquiler Camper Rental - Caracolvan","article_publisher":"https:\/\/www.facebook.com\/Caracolvan\/","article_published_time":"2017-12-27T23:57:09+00:00","article_modified_time":"2018-05-14T08:44:44+00:00","og_image":[{"width":1368,"height":1026,"url":"https:\/\/caracolvan.com\/wp-content\/uploads\/2017\/12\/lavar-ropa-caravana-tendedero-2.jpg","type":"image\/jpeg"}],"author":"Nacho Fern\u00e1ndez del Blanco","twitter_card":"summary_large_image","twitter_creator":"@Caracolvan","twitter_site":"@Caracolvan","twitter_misc":{"\u00c9crit par":"Nacho Fern\u00e1ndez del Blanco","Dur\u00e9e de lecture estim\u00e9e":"8 minutes"},"schema":{"@context":"https:\/\/schema.org","@graph":[{"@type":"Article","@id":"https:\/\/caracolvan.com\/fr\/comment-se-laver-les-vetements-en-voyageant-en-van-en-espagne\/#article","isPartOf":{"@id":"https:\/\/caracolvan.com\/fr\/comment-se-laver-les-vetements-en-voyageant-en-van-en-espagne\/"},"author":{"name":"Nacho Fern\u00e1ndez del Blanco","@id":"https:\/\/caracolvan.com\/fr\/#\/schema\/person\/4082cf95fd1be29a0f617f570d486970"},"headline":"Comment se laver les v\u00eatements en voyageant en van en Espagne","datePublished":"2017-12-27T23:57:09+00:00","dateModified":"2018-05-14T08:44:44+00:00","mainEntityOfPage":{"@id":"https:\/\/caracolvan.com\/fr\/comment-se-laver-les-vetements-en-voyageant-en-van-en-espagne\/"},"wordCount":1639,"publisher":{"@id":"https:\/\/caracolvan.com\/fr\/#organization"},"image":{"@id":"https:\/\/caracolvan.com\/fr\/comment-se-laver-les-vetements-en-voyageant-en-van-en-espagne\/#primaryimage"},"thumbnailUrl":"https:\/\/caracolvan.com\/wp-content\/uploads\/2017\/12\/lavar-ropa-caravana-tendedero-2.jpg","articleSection":["Conseils Camper"],"inLanguage":"fr-FR"},{"@type":"WebPage","@id":"https:\/\/caracolvan.com\/fr\/comment-se-laver-les-vetements-en-voyageant-en-van-en-espagne\/","url":"https:\/\/caracolvan.com\/fr\/comment-se-laver-les-vetements-en-voyageant-en-van-en-espagne\/","name":"Comment se laver les v\u00eatements en voyageant en van en Espagne - Caracolvan","isPartOf":{"@id":"https:\/\/caracolvan.com\/fr\/#website"},"primaryImageOfPage":{"@id":"https:\/\/caracolvan.com\/fr\/comment-se-laver-les-vetements-en-voyageant-en-van-en-espagne\/#primaryimage"},"image":{"@id":"https:\/\/caracolvan.com\/fr\/comment-se-laver-les-vetements-en-voyageant-en-van-en-espagne\/#primaryimage"},"thumbnailUrl":"https:\/\/caracolvan.com\/wp-content\/uploads\/2017\/12\/lavar-ropa-caravana-tendedero-2.jpg","datePublished":"2017-12-27T23:57:09+00:00","dateModified":"2018-05-14T08:44:44+00:00","description":"Parfois, lorsque nous faisons des itin\u00e9raires plus d'une semaine, nous ne pouvons pas conditionner les v\u00eatements pour tous les jours, car l'espace dans notre camper est limit\u00e9, et nous devons recourir \u00e0 laver les v\u00eatements que nous pouvons transporter.","breadcrumb":{"@id":"https:\/\/caracolvan.com\/fr\/comment-se-laver-les-vetements-en-voyageant-en-van-en-espagne\/#breadcrumb"},"inLanguage":"fr-FR","potentialAction":[{"@type":"ReadAction","target":["https:\/\/caracolvan.com\/fr\/comment-se-laver-les-vetements-en-voyageant-en-van-en-espagne\/"]}]},{"@type":"ImageObject","inLanguage":"fr-FR","@id":"https:\/\/caracolvan.com\/fr\/comment-se-laver-les-vetements-en-voyageant-en-van-en-espagne\/#primaryimage","url":"https:\/\/caracolvan.com\/wp-content\/uploads\/2017\/12\/lavar-ropa-caravana-tendedero-2.jpg","contentUrl":"https:\/\/caracolvan.com\/wp-content\/uploads\/2017\/12\/lavar-ropa-caravana-tendedero-2.jpg","width":1368,"height":1026,"caption":"Laver les v\u00eatements et la corde \u00e0 linge dans le camping"},{"@type":"BreadcrumbList","@id":"https:\/\/caracolvan.com\/fr\/comment-se-laver-les-vetements-en-voyageant-en-van-en-espagne\/#breadcrumb","itemListElement":[{"@type":"ListItem","position":1,"name":"Portada","item":"https:\/\/caracolvan.com\/fr\/"},{"@type":"ListItem","position":2,"name":"Comment se laver les v\u00eatements en voyageant en van en Espagne"}]},{"@type":"WebSite","@id":"https:\/\/caracolvan.com\/fr\/#website","url":"https:\/\/caracolvan.com\/fr\/","name":"Alquiler Camper Rental - Caracolvan","description":"Alquiler de furgonetas camper y autocaravanas","publisher":{"@id":"https:\/\/caracolvan.com\/fr\/#organization"},"potentialAction":[{"@type":"SearchAction","target":{"@type":"EntryPoint","urlTemplate":"https:\/\/caracolvan.com\/fr\/?s={search_term_string}"},"query-input":{"@type":"PropertyValueSpecification","valueRequired":true,"valueName":"search_term_string"}}],"inLanguage":"fr-FR"},{"@type":"Organization","@id":"https:\/\/caracolvan.com\/fr\/#organization","name":"Caracolvan","url":"https:\/\/caracolvan.com\/fr\/","logo":{"@type":"ImageObject","inLanguage":"fr-FR","@id":"https:\/\/caracolvan.com\/fr\/#\/schema\/logo\/image\/","url":"https:\/\/caracolvan.com\/wp-content\/uploads\/2023\/08\/caracolvan-logotipo.jpg","contentUrl":"https:\/\/caracolvan.com\/wp-content\/uploads\/2023\/08\/caracolvan-logotipo.jpg","width":696,"height":696,"caption":"Caracolvan"},"image":{"@id":"https:\/\/caracolvan.com\/fr\/#\/schema\/logo\/image\/"},"sameAs":["https:\/\/www.facebook.com\/Caracolvan\/","https:\/\/x.com\/Caracolvan"]},{"@type":"Person","@id":"https:\/\/caracolvan.com\/fr\/#\/schema\/person\/4082cf95fd1be29a0f617f570d486970","name":"Nacho Fern\u00e1ndez del Blanco","image":{"@type":"ImageObject","inLanguage":"fr-FR","@id":"https:\/\/secure.gravatar.com\/avatar\/5f8fedd8535cdaa35a42bf0efb2be3e81fcaa7f2be2f6f0c41a988485f85d39d?s=96&d=mm&r=g","url":"https:\/\/secure.gravatar.com\/avatar\/5f8fedd8535cdaa35a42bf0efb2be3e81fcaa7f2be2f6f0c41a988485f85d39d?s=96&d=mm&r=g","contentUrl":"https:\/\/secure.gravatar.com\/avatar\/5f8fedd8535cdaa35a42bf0efb2be3e81fcaa7f2be2f6f0c41a988485f85d39d?s=96&d=mm&r=g","caption":"Nacho Fern\u00e1ndez del Blanco"},"url":"https:\/\/caracolvan.com\/fr\/author\/nacho\/"}]}},"_links":{"self":[{"href":"https:\/\/caracolvan.com\/fr\/wp-json\/wp\/v2\/posts\/3583","targetHints":{"allow":["GET"]}}],"collection":[{"href":"https:\/\/caracolvan.com\/fr\/wp-json\/wp\/v2\/posts"}],"about":[{"href":"https:\/\/caracolvan.com\/fr\/wp-json\/wp\/v2\/types\/post"}],"author":[{"embeddable":true,"href":"https:\/\/caracolvan.com\/fr\/wp-json\/wp\/v2\/users\/4"}],"replies":[{"embeddable":true,"href":"https:\/\/caracolvan.com\/fr\/wp-json\/wp\/v2\/comments?post=3583"}],"version-history":[{"count":2,"href":"https:\/\/caracolvan.com\/fr\/wp-json\/wp\/v2\/posts\/3583\/revisions"}],"predecessor-version":[{"id":6873,"href":"https:\/\/caracolvan.com\/fr\/wp-json\/wp\/v2\/posts\/3583\/revisions\/6873"}],"wp:featuredmedia":[{"embeddable":true,"href":"https:\/\/caracolvan.com\/fr\/wp-json\/wp\/v2\/media\/3584"}],"wp:attachment":[{"href":"https:\/\/caracolvan.com\/fr\/wp-json\/wp\/v2\/media?parent=3583"}],"wp:term":[{"taxonomy":"category","embeddable":true,"href":"https:\/\/caracolvan.com\/fr\/wp-json\/wp\/v2\/categories?post=3583"},{"taxonomy":"post_tag","embeddable":true,"href":"https:\/\/caracolvan.com\/fr\/wp-json\/wp\/v2\/tags?post=3583"}],"curies":[{"name":"wp","href":"https:\/\/api.w.org\/{rel}","templated":true}]}}